{"id":798,"date":"2020-01-23T11:36:43","date_gmt":"2020-01-23T10:36:43","guid":{"rendered":"http:\/\/physio.de.korti.me\/?p=798"},"modified":"2020-01-23T18:34:27","modified_gmt":"2020-01-23T17:34:27","slug":"jahreshauptversammlung-der-buergerliste-fwg-linsengericht","status":"publish","type":"post","link":"https:\/\/www.buergerliste-linsengericht.de\/index.php\/2020\/01\/23\/jahreshauptversammlung-der-buergerliste-fwg-linsengericht\/","title":{"rendered":"Jahreshauptversammlung der B\u00fcrgerliste\/FWG Linsengericht"},"content":{"rendered":"<p>14.04.2019<\/p>\n<p>K\u00fcrzlich hatte der Vorstand zur diesj\u00e4hrigen Jahreshauptversammlung der Linsengerichter Freien W\u00e4hler in die Gastst\u00e4tte \u201eCaesars K\u00fcche\u201c in Altenha\u00dflau eingeladen. Begr\u00fc\u00dft wurden die zahlreich erschienenen Mitglieder vom Vorsitzenden Heinz Breitenbach, der Ehrenb\u00fcrgermeister Theodor Ratzka, Ortsvorsteherin Ingrid Schmidt, sowie Joachim Ludwig von der GNZ besonders hervorhob und sodann die fristgerechte Einladung und Beschlussf\u00e4higkeit der Versammlung feststellte. Zur Totenehrung der verstorbenen Mitglieder Elli Wendt und Herbert Sch\u00fcch erhoben sich alle Anwesenden, w\u00e4hrenddessen Breitenbach deren Wirken f\u00fcr die B\u00fcrgerliste noch einmal Revue passieren lie\u00df.<!--more--><\/p>\n<p><img loading=\"lazy\" decoding=\"async\" class=\"alignleft size-full wp-image-800\" src=\"https:\/\/www.buergerliste-linsengericht.de\/wp-content\/uploads\/2020\/01\/20190414a.jpg\" alt=\"\" width=\"375\" height=\"563\" srcset=\"https:\/\/www.buergerliste-linsengericht.de\/wp-content\/uploads\/2020\/01\/20190414a.jpg 375w, https:\/\/www.buergerliste-linsengericht.de\/wp-content\/uploads\/2020\/01\/20190414a-200x300.jpg 200w\" sizes=\"(max-width: 375px) 100vw, 375px\" \/>Heinz Breitenbach berichtete danach in seinem Jahresbericht als 1. Vorsitzender von den Aktivit\u00e4ten der B\u00fcrgerliste seit der Jahreshauptversammlung im letzten Fr\u00fchjahr, darunter \u00fcber den 32. BGL-Familientag am 3. Oktober in L\u00fctzelhausen mit Wanderung, die Besichtigungen im Dorfgemeinschaftshaus Gr\u00fcndau-Gettenbach und im Kinzig Valley in Gelnhausen, sowie \u00fcber den 14. Kommunalpolitischen Aschermittwoch Anfang M\u00e4rz im Geislitzer Hasenheim. Er nutzte die Jahreshauptversammlung um allen hieran beteiligten Helfern \u201evor und hinter den Kulissen\u201c noch einmal herzlich zu danken. Unterst\u00fctzt wurde er bei seinen Bericht w\u00e4hrend der gesamten Versammlung einmal mehr durch eine Pr\u00e4sentation von Pressewart Sebastian Dein mit entsprechenden Informationen und Bildern.<\/p>\n<p>Im Juni hatte Gisela Bohlender, die 2. Vorsitzende der B\u00fcrgerliste, die zudem schon jahrzehntelang in verschiedenen gemeindlichen Gremien t\u00e4tig ist, auf Antrag der BGL den Ehrenbrief des Landes Hessen von Landrat Thorsten Stolz \u00fcberreicht bekommen, was Breitenbach ebenfalls noch einmal hervorhob.<\/p>\n<p>Auch in diesem Jahr plane die B\u00fcrgerliste noch einige Besuche und Besichtigungen bei heimischen Betrieben, Vereinen und Einrichtungen, so Breitenbach, der sodann das Wort an Kassierer Klaus Balzer \u00fcbergab. Dieser hielt nun seinen Kassenbericht und legte \u00fcber die gr\u00f6\u00dften Einnahme- und Ausgabepositionen Rechenschaft ab. Kassenpr\u00fcfer Karlfred Seifert, der die Kasse mit Karl-J\u00fcrgen Zellmann gepr\u00fcft hatte, bescheinigte Klaus Balzer eine einwandfreie Kassenf\u00fchrung und beantragte die Entlastung des gesamten Vorstandes, die von der Versammlung auch einstimmig erteilt wurde.<\/p>\n<p>Aufgrund der Datenschutzgrundverordnung (DSGVO) der Europ\u00e4ischen Union waren alle BGL-Mitglieder per Post zur Versammlung eingeladen worden und erhielten mit der Einladung ein entsprechendes Informationsblatt. Das Regelwerk machte es auch n\u00f6tig, ein Vorstandsmitglied als Datenschutzbeauftragten zu bestellen. Diese Funktion \u00fcbernahm dankenswerterweise Wilfried Straub zus\u00e4tzlich zu seinem Vorstandsamt als stellvertretender Kassierer der B\u00fcrgerliste.<\/p>\n<p>Die nahende B\u00fcrgermeisterwahl und die Kommunalwahlen 2021 werden den Vorstand und die Mitglieder der BGL in den n\u00e4chsten Monaten ebenfalls intensiv besch\u00e4ftigen, zudem gelte es, immer wieder gerade auch j\u00fcngere Menschen an die Kommunalpolitik heranzuf\u00fchren.<\/p>\n<p>In seinem Bericht als Fraktionsvorsitzender sprach Heinz Breitenbach nun zahlreiche aktuelle politische Themen aus den Linsengerichter Ortsteilen an, nachdem er die gro\u00dfen Themen aus dem Doppelhaushalt 2019\/2020 bereits am Aschermittwoch umfassend dargelegt hatte.<\/p>\n<p>Darunter waren aus Altenha\u00dflau die Dauerthemen Unterfrankenstra\u00dfe, Gremp\u00b4sches Haus, Aufzug im B\u00fcrgersaal und das neue Thema der Ortskernentwicklung im Rahmen einer interfraktionellen Arbeitsgruppe mit Fachhochschulstudenten.<\/p>\n<p>In Eidenges\u00e4\u00df wird nach den gr\u00f6\u00dferen Investitionen der letzten Jahre in den dortigen B\u00fcrgersaal und den neuen Waldkindergarten nun das Festplatzhaus saniert. Ebenso bleiben in beiden Ortsteilen die mittelfristige Umstellung auf Ganztagsschulen ein wichtiges Thema f\u00fcr die Gemeinde, wobei in Eidenges\u00e4\u00df zudem der Bolzplatz an der Schule durch den Main-Kinzig-Kreis saniert werden m\u00fcsse.<\/p>\n<p>Unverst\u00e4ndnis gegen\u00fcber dem Deutschen Jugendherbergswerk \u00e4u\u00dferte Breitenbach hinsichtlich dessen Verkaufspl\u00e4nen f\u00fcr die Jugendherberge Geislitz: \u201eObwohl der Main-Kinzig-Kreis und die Gemeinde Linsengericht eine Million Euro zur Sanierung der Jugendherberge Geislitz zur Verf\u00fcgung stellen wollen, sieht sich das DJH offenbar nicht in der Lage, eine Finanzierungsl\u00fccke von 200.000 Euro zu schlie\u00dfen, um den Erhalt des Geb\u00e4udes und die Sicherstellung des Betriebes sicherzustellen. Auch das Land Hessen lehnt eine finanzielle Unterst\u00fctzung des Projektes ab. Diese Entwicklung bedauern wir sehr, denn mit dem Verkauf des Geb\u00e4udes verliert die Gemeinde Linsengericht und der Main-Kinzig-Kreis eine Einrichtung, die 60 Jahre eine Anlaufstelle f\u00fcr Sch\u00fcler und Jugendliche aus dem Rhein-Main Gebiet war.\u201c<\/p>\n<p>Aus seinem Heimatort Gro\u00dfenhausen berichtete Heinz Breitenbach \u00fcber die durchgef\u00fchrte Hangbefestigung am Feuerwehrger\u00e4tehaus und k\u00fcndigte ein Treffen der dortigen BGL-Mitglieder zum Themengebiet \u201eSport- und Kulturheim, Sportpl\u00e4tze und Festplatzhaus\u201c an, wo die B\u00fcrgerliste bekanntlich andere Auffassungen als die rot-gr\u00fcne Mehrheit vertrete.<\/p>\n<p>In L\u00fctzelhausen hatten sich die heimischen Freien W\u00e4hler seit l\u00e4ngerer Zeit f\u00fcr eine Aufwertung des einzigen dortigen Spielplatzes am Haus der Kirche eingesetzt, die in diesem Jahr nun nach Bereitstellung der entsprechenden Gelder mit einer Beschattungsm\u00f6glichkeit und einem bodengleichen Trampolin realisiert werden soll.<\/p>\n<p>Auch die kreisweiten Projekte Kinzigtalbahn, das Rad- und Gehwegekonzept des Main-Kinzig-Kreises, sowie dessen Stra\u00dfenbauprojekte auf Linsengerichter Gemarkung kamen bei Breitenbachs Ausf\u00fchrungen nicht zu kurz.<\/p>\n<p>Am Ende der Versammlung lud er alle BGL-Mitglieder und deren Familien zum diesj\u00e4hrigen 33. Familientag der B\u00fcrgerliste am 3. Oktober nach Eidenges\u00e4\u00df ein und dankte den Mitgliedern f\u00fcr den harmonischen Versammlungsverlauf, den diese mit einigen Fragen und Statements zu den politischen Themen zuvor mit bereichert hatten.<\/p>\n<p><img loading=\"lazy\" decoding=\"async\" class=\"alignleft size-full wp-image-799\" src=\"https:\/\/www.buergerliste-linsengericht.de\/wp-content\/uploads\/2020\/01\/20190414b.jpg\" alt=\"\" width=\"750\" height=\"500\" srcset=\"https:\/\/www.buergerliste-linsengericht.de\/wp-content\/uploads\/2020\/01\/20190414b.jpg 750w, https:\/\/www.buergerliste-linsengericht.de\/wp-content\/uploads\/2020\/01\/20190414b-480x320.jpg 480w\" sizes=\"(min-width: 0px) and (max-width: 480px) 480px, (min-width: 481px) 750px, 100vw\" \/><\/p>\n","protected":false},"excerpt":{"rendered":"<p>14.04.2019 K\u00fcrzlich hatte der Vorstand zur diesj\u00e4hrigen Jahreshauptversammlung der Linsengerichter Freien W\u00e4hler in die Gastst\u00e4tte \u201eCaesars K\u00fcche\u201c in Altenha\u00dflau eingeladen. Begr\u00fc\u00dft wurden die zahlreich erschienenen Mitglieder vom Vorsitzenden Heinz Breitenbach, der Ehrenb\u00fcrgermeister Theodor Ratzka, Ortsvorsteherin Ingrid Schmidt, sowie Joachim Ludwig von der GNZ besonders hervorhob und sodann die fristgerechte Einladung und Beschlussf\u00e4higkeit der Versammlung feststellte. [&hellip;]<\/p>\n","protected":false},"author":1,"featured_media":799,"comment_status":"closed","ping_status":"closed","sticky":false,"template":"","format":"standard","meta":{"_et_pb_use_builder":"","_et_pb_old_content":"","_et_gb_content_width":"","footnotes":""},"categories":[12],"tags":[],"class_list":["post-798","post","type-post","status-publish","format-standard","has-post-thumbnail","hentry","category-presse-2019"],"_links":{"self":[{"href":"https:\/\/www.buergerliste-linsengericht.de\/index.php\/wp-json\/wp\/v2\/posts\/798","targetHints":{"allow":["GET"]}}],"collection":[{"href":"https:\/\/www.buergerliste-linsengericht.de\/index.php\/wp-json\/wp\/v2\/posts"}],"about":[{"href":"https:\/\/www.buergerliste-linsengericht.de\/index.php\/wp-json\/wp\/v2\/types\/post"}],"author":[{"embeddable":true,"href":"https:\/\/www.buergerliste-linsengericht.de\/index.php\/wp-json\/wp\/v2\/users\/1"}],"replies":[{"embeddable":true,"href":"https:\/\/www.buergerliste-linsengericht.de\/index.php\/wp-json\/wp\/v2\/comments?post=798"}],"version-history":[{"count":2,"href":"https:\/\/www.buergerliste-linsengericht.de\/index.php\/wp-json\/wp\/v2\/posts\/798\/revisions"}],"predecessor-version":[{"id":904,"href":"https:\/\/www.buergerliste-linsengericht.de\/index.php\/wp-json\/wp\/v2\/posts\/798\/revisions\/904"}],"wp:featuredmedia":[{"embeddable":true,"href":"https:\/\/www.buergerliste-linsengericht.de\/index.php\/wp-json\/wp\/v2\/media\/799"}],"wp:attachment":[{"href":"https:\/\/www.buergerliste-linsengericht.de\/index.php\/wp-json\/wp\/v2\/media?parent=798"}],"wp:term":[{"taxonomy":"category","embeddable":true,"href":"https:\/\/www.buergerliste-linsengericht.de\/index.php\/wp-json\/wp\/v2\/categories?post=798"},{"taxonomy":"post_tag","embeddable":true,"href":"https:\/\/www.buergerliste-linsengericht.de\/index.php\/wp-json\/wp\/v2\/tags?post=798"}],"curies":[{"name":"wp","href":"https:\/\/api.w.org\/{rel}","templated":true}]}}