{"id":772,"date":"2020-01-23T11:05:27","date_gmt":"2020-01-23T10:05:27","guid":{"rendered":"http:\/\/physio.de.korti.me\/?p=772"},"modified":"2020-01-23T11:05:27","modified_gmt":"2020-01-23T10:05:27","slug":"sanierung-teilflaeche-schulhof-geisbergschule-eidengesaess","status":"publish","type":"post","link":"https:\/\/www.buergerliste-linsengericht.de\/index.php\/2020\/01\/23\/sanierung-teilflaeche-schulhof-geisbergschule-eidengesaess\/","title":{"rendered":"Sanierung Teilfl\u00e4che Schulhof Geisbergschule Eidenges\u00e4\u00df"},"content":{"rendered":"<p>08.11.2018<\/p>\n<p>In den Herbstferien hat der Schultr\u00e4ger Main-Kinzig-Kreis eine schon lange notwendige Sanierung des Schulhofes der Geisbergschule Eidenges\u00e4\u00df mit einem ersten Bauabschnitt in Angriff genommen.<!--more--><\/p>\n<p>Der an vielen Stellen schadhafte Asphalt wurde durch neue graue Betonpflastersteine ersetzt. Damit ist die Schulhoffl\u00e4che in Zukunft auch f\u00fcr die Verkehrserziehung an der Geisbergschule wieder besser zu nutzen.<\/p>\n<p>Der zweite Bauabschnitt f\u00fcr die Sanierung der Restfl\u00e4che wird erfolgen, wenn die Containeranlage f\u00fcr die Betreuung an der Geisbergschule abgebaut werden kann.<\/p>\n<p>Die Mandatstr\u00e4ger der B\u00fcrgerliste\/FWG Linsengericht haben sich vor Ort ein Bild von dem Projekt gemacht. \u201eMit dieser Bauma\u00dfnahme, der Sanierung der Zufahrtsstra\u00dfe zur Geisbergschule und der Installierung von vier Lampen am Parkplatz hat der Main-Kinzig-Kreis in den letzten beiden Jahren einige wichtige Bauprojekte zur Verbesserung der Infrastruktur auf den Weg gebracht\u201c, zog der Linsengerichter Kreistagsabgeordnete Heinz Breitenbach von den Freien W\u00e4hlern ein positives Fazit der Besichtigung an der Geisbergschule Eidenges\u00e4\u00df.<\/p>\n","protected":false},"excerpt":{"rendered":"<p>08.11.2018 In den Herbstferien hat der Schultr\u00e4ger Main-Kinzig-Kreis eine schon lange notwendige Sanierung des Schulhofes der Geisbergschule Eidenges\u00e4\u00df mit einem ersten Bauabschnitt in Angriff genommen.<\/p>\n","protected":false},"author":1,"featured_media":773,"comment_status":"closed","ping_status":"closed","sticky":false,"template":"","format":"standard","meta":{"_et_pb_use_builder":"","_et_pb_old_content":"","_et_gb_content_width":"","footnotes":""},"categories":[10],"tags":[],"class_list":["post-772","post","type-post","status-publish","format-standard","has-post-thumbnail","hentry","category-presse-2018"],"_links":{"self":[{"href":"https:\/\/www.buergerliste-linsengericht.de\/index.php\/wp-json\/wp\/v2\/posts\/772","targetHints":{"allow":["GET"]}}],"collection":[{"href":"https:\/\/www.buergerliste-linsengericht.de\/index.php\/wp-json\/wp\/v2\/posts"}],"about":[{"href":"https:\/\/www.buergerliste-linsengericht.de\/index.php\/wp-json\/wp\/v2\/types\/post"}],"author":[{"embeddable":true,"href":"https:\/\/www.buergerliste-linsengericht.de\/index.php\/wp-json\/wp\/v2\/users\/1"}],"replies":[{"embeddable":true,"href":"https:\/\/www.buergerliste-linsengericht.de\/index.php\/wp-json\/wp\/v2\/comments?post=772"}],"version-history":[{"count":1,"href":"https:\/\/www.buergerliste-linsengericht.de\/index.php\/wp-json\/wp\/v2\/posts\/772\/revisions"}],"predecessor-version":[{"id":774,"href":"https:\/\/www.buergerliste-linsengericht.de\/index.php\/wp-json\/wp\/v2\/posts\/772\/revisions\/774"}],"wp:featuredmedia":[{"embeddable":true,"href":"https:\/\/www.buergerliste-linsengericht.de\/index.php\/wp-json\/wp\/v2\/media\/773"}],"wp:attachment":[{"href":"https:\/\/www.buergerliste-linsengericht.de\/index.php\/wp-json\/wp\/v2\/media?parent=772"}],"wp:term":[{"taxonomy":"category","embeddable":true,"href":"https:\/\/www.buergerliste-linsengericht.de\/index.php\/wp-json\/wp\/v2\/categories?post=772"},{"taxonomy":"post_tag","embeddable":true,"href":"https:\/\/www.buergerliste-linsengericht.de\/index.php\/wp-json\/wp\/v2\/tags?post=772"}],"curies":[{"name":"wp","href":"https:\/\/api.w.org\/{rel}","templated":true}]}}