{"id":769,"date":"2020-01-23T11:04:38","date_gmt":"2020-01-23T10:04:38","guid":{"rendered":"http:\/\/physio.de.korti.me\/?p=769"},"modified":"2020-01-23T11:04:38","modified_gmt":"2020-01-23T10:04:38","slug":"karl-krebs-aus-luetzelhausen-feierte-85-geburtstag","status":"publish","type":"post","link":"https:\/\/www.buergerliste-linsengericht.de\/index.php\/2020\/01\/23\/karl-krebs-aus-luetzelhausen-feierte-85-geburtstag\/","title":{"rendered":"Karl Krebs aus L\u00fctzelhausen feierte 85. Geburtstag"},"content":{"rendered":"<p>29.10.2018<\/p>\n<p>Am 26. Oktober 2018 feierte Karl Krebs in der L\u00fctzelh\u00e4user Traditionsgastst\u00e4tte \u201eZum Gr\u00fcnen Baum\u201c seinen 85. Geburtstag. Aus diesem Anla\u00df gratulierte der 1. Vorsitzende der B\u00fcrgerliste\/FWG Linsengericht, Heinz Breitenbach dem Jubilar recht herzlich. Als Geschenk \u00fcberreichte er die aktuelle Ausgabe 2017 der Linsengerichter Geschichtsbl\u00e4tter und das Heimatjahrbuch \u201eZwischen Vogelsberg und Spessart\u201c.<!--more--><\/p>\n<p>Karl Krebs, ein \u201ewaschechter\u201c L\u00fctzelh\u00e4user, geh\u00f6rte von 1981-1985 dem Ortsbeirat L\u00fctzelhausen an. Anschlie\u00dfend war er von 1985-1993 Beigeordneter der Gemeinde Linsengericht. Im Gemeindevorstand war seine Sachkenntnis als Maurer in vielen Bauangelegenheiten gefragt. Seine Erfahrungen aus der Bauwirtschaft brachte er gerne in die Beratungen ein und seine Hinweise zur L\u00f6sung von Verfahrensabl\u00e4ufen im gemeindlichen Bauhof wurden vielfach in der Praxis umgesetzt.<\/p>\n<p>Daneben galt sein Interesse nat\u00fcrlich dem Ortsteil L\u00fctzelhausen und den Vereinen Linsengerichts, insbesondere den kulturtragenden Vereinen. Die Gleichbehandlung mit den Sportvereinen war hier die Zielsetzung.<\/p>\n<p>Neben seinem kommunalpolitischen Wirken engagierte sich Karl Krebs in vorbildlicher Weise f\u00fcr den Gesangverein \u201eS\u00e4ngerlust\u201c L\u00fctzelhausen, dem er viele Jahre seine Stimme zur Verf\u00fcgung gestellt hat.<\/p>\n<p>Karl Krebs geh\u00f6rte nicht nur den kommunalpolitischen Gremien der Gemeinde Linsengerichts an, auch im Kirchenvorstand der evangelischen Gemeinde arbeitete er viele Jahre sehr engagiert f\u00fcr das Gemeinwohl.<\/p>\n","protected":false},"excerpt":{"rendered":"<p>29.10.2018 Am 26. Oktober 2018 feierte Karl Krebs in der L\u00fctzelh\u00e4user Traditionsgastst\u00e4tte \u201eZum Gr\u00fcnen Baum\u201c seinen 85. Geburtstag. Aus diesem Anla\u00df gratulierte der 1. Vorsitzende der B\u00fcrgerliste\/FWG Linsengericht, Heinz Breitenbach dem Jubilar recht herzlich. Als Geschenk \u00fcberreichte er die aktuelle Ausgabe 2017 der Linsengerichter Geschichtsbl\u00e4tter und das Heimatjahrbuch \u201eZwischen Vogelsberg und Spessart\u201c.<\/p>\n","protected":false},"author":1,"featured_media":770,"comment_status":"closed","ping_status":"closed","sticky":false,"template":"","format":"standard","meta":{"_et_pb_use_builder":"","_et_pb_old_content":"","_et_gb_content_width":"","footnotes":""},"categories":[10],"tags":[],"class_list":["post-769","post","type-post","status-publish","format-standard","has-post-thumbnail","hentry","category-presse-2018"],"_links":{"self":[{"href":"https:\/\/www.buergerliste-linsengericht.de\/index.php\/wp-json\/wp\/v2\/posts\/769","targetHints":{"allow":["GET"]}}],"collection":[{"href":"https:\/\/www.buergerliste-linsengericht.de\/index.php\/wp-json\/wp\/v2\/posts"}],"about":[{"href":"https:\/\/www.buergerliste-linsengericht.de\/index.php\/wp-json\/wp\/v2\/types\/post"}],"author":[{"embeddable":true,"href":"https:\/\/www.buergerliste-linsengericht.de\/index.php\/wp-json\/wp\/v2\/users\/1"}],"replies":[{"embeddable":true,"href":"https:\/\/www.buergerliste-linsengericht.de\/index.php\/wp-json\/wp\/v2\/comments?post=769"}],"version-history":[{"count":1,"href":"https:\/\/www.buergerliste-linsengericht.de\/index.php\/wp-json\/wp\/v2\/posts\/769\/revisions"}],"predecessor-version":[{"id":771,"href":"https:\/\/www.buergerliste-linsengericht.de\/index.php\/wp-json\/wp\/v2\/posts\/769\/revisions\/771"}],"wp:featuredmedia":[{"embeddable":true,"href":"https:\/\/www.buergerliste-linsengericht.de\/index.php\/wp-json\/wp\/v2\/media\/770"}],"wp:attachment":[{"href":"https:\/\/www.buergerliste-linsengericht.de\/index.php\/wp-json\/wp\/v2\/media?parent=769"}],"wp:term":[{"taxonomy":"category","embeddable":true,"href":"https:\/\/www.buergerliste-linsengericht.de\/index.php\/wp-json\/wp\/v2\/categories?post=769"},{"taxonomy":"post_tag","embeddable":true,"href":"https:\/\/www.buergerliste-linsengericht.de\/index.php\/wp-json\/wp\/v2\/tags?post=769"}],"curies":[{"name":"wp","href":"https:\/\/api.w.org\/{rel}","templated":true}]}}