{"id":766,"date":"2020-01-23T11:03:43","date_gmt":"2020-01-23T10:03:43","guid":{"rendered":"http:\/\/physio.de.korti.me\/?p=766"},"modified":"2020-01-23T11:03:43","modified_gmt":"2020-01-23T10:03:43","slug":"westumfahrung-altenhasslau-in-verkehrsplanungen-vorantreiben","status":"publish","type":"post","link":"https:\/\/www.buergerliste-linsengericht.de\/index.php\/2020\/01\/23\/westumfahrung-altenhasslau-in-verkehrsplanungen-vorantreiben\/","title":{"rendered":"Westumfahrung Altenhasslau in Verkehrsplanungen vorantreiben"},"content":{"rendered":"<p>16.10.2018<\/p>\n<p>Die Mandatstr\u00e4ger der B\u00fcrgerliste\/FWG Linsengericht haben sich vor einigen Tagen an der Ampelanlage in der Unterfrankenstra\u00dfe mit Anwohnern zu einem Ortstermin getroffen, um das Thema Verkehrsbelastung in der Unterfrankenstra\u00dfe und Gelnh\u00e4user Stra\u00dfe bzw. im BZR Weg zu er\u00f6rtern und L\u00f6sungsm\u00f6glichkeiten zu diskutieren.<!--more--><\/p>\n<p>Gemeindevertreterin und Ortsbeiratsmitglied Angela Hoffmann, selbst Anwohnerin an der Unterfrankenstra\u00dfe, machte deutlich, dass der Durchgangsverkehr, der durch die Pendlerstr\u00f6me aus den unterfr\u00e4nkischen Nachbarkommunen entsteht, in den letzten Jahren enorm zugenommen hat. Auch hat der LKW-Verkehr aus Bayern, der in Richtung A 66 unterwegs ist, die Verkehrssituation insbesondere in der Unterfrankenstra\u00dfe erheblich versch\u00e4rft.<\/p>\n<p>\u201eWir m\u00fcssen die im Fl\u00e4chennutzungsplan bereits projektierte Westumgehung Altenhasslau bei der zust\u00e4ndigen Landesbeh\u00f6rde, Hessen Mobil -fr\u00fcher dem Amt f\u00fcr Stra\u00dfe und Verkehr Gelnhausen (ASV) &#8211; jetzt einfordern\u201c, um eine nachhaltige Verbesserung der Verkehrsbelastung zu erreichen\u201c, erg\u00e4nzte Gemeindevorstandsmitglied Sebastian Dein die Ausf\u00fchrungen seiner Vorrednerin.<\/p>\n<p>Im inzwischen rechtsg\u00fcltigen Fl\u00e4chennutzungsplan der Gemeinde Linsengericht ist bereits eine Westumfahrung f\u00fcr Altenhasslau vorgesehen. Die Trassenplanung sieht vor, dass in Verl\u00e4ngerung der Landesstra\u00dfe L 2306 vom Pfefferberg kommend in Richtung Westspange\/BAB 66, die Westumfahrung dann unterhalb des Friedhofes Gro\u00dfenhausen auf die Kreisstra\u00dfe K 896 m\u00fcndet.<\/p>\n<p>\u201eUns ist bewusst, dass dieser L\u00f6sungsweg f\u00fcr die Verkehrsprobleme in der Unterfrankenstra\u00dfe, der Gelnh\u00e4user Stra\u00dfe und im BZR Weg noch in weiter Ferne liegt\u201c, so der Fraktionsvorsitzende der Freien W\u00e4hler in Linsengericht, Heinz Breitenbach. \u201eAber wir sollten jetzt die Gespr\u00e4che mit Hessen Mobil der zust\u00e4ndigen Fachbeh\u00f6rde beginnen, um die Ma\u00dfnahme Westumfahrung auf den Weg zu bringen.<\/p>\n<p>\u201eAls n\u00e4chsten Schritt werden wir deshalb in der Gemeindevertretersitzung am 23. Okt. 2018 den Antrag stellen, dass der Gemeindevorstand Linsengericht mit Hessen Mobil Gespr\u00e4che f\u00fchren soll, mit der Zielsetzung eine Vorstudie f\u00fcr die Westumfahrung von Altenhasslau zu erstellen\u201c, so die Mitglieder des Linsengerichter Ausschusses f\u00fcr Verkehr, Bau und Energieplanung Ruben Hundhausen und Dirk Seybold. \u201eDar\u00fcber hinaus werden wir bei den Beratungen f\u00fcr den Doppelhaushalt 2019\/2020 den Antrag einbringen ein station\u00e4res \u201eBlitzger\u00e4t\u201c f\u00fcr die Unterfrankenstra\u00dfe zu beschaffen, da die gew\u00fcnschte Tempo 30 L\u00f6sung laut B\u00fcrgermeister Ungermann nicht umsetzbar ist,\u201c erg\u00e4nzt Ortsbeiratsvorsitzende Ingrid Schmidt.<\/p>\n","protected":false},"excerpt":{"rendered":"<p>16.10.2018 Die Mandatstr\u00e4ger der B\u00fcrgerliste\/FWG Linsengericht haben sich vor einigen Tagen an der Ampelanlage in der Unterfrankenstra\u00dfe mit Anwohnern zu einem Ortstermin getroffen, um das Thema Verkehrsbelastung in der Unterfrankenstra\u00dfe und Gelnh\u00e4user Stra\u00dfe bzw. im BZR Weg zu er\u00f6rtern und L\u00f6sungsm\u00f6glichkeiten zu diskutieren.<\/p>\n","protected":false},"author":1,"featured_media":767,"comment_status":"closed","ping_status":"closed","sticky":false,"template":"","format":"standard","meta":{"_et_pb_use_builder":"","_et_pb_old_content":"","_et_gb_content_width":"","footnotes":""},"categories":[10],"tags":[],"class_list":["post-766","post","type-post","status-publish","format-standard","has-post-thumbnail","hentry","category-presse-2018"],"_links":{"self":[{"href":"https:\/\/www.buergerliste-linsengericht.de\/index.php\/wp-json\/wp\/v2\/posts\/766","targetHints":{"allow":["GET"]}}],"collection":[{"href":"https:\/\/www.buergerliste-linsengericht.de\/index.php\/wp-json\/wp\/v2\/posts"}],"about":[{"href":"https:\/\/www.buergerliste-linsengericht.de\/index.php\/wp-json\/wp\/v2\/types\/post"}],"author":[{"embeddable":true,"href":"https:\/\/www.buergerliste-linsengericht.de\/index.php\/wp-json\/wp\/v2\/users\/1"}],"replies":[{"embeddable":true,"href":"https:\/\/www.buergerliste-linsengericht.de\/index.php\/wp-json\/wp\/v2\/comments?post=766"}],"version-history":[{"count":1,"href":"https:\/\/www.buergerliste-linsengericht.de\/index.php\/wp-json\/wp\/v2\/posts\/766\/revisions"}],"predecessor-version":[{"id":768,"href":"https:\/\/www.buergerliste-linsengericht.de\/index.php\/wp-json\/wp\/v2\/posts\/766\/revisions\/768"}],"wp:featuredmedia":[{"embeddable":true,"href":"https:\/\/www.buergerliste-linsengericht.de\/index.php\/wp-json\/wp\/v2\/media\/767"}],"wp:attachment":[{"href":"https:\/\/www.buergerliste-linsengericht.de\/index.php\/wp-json\/wp\/v2\/media?parent=766"}],"wp:term":[{"taxonomy":"category","embeddable":true,"href":"https:\/\/www.buergerliste-linsengericht.de\/index.php\/wp-json\/wp\/v2\/categories?post=766"},{"taxonomy":"post_tag","embeddable":true,"href":"https:\/\/www.buergerliste-linsengericht.de\/index.php\/wp-json\/wp\/v2\/tags?post=766"}],"curies":[{"name":"wp","href":"https:\/\/api.w.org\/{rel}","templated":true}]}}