{"id":756,"date":"2020-01-23T10:55:13","date_gmt":"2020-01-23T09:55:13","guid":{"rendered":"http:\/\/physio.de.korti.me\/?p=756"},"modified":"2020-01-23T10:55:13","modified_gmt":"2020-01-23T09:55:13","slug":"buergerliste-fwg-linsengericht-stellt-drei-antraege-zur-gemeindevertretersitzung","status":"publish","type":"post","link":"https:\/\/www.buergerliste-linsengericht.de\/index.php\/2020\/01\/23\/buergerliste-fwg-linsengericht-stellt-drei-antraege-zur-gemeindevertretersitzung\/","title":{"rendered":"B\u00fcrgerliste\/FWG Linsengericht stellt drei Antr\u00e4ge zur Gemeindevertretersitzung"},"content":{"rendered":"<p>25.08.2018<\/p>\n<p>Zur Sitzung der Linsengerichter Gemeindevertretung am Dienstag, den 28. August hat die B\u00fcrgerliste \/ FWG Linsengericht drei Antr\u00e4ge eingereicht. Der erste Antrag befasst sich mit dem Standort des vorgesehenen zus\u00e4tzlichen gemeindlichen Kindergartens in Altenhasslau. \u201eHierzu haben wir beantragt, den Ausschuss f\u00fcr Soziales, Kultur, Jugend, Sport und Senioren, den Ausschuss f\u00fcr Verkehr, Bau und Energieplanung, sowie den Altenhasslauer Ortsbeirat mit in die Standortauswahl einzubeziehen, damit der neue Kindergarten nach einer breiten Diskussion auch eine hohe Akzeptanz bei der Elternschaft und in der \u00d6ffentlichkeit genie\u00dft. Bekanntlich haben wir ja bereits vor einigen Monaten weitere denkbare Standorte zum scheinbar alternativlosen Standort von SPD und Gr\u00fcnen, die den Festplatz favorisieren, benannt\u201c, so Gemeindevertreterin und Ortsbeir\u00e4tin Angela Hoffmann.<!--more--><\/p>\n<p>Der zweite Antrag beinhaltet, dass der Gemeindevorstand F\u00f6rdermittel f\u00fcr eine grundhafte Sanierung des denkmalgesch\u00fctzten Gremp\u00b4schen Hauses in der Hauptstra\u00dfe 29 bei der Europ\u00e4ischen Union, sowie bei Bund, Land und Kreis beantragen soll. \u201eHier gilt es, kreativ zu sein und bereits bei der Vorplanung der Sanierung die sp\u00e4tere Nutzung durch einige Vereine, eventuell Teile der Gemeindeverwaltung oder andere Nutzer bei der Geb\u00e4udestruktur und auch brandschutztechnisch zu ber\u00fccksichtigen und mithilfe einer Kofinanzierung durch Dritte ein Gesamtpaket zu schn\u00fcren, um den gemeindlichen Haushalt nicht \u00fcber Geb\u00fchr zu belasten und dennoch dieses traditionsreiche Geb\u00e4ude im Ortskern positiv wiederzubeleben\u201c, so Sebastian Dein, Gemeindevorstandsmitglied aus Altenha\u00dflau.<\/p>\n<p>Als dritten Antrag hat sich die heimische B\u00fcrgerliste eines ebenfalls wichtigen Themas f\u00fcr die Zukunft angenommen, welches wohl unter dem Begriff \u201eWohnen im Alter\u201c am besten zusammengefasst werden kann: \u201eDer Gemeindevorstand soll von der Gemeindevertretung beauftragt werden, eine Bedarfsermittlung zum Wohnen im Alter im Linsengericht durchzuf\u00fchren, um festzustellen, ob in unserer Gemeinde Seniorenwohnheimpl\u00e4tze fehlen. Aufgrund des demografischen Wandels in der Altersstruktur unserer Gesellschaft halten wir es f\u00fcr geboten, dass die Gemeinde Linsengericht rechtzeitig Kontakt zu Tr\u00e4gern von Altenpflegeeinrichtungen aufnimmt, um mittelfristig das wohnortnahe Angebot an solchen Seniorenpflegepl\u00e4tzen entsprechend auszubauen und nicht erst dann zu reagieren, wenn der Bedarf in Zukunft eklatant angestiegen ist\u201c, so BGL\/FWG-Fraktionsvorsitzender Heinz Breitenbach abschlie\u00dfend.<\/p>\n<p>Wer sich auch f\u00fcr diese Themen interessiert, kann die Beratung pers\u00f6nlich verfolgen: Die Linsengerichter Gemeindevertretung tagt am Dienstag, den 28. August \u00f6ffentlich ab 19:30 Uhr in der Zehntscheune in der Amtshofstra\u00dfe 1.<\/p>\n","protected":false},"excerpt":{"rendered":"<p>25.08.2018 Zur Sitzung der Linsengerichter Gemeindevertretung am Dienstag, den 28. August hat die B\u00fcrgerliste \/ FWG Linsengericht drei Antr\u00e4ge eingereicht. Der erste Antrag befasst sich mit dem Standort des vorgesehenen zus\u00e4tzlichen gemeindlichen Kindergartens in Altenhasslau. \u201eHierzu haben wir beantragt, den Ausschuss f\u00fcr Soziales, Kultur, Jugend, Sport und Senioren, den Ausschuss f\u00fcr Verkehr, Bau und Energieplanung, [&hellip;]<\/p>\n","protected":false},"author":1,"featured_media":715,"comment_status":"closed","ping_status":"closed","sticky":false,"template":"","format":"standard","meta":{"_et_pb_use_builder":"","_et_pb_old_content":"","_et_gb_content_width":"","footnotes":""},"categories":[10],"tags":[],"class_list":["post-756","post","type-post","status-publish","format-standard","has-post-thumbnail","hentry","category-presse-2018"],"_links":{"self":[{"href":"https:\/\/www.buergerliste-linsengericht.de\/index.php\/wp-json\/wp\/v2\/posts\/756","targetHints":{"allow":["GET"]}}],"collection":[{"href":"https:\/\/www.buergerliste-linsengericht.de\/index.php\/wp-json\/wp\/v2\/posts"}],"about":[{"href":"https:\/\/www.buergerliste-linsengericht.de\/index.php\/wp-json\/wp\/v2\/types\/post"}],"author":[{"embeddable":true,"href":"https:\/\/www.buergerliste-linsengericht.de\/index.php\/wp-json\/wp\/v2\/users\/1"}],"replies":[{"embeddable":true,"href":"https:\/\/www.buergerliste-linsengericht.de\/index.php\/wp-json\/wp\/v2\/comments?post=756"}],"version-history":[{"count":1,"href":"https:\/\/www.buergerliste-linsengericht.de\/index.php\/wp-json\/wp\/v2\/posts\/756\/revisions"}],"predecessor-version":[{"id":757,"href":"https:\/\/www.buergerliste-linsengericht.de\/index.php\/wp-json\/wp\/v2\/posts\/756\/revisions\/757"}],"wp:featuredmedia":[{"embeddable":true,"href":"https:\/\/www.buergerliste-linsengericht.de\/index.php\/wp-json\/wp\/v2\/media\/715"}],"wp:attachment":[{"href":"https:\/\/www.buergerliste-linsengericht.de\/index.php\/wp-json\/wp\/v2\/media?parent=756"}],"wp:term":[{"taxonomy":"category","embeddable":true,"href":"https:\/\/www.buergerliste-linsengericht.de\/index.php\/wp-json\/wp\/v2\/categories?post=756"},{"taxonomy":"post_tag","embeddable":true,"href":"https:\/\/www.buergerliste-linsengericht.de\/index.php\/wp-json\/wp\/v2\/tags?post=756"}],"curies":[{"name":"wp","href":"https:\/\/api.w.org\/{rel}","templated":true}]}}