{"id":741,"date":"2020-01-23T10:48:36","date_gmt":"2020-01-23T09:48:36","guid":{"rendered":"http:\/\/physio.de.korti.me\/?p=741"},"modified":"2020-01-23T10:48:56","modified_gmt":"2020-01-23T09:48:56","slug":"gisela-bohlender-erhielt-ehrenbrief-des-landes-hessen","status":"publish","type":"post","link":"https:\/\/www.buergerliste-linsengericht.de\/index.php\/2020\/01\/23\/gisela-bohlender-erhielt-ehrenbrief-des-landes-hessen\/","title":{"rendered":"Gisela Bohlender erhielt Ehrenbrief des Landes Hessen"},"content":{"rendered":"<p>25.06.2018<\/p>\n<p>Bereits einige Zeit vor dem Ende der Gemeindevertretersitzung in Linsengericht am Dienstag, den 19.06. hatte Landrat Thorsten Stolz \u00fcberraschend in den Zuschauerreihen Platz genommen und die Beratung der letzten Tagesordnungspunkte mitverfolgt. Danach schritt er dann selbst zum Rednerpult, um eine verdiente Gemeindepolitikerin in diesem feierlichen Rahmen zu ehren.<!--more--><\/p>\n<p>Gisela Bohlender, seit 10 Jahren Beigeordnete im Linsengerichter Gemeindevorstand, wurde auf Antrag der B\u00fcrgerliste \/ FWG Linsengericht f\u00fcr 25 Jahre ununterbrochene ehrenamtliche T\u00e4tigkeit in der heimischen Kommunalpolitik mit dem Ehrenbrief des Landes Hessen ausgezeichnet.<\/p>\n<p>Sie geh\u00f6rte vor Ihrer Zeit im Gemeindevorstand 15 Jahre lang der Gemeindevertretung Linsengericht an, war 4 Jahre deren Vorsitzende und jeweils viele Jahre als Gemeindevertreterin im Haupt- und Finanzausschuss und den Aussch\u00fcssen f\u00fcr Jugend, Sport und Kultur, sowie Umwelt, Agrar und Forst t\u00e4tig, ebenso wie auch 4 Jahre in der Kindergartenkommission. Zudem geh\u00f6rte Bohlender zu Beginn Ihrer kommunalpolitischen Laufbahn 4 Jahre dem Ortsbeirat Altenha\u00dflau an und arbeitete viele Jahre auch aktiv im Vorstand der B\u00fcrgerliste, aktuell als deren stellvertretende Vorsitzende, mit.<\/p>\n<p>Landrat Stolz und Karlfred Seifert, der seiner langj\u00e4hrigen Weggef\u00e4hrtin das Geschenk der heimischen B\u00fcrgerliste \/ FWG Linsengericht \u00fcberreichte, betonten in Ihren Reden die ruhige und besonnene Art der Geehrten und die Wichtigkeit, sich \u00fcberhaupt ehrenamtlich in der Kommunalpolitik der Heimatgemeinde zu engagieren.<\/p>\n<p>Die Geehrte Gisela Bohlender, Besteigerin des Kilimandscharo, Ehefrau und Mutter einer Tochter, dankte allen anwesenden Gemeindevertretern und Gemeindevorstandsmitgliedern sowie dem Landrat in einer Rede, in der Sie die j\u00fcngeren Kolleginnen und Kollegen dazu aufrief, nicht bei den ersten Schwierigkeiten zu resignieren oder sogar das Mandat zur\u00fcckzugeben, sondern stets engagiert weiterzumachen, denn nur so k\u00f6nne eine Demokratie funktionieren.<\/p>\n","protected":false},"excerpt":{"rendered":"<p>25.06.2018 Bereits einige Zeit vor dem Ende der Gemeindevertretersitzung in Linsengericht am Dienstag, den 19.06. hatte Landrat Thorsten Stolz \u00fcberraschend in den Zuschauerreihen Platz genommen und die Beratung der letzten Tagesordnungspunkte mitverfolgt. Danach schritt er dann selbst zum Rednerpult, um eine verdiente Gemeindepolitikerin in diesem feierlichen Rahmen zu ehren.<\/p>\n","protected":false},"author":1,"featured_media":742,"comment_status":"closed","ping_status":"closed","sticky":false,"template":"","format":"standard","meta":{"_et_pb_use_builder":"","_et_pb_old_content":"","_et_gb_content_width":"","footnotes":""},"categories":[10],"tags":[],"class_list":["post-741","post","type-post","status-publish","format-standard","has-post-thumbnail","hentry","category-presse-2018"],"_links":{"self":[{"href":"https:\/\/www.buergerliste-linsengericht.de\/index.php\/wp-json\/wp\/v2\/posts\/741","targetHints":{"allow":["GET"]}}],"collection":[{"href":"https:\/\/www.buergerliste-linsengericht.de\/index.php\/wp-json\/wp\/v2\/posts"}],"about":[{"href":"https:\/\/www.buergerliste-linsengericht.de\/index.php\/wp-json\/wp\/v2\/types\/post"}],"author":[{"embeddable":true,"href":"https:\/\/www.buergerliste-linsengericht.de\/index.php\/wp-json\/wp\/v2\/users\/1"}],"replies":[{"embeddable":true,"href":"https:\/\/www.buergerliste-linsengericht.de\/index.php\/wp-json\/wp\/v2\/comments?post=741"}],"version-history":[{"count":2,"href":"https:\/\/www.buergerliste-linsengericht.de\/index.php\/wp-json\/wp\/v2\/posts\/741\/revisions"}],"predecessor-version":[{"id":744,"href":"https:\/\/www.buergerliste-linsengericht.de\/index.php\/wp-json\/wp\/v2\/posts\/741\/revisions\/744"}],"wp:featuredmedia":[{"embeddable":true,"href":"https:\/\/www.buergerliste-linsengericht.de\/index.php\/wp-json\/wp\/v2\/media\/742"}],"wp:attachment":[{"href":"https:\/\/www.buergerliste-linsengericht.de\/index.php\/wp-json\/wp\/v2\/media?parent=741"}],"wp:term":[{"taxonomy":"category","embeddable":true,"href":"https:\/\/www.buergerliste-linsengericht.de\/index.php\/wp-json\/wp\/v2\/categories?post=741"},{"taxonomy":"post_tag","embeddable":true,"href":"https:\/\/www.buergerliste-linsengericht.de\/index.php\/wp-json\/wp\/v2\/tags?post=741"}],"curies":[{"name":"wp","href":"https:\/\/api.w.org\/{rel}","templated":true}]}}