{"id":735,"date":"2020-01-23T10:46:55","date_gmt":"2020-01-23T09:46:55","guid":{"rendered":"http:\/\/physio.de.korti.me\/?p=735"},"modified":"2020-01-23T10:46:55","modified_gmt":"2020-01-23T09:46:55","slug":"robert-sinsel-feierte-75-geburtstag","status":"publish","type":"post","link":"https:\/\/www.buergerliste-linsengericht.de\/index.php\/2020\/01\/23\/robert-sinsel-feierte-75-geburtstag\/","title":{"rendered":"Robert Sinsel feierte 75. Geburtstag"},"content":{"rendered":"<p>01.06.2018<\/p>\n<p>Am 01. Juni 2018 feierte Robert Sinsel in der Birkenhainerstra\u00dfe in Waldrode seinen 75. Geburtstag. Aus diesem Anla\u00df gratulierten der 1. Vorsitzende der B\u00fcrgerliste\/FWG Linsengericht, Heinz Breitenbach, BGL\/FWG Vorstandsmitglied Roland Pfeifer und BGL\/FWG Gemeindevertreter Rudolf Trageser dem Jubilar recht herzlich. Als Geschenk \u00fcberreichten sie einen Pr\u00e4sentkorb und eine Ausgabe der Linsengerichter Geschichtsbl\u00e4tter.<!--more--><\/p>\n<p>Robert Sinsel geh\u00f6rte dem Ortsbeirat Gro\u00dfenhausen drei Legislaturperioden an. Als Vertreter des Weilers Waldrode galt sein besonderes Interesse den gro\u00dfen und kleinen W\u00fcnschen der Waldr\u00f6der B\u00fcrgerinnen und B\u00fcrger.<\/p>\n<p>Mit Nachdruck setzte er sich f\u00fcr die Sicherstellung des Brandschutzes in Waldrode ein. Die Errichtung eines neuen Feuerwehrger\u00e4tehauses und die Instandsetzung des Feuerl\u00f6schteiches in Waldrode sind Ergebnis dieser Bem\u00fchungen. Als Mitglied des Hobbyfu\u00dfballvereins \u201eWaldr\u00f6der Spatzen\u201c war es Robert Sinsel ein besonderes Anliegen, den Bolzplatz auf dem \u201eDorfplatz\u201c f\u00fcr die fu\u00dfballspielenden Waldr\u00f6der Aktiven, insbesondere die Jugendlichen, gegen\u00fcber der Landesstra\u00dfe L 3444 abzugrenzen. Mit Unterst\u00fctzung seiner Mitspieler und der Gemeinde Linsengericht, die die Materialkosten \u00fcbernahm, wurde ein Zaun errichtet, um die Sicherheit f\u00fcr die Nutzer des Bolzplatzes zu erh\u00f6hen.<\/p>\n<p>Auch um die Ausstattung des Kinderspielplatzes mit den notwendigen Spielger\u00e4ten und die Verbesserung der Friedhofsanlage k\u00fcmmerte sich Robert Sinsel.<\/p>\n<p>Neben seinem kommunalpolitischen Wirken engagiert sich Robert Sinsel in vorbildlicher Weise f\u00fcr die Freiwillige Feuerwehr Gro\u00dfenhausen. F\u00fcr seinen Einsatz ist ihm bereits vor Jahren das Silberne Brandschutzehrenzeichen vom Nassauischen Feuerwehrverband \u00fcberreicht worden.<\/p>\n<p>Auch dem Fu\u00dfballsportverein Gro\u00dfenhausen geh\u00f6rt Robert Sinsel an. Hier arbeitete er viele Jahren als Beisitzer im Vorstand mit. Als gelernter Maurer hat er beim Bau des Hartplatzes \u201eAuf dem Sande\u201c und der Schutz- und Ger\u00e4teh\u00fctte eine erhebliche Zahl an Arbeitsstunden geleistet.<\/p>\n","protected":false},"excerpt":{"rendered":"<p>01.06.2018 Am 01. Juni 2018 feierte Robert Sinsel in der Birkenhainerstra\u00dfe in Waldrode seinen 75. Geburtstag. Aus diesem Anla\u00df gratulierten der 1. Vorsitzende der B\u00fcrgerliste\/FWG Linsengericht, Heinz Breitenbach, BGL\/FWG Vorstandsmitglied Roland Pfeifer und BGL\/FWG Gemeindevertreter Rudolf Trageser dem Jubilar recht herzlich. Als Geschenk \u00fcberreichten sie einen Pr\u00e4sentkorb und eine Ausgabe der Linsengerichter Geschichtsbl\u00e4tter.<\/p>\n","protected":false},"author":1,"featured_media":736,"comment_status":"closed","ping_status":"closed","sticky":false,"template":"","format":"standard","meta":{"_et_pb_use_builder":"","_et_pb_old_content":"","_et_gb_content_width":"","footnotes":""},"categories":[10],"tags":[],"class_list":["post-735","post","type-post","status-publish","format-standard","has-post-thumbnail","hentry","category-presse-2018"],"_links":{"self":[{"href":"https:\/\/www.buergerliste-linsengericht.de\/index.php\/wp-json\/wp\/v2\/posts\/735","targetHints":{"allow":["GET"]}}],"collection":[{"href":"https:\/\/www.buergerliste-linsengericht.de\/index.php\/wp-json\/wp\/v2\/posts"}],"about":[{"href":"https:\/\/www.buergerliste-linsengericht.de\/index.php\/wp-json\/wp\/v2\/types\/post"}],"author":[{"embeddable":true,"href":"https:\/\/www.buergerliste-linsengericht.de\/index.php\/wp-json\/wp\/v2\/users\/1"}],"replies":[{"embeddable":true,"href":"https:\/\/www.buergerliste-linsengericht.de\/index.php\/wp-json\/wp\/v2\/comments?post=735"}],"version-history":[{"count":1,"href":"https:\/\/www.buergerliste-linsengericht.de\/index.php\/wp-json\/wp\/v2\/posts\/735\/revisions"}],"predecessor-version":[{"id":737,"href":"https:\/\/www.buergerliste-linsengericht.de\/index.php\/wp-json\/wp\/v2\/posts\/735\/revisions\/737"}],"wp:featuredmedia":[{"embeddable":true,"href":"https:\/\/www.buergerliste-linsengericht.de\/index.php\/wp-json\/wp\/v2\/media\/736"}],"wp:attachment":[{"href":"https:\/\/www.buergerliste-linsengericht.de\/index.php\/wp-json\/wp\/v2\/media?parent=735"}],"wp:term":[{"taxonomy":"category","embeddable":true,"href":"https:\/\/www.buergerliste-linsengericht.de\/index.php\/wp-json\/wp\/v2\/categories?post=735"},{"taxonomy":"post_tag","embeddable":true,"href":"https:\/\/www.buergerliste-linsengericht.de\/index.php\/wp-json\/wp\/v2\/tags?post=735"}],"curies":[{"name":"wp","href":"https:\/\/api.w.org\/{rel}","templated":true}]}}