{"id":725,"date":"2020-01-23T10:31:09","date_gmt":"2020-01-23T09:31:09","guid":{"rendered":"http:\/\/physio.de.korti.me\/?p=725"},"modified":"2020-01-23T10:31:09","modified_gmt":"2020-01-23T09:31:09","slug":"bgl-fwg-antrag-in-der-gemeindevertretung-auch-linsengericht-soll-noch-mehr-bluehen","status":"publish","type":"post","link":"https:\/\/www.buergerliste-linsengericht.de\/index.php\/2020\/01\/23\/bgl-fwg-antrag-in-der-gemeindevertretung-auch-linsengericht-soll-noch-mehr-bluehen\/","title":{"rendered":"BGL\/FWG Antrag in der Gemeindevertretung: Auch Linsengericht soll noch mehr bl\u00fchen"},"content":{"rendered":"<p><span>22.04.2018<br \/>\n<\/span>Ein Antrag der B\u00fcrgerliste \/ FWG Linsengericht f\u00fcr die Sitzung der Gemeindevertretung am 24. April befasst sich mit dem Beitritt der Gemeinde Linsengericht zum Projekt \u201e Main-Kinzig-Kreis bl\u00fcht\u201c, welches zur F\u00f6rderung der Artenvielfalt heimischer Insekten beitragen soll.<!--more--><\/p>\n<p>\u201eUnser Ziel ist, auch bisher eher eint\u00f6nige Fl\u00e4chen wie zum Beispiel den \u201eScharf-Kreisel\u201c k\u00fcnftig in eine bunte Blumenwiese zu verwandeln\u201c, so Altenha\u00dflaus Ortsvorsteherin Ingrid Schmidt beim dortigen Ortstermin, \u201edenn eine Langzeitstudie hat gezeigt, dass die Masse der Insekten in den letzten 30 Jahren um drei Viertel zur\u00fcckgegangen ist.\u201c<\/p>\n<p>\u201eDie Aktion, die durch das Land Hessen, das Regierungspr\u00e4sidium Darmstadt und den Main-Kinzig-Kreis gef\u00f6rdert und allen Kommunen im MKK angeboten wird, kann dieser Entwicklung mit einfachen Mitteln entgegenwirken und etwas f\u00fcr die biologische Vielfalt im Bereich der Tier- und Pflanzenwelt tun\u201c, so BGL-Gemeindevorstandsmitglied Sebastian Dein.<\/p>\n<p>Gemeindevertreter Ruben Hundhausen, der selbst als Hobbyimker t\u00e4tig ist, erg\u00e4nzte: \u201eAuch das Bienensterben ist leider Realit\u00e4t und muss mit allen Mitteln gestoppt oder zumindest gebremst werden, weshalb sich neben den Naturschutzverb\u00e4nden und den kommunalen Bauh\u00f6fen auch die Imker an der Aktion beteiligen und diese bef\u00fcrworten.\u201c<\/p>\n<p>Daher wirbt auch BGL-Fraktionsvorsitzender Heinz Breitenbach f\u00fcr eine Zustimmung zu diesem Projekt durch die Gemeindevertretung Linsengericht und sagte abschlie\u00dfend: \u201eAuf unserer Homepage www.buergerliste-linsengericht.de werden wir in diesem auch dort ver\u00f6ffentlichten Presseartikel einen Link auf eine setzen, wo sich auch Privatleute Saatgutmischungen f\u00fcr den heimischen Garten oder einen Pflanzkasten auf dem Fensterbrett kosteng\u00fcnstig bestellen k\u00f6nnen.\u201c<\/p>\n<p>Diese Seite finden Sie hier:<\/p>\n","protected":false},"excerpt":{"rendered":"<p>22.04.2018 Ein Antrag der B\u00fcrgerliste \/ FWG Linsengericht f\u00fcr die Sitzung der Gemeindevertretung am 24. April befasst sich mit dem Beitritt der Gemeinde Linsengericht zum Projekt \u201e Main-Kinzig-Kreis bl\u00fcht\u201c, welches zur F\u00f6rderung der Artenvielfalt heimischer Insekten beitragen soll.<\/p>\n","protected":false},"author":1,"featured_media":726,"comment_status":"closed","ping_status":"closed","sticky":false,"template":"","format":"standard","meta":{"_et_pb_use_builder":"","_et_pb_old_content":"","_et_gb_content_width":"","footnotes":""},"categories":[10],"tags":[],"class_list":["post-725","post","type-post","status-publish","format-standard","has-post-thumbnail","hentry","category-presse-2018"],"_links":{"self":[{"href":"https:\/\/www.buergerliste-linsengericht.de\/index.php\/wp-json\/wp\/v2\/posts\/725","targetHints":{"allow":["GET"]}}],"collection":[{"href":"https:\/\/www.buergerliste-linsengericht.de\/index.php\/wp-json\/wp\/v2\/posts"}],"about":[{"href":"https:\/\/www.buergerliste-linsengericht.de\/index.php\/wp-json\/wp\/v2\/types\/post"}],"author":[{"embeddable":true,"href":"https:\/\/www.buergerliste-linsengericht.de\/index.php\/wp-json\/wp\/v2\/users\/1"}],"replies":[{"embeddable":true,"href":"https:\/\/www.buergerliste-linsengericht.de\/index.php\/wp-json\/wp\/v2\/comments?post=725"}],"version-history":[{"count":1,"href":"https:\/\/www.buergerliste-linsengericht.de\/index.php\/wp-json\/wp\/v2\/posts\/725\/revisions"}],"predecessor-version":[{"id":727,"href":"https:\/\/www.buergerliste-linsengericht.de\/index.php\/wp-json\/wp\/v2\/posts\/725\/revisions\/727"}],"wp:featuredmedia":[{"embeddable":true,"href":"https:\/\/www.buergerliste-linsengericht.de\/index.php\/wp-json\/wp\/v2\/media\/726"}],"wp:attachment":[{"href":"https:\/\/www.buergerliste-linsengericht.de\/index.php\/wp-json\/wp\/v2\/media?parent=725"}],"wp:term":[{"taxonomy":"category","embeddable":true,"href":"https:\/\/www.buergerliste-linsengericht.de\/index.php\/wp-json\/wp\/v2\/categories?post=725"},{"taxonomy":"post_tag","embeddable":true,"href":"https:\/\/www.buergerliste-linsengericht.de\/index.php\/wp-json\/wp\/v2\/tags?post=725"}],"curies":[{"name":"wp","href":"https:\/\/api.w.org\/{rel}","templated":true}]}}