{"id":717,"date":"2020-01-23T10:24:37","date_gmt":"2020-01-23T09:24:37","guid":{"rendered":"http:\/\/physio.de.korti.me\/?p=717"},"modified":"2020-01-23T10:24:37","modified_gmt":"2020-01-23T09:24:37","slug":"13-kommunalpolitischer-aschermittwoch-der-buergerliste-fwg-linsengericht-im-hasenheim","status":"publish","type":"post","link":"https:\/\/www.buergerliste-linsengericht.de\/index.php\/2020\/01\/23\/13-kommunalpolitischer-aschermittwoch-der-buergerliste-fwg-linsengericht-im-hasenheim\/","title":{"rendered":"13. Kommunalpolitischer Aschermittwoch der B\u00fcrgerliste \/ FWG Linsengericht im Hasenheim"},"content":{"rendered":"<p><span>17.02.2018<\/span><br \/>\nDer 13. kommunalpolitische Aschermittwoch der B\u00fcrgerliste\/FWG Linsengericht (BGL\/FWG) im Geislitzer Hasenheim bot den zahlreichen Teilnehmerinnen und Teilnehmern neben hervorragendem Essen nach der Faschingszeit vor allem viele Informationen zu aktuellen kommunalpolitischen Themen und nat\u00fcrlich auch Zeit f\u00fcr politische Diskussionen in geselliger Runde.<!--more--><\/p>\n<p>BGL-Vorsitzender Heinz Breitenbach begr\u00fc\u00dfte hierzu zun\u00e4chst den Pressevertreter, sowie alle gekommenen Mandatstr\u00e4ger, Mitglieder und Freunde der Linsengerichter B\u00fcrgerliste, darunter die beiden Ortsvorsteherinnen Ingrid Schmidt und Brigitte Trageser.<\/p>\n<p>F\u00fcr die gut angenommene Bewirtung mit Heringen, Pellkartoffeln aus dem Anbau von Gemeindevertreter Karlfred Seifert oder bunt garnierten Hausmacher-Wurstplatten mit Brot waren erneut Angelika Lehr und Margot Kr\u00fcger verantwortlich, sowie das Geislitzer Team um Dirk Seybold und Wilfried Straub, die sich dem Dank und Applaus der etwa 40 Anwesenden sicher waren.<\/p>\n<p>Heinz Breitenbach blickte in seiner Rede, die durch eine Bilderpr\u00e4sentation von Sebastian Dein begleitet wurde, zun\u00e4chst auf den letztj\u00e4hrigen BGL-Familientag in Waldrode zur\u00fcck. Im Anschluss beleuchtete er die Gemeindefinanzen, die zwar einerseits durch hohe Steuereinnahmen, andererseits auf der Ausgabeseite aber auch durch h\u00f6here Kreis- und Schulumlagen gepr\u00e4gt sind, sodass derzeit ein Nachtragshaushalt in den gemeindlichen Gremien beraten werde. Mit den beiden von der BGL angeregten gr\u00f6\u00dferen Themenkomplexen \u201eneue Bestattungsformen\u201c, sowie \u201eWaldkindergarten\u201c f\u00fchrte er seinen Vortrag fort:<\/p>\n<p>Durch neue Urnengr\u00e4ber, die k\u00fcnftig in Kreisform rund um einen Baum oder eine Stele platziert werden sollen, wird auf allen gemeindlichen Friedh\u00f6fen demn\u00e4chst die M\u00f6glichkeit geschaffen, den Angeh\u00f6rigen eine pflegeleichte und dennoch w\u00fcrdige Bestattungsform anzubieten, die auch f\u00fcr die Gemeinde Vorteile bei der Planbarkeit und der Pflege verspreche.<\/p>\n<p>\u201eNachdem der von unserem Gemeindevertreter Ruben Hundhausen ins Gespr\u00e4ch gebrachte Waldkindergarten von anderen Fraktionen zun\u00e4chst skeptisch gesehen wurde, ist ein Linsengerichter Waldkindergarten, zu dem wir uns zuvor die Einrichtungen in Freigericht und Gelnhausen angeschaut haben, nun beschlossene Sache und soll im August seinen Betrieb in der N\u00e4he der Geisbergschule in Eidenges\u00e4\u00df aufnehmen\u201c, so Breitenbach. F\u00fcr den zus\u00e4tzlichen Altenha\u00dflauer Kindergarten k\u00fcndigte er alternative Standortvorschl\u00e4ge der BGL zum von der SPD bef\u00fcrworteten dortigen Festplatz an.<\/p>\n<p>Weitere ortsteil\u00fcbergreifende Themen waren der Hochwasserschutz, die Situation in den beiden Betreuungsvereinen an der Geisberg- und Haselaschule mit jeweils nochmals steigenden Kinderzahlen, sowie die demn\u00e4chst anstehenden Beratungen des Bedarfs- und Entwicklungsplanes der Linsengerichter Feuerwehren. Dar\u00fcber hinaus betreffen auch die Kostensteigerung f\u00fcr den Hallenbadzweckverband, sowie die gerade beginnenden Diskussionen um wiederkehrende oder anlassbezogene Stra\u00dfenbeitragsgeb\u00fchren bei grundhaften Sanierungen die k\u00fcnftigen gemeindlichen Haushalte.<\/p>\n<p>Im Rahmen seines Vortrages blickte Breitenbach im Anschluss zudem noch auf einige bereits realisierte oder aktuell in Umsetzung befindliche Projekte in den einzelnen Ortsteilen. In seiner Eigenschaft als Kreistagsabgeordneter hoffe er zudem auf die durch die Freien W\u00e4hler beantragte Aufnahme eines Rad- und Gehweges an der Kreisstra\u00dfe 897 zwischen L\u00fctzelhausen und Bernbach in das Rad- und Gehwegekonzept des Main-Kinzig-Kreises. Einige Stra\u00dfensanierungen im Gesamtvolumen von fast 900.000 \u20ac habe der Kreis k\u00fcrzlich angek\u00fcndigt, darunter die Strecken Geislitz \u2013 Eicher M\u00fchle (K895), Teile der Ortsdurchfahrten von Gro\u00dfenhausen und L\u00fctzelhausen (K897), sowie die Strecke vom Kr\u00f6tenweiher nach Gro\u00dfenhausen (K896) und Teile der Strecke von Gro\u00dfenhausen bis zur Westspange.<\/p>\n<p>Abschlie\u00dfend blickte Heinz Breitenbach auf die rund um Silvester im gesamten Gemeindegebiet verteilte BGL-Brosch\u00fcre \u201eWir informieren\u201c zur\u00fcck, dankte den Besuchern und Organisatoren des diesj\u00e4hrigen Heringsessens und lud zur Jahreshauptversammlung der B\u00fcrgerliste am 27. April in den Dorfkrug Eidenges\u00e4\u00df sowie zum Familientag am 3. Oktober nach L\u00fctzelhausen ein.<\/p>\n","protected":false},"excerpt":{"rendered":"<p>17.02.2018 Der 13. kommunalpolitische Aschermittwoch der B\u00fcrgerliste\/FWG Linsengericht (BGL\/FWG) im Geislitzer Hasenheim bot den zahlreichen Teilnehmerinnen und Teilnehmern neben hervorragendem Essen nach der Faschingszeit vor allem viele Informationen zu aktuellen kommunalpolitischen Themen und nat\u00fcrlich auch Zeit f\u00fcr politische Diskussionen in geselliger Runde.<\/p>\n","protected":false},"author":1,"featured_media":718,"comment_status":"closed","ping_status":"closed","sticky":false,"template":"","format":"standard","meta":{"_et_pb_use_builder":"","_et_pb_old_content":"","_et_gb_content_width":"","footnotes":""},"categories":[10],"tags":[],"class_list":["post-717","post","type-post","status-publish","format-standard","has-post-thumbnail","hentry","category-presse-2018"],"_links":{"self":[{"href":"https:\/\/www.buergerliste-linsengericht.de\/index.php\/wp-json\/wp\/v2\/posts\/717","targetHints":{"allow":["GET"]}}],"collection":[{"href":"https:\/\/www.buergerliste-linsengericht.de\/index.php\/wp-json\/wp\/v2\/posts"}],"about":[{"href":"https:\/\/www.buergerliste-linsengericht.de\/index.php\/wp-json\/wp\/v2\/types\/post"}],"author":[{"embeddable":true,"href":"https:\/\/www.buergerliste-linsengericht.de\/index.php\/wp-json\/wp\/v2\/users\/1"}],"replies":[{"embeddable":true,"href":"https:\/\/www.buergerliste-linsengericht.de\/index.php\/wp-json\/wp\/v2\/comments?post=717"}],"version-history":[{"count":1,"href":"https:\/\/www.buergerliste-linsengericht.de\/index.php\/wp-json\/wp\/v2\/posts\/717\/revisions"}],"predecessor-version":[{"id":719,"href":"https:\/\/www.buergerliste-linsengericht.de\/index.php\/wp-json\/wp\/v2\/posts\/717\/revisions\/719"}],"wp:featuredmedia":[{"embeddable":true,"href":"https:\/\/www.buergerliste-linsengericht.de\/index.php\/wp-json\/wp\/v2\/media\/718"}],"wp:attachment":[{"href":"https:\/\/www.buergerliste-linsengericht.de\/index.php\/wp-json\/wp\/v2\/media?parent=717"}],"wp:term":[{"taxonomy":"category","embeddable":true,"href":"https:\/\/www.buergerliste-linsengericht.de\/index.php\/wp-json\/wp\/v2\/categories?post=717"},{"taxonomy":"post_tag","embeddable":true,"href":"https:\/\/www.buergerliste-linsengericht.de\/index.php\/wp-json\/wp\/v2\/tags?post=717"}],"curies":[{"name":"wp","href":"https:\/\/api.w.org\/{rel}","templated":true}]}}