{"id":711,"date":"2020-01-23T10:17:55","date_gmt":"2020-01-23T09:17:55","guid":{"rendered":"http:\/\/physio.de.korti.me\/?p=711"},"modified":"2020-01-23T10:22:27","modified_gmt":"2020-01-23T09:22:27","slug":"kommunalpolitischer-aschermittwoch-der-buergerliste-fwg-linsengericht","status":"publish","type":"post","link":"https:\/\/www.buergerliste-linsengericht.de\/index.php\/2020\/01\/23\/kommunalpolitischer-aschermittwoch-der-buergerliste-fwg-linsengericht\/","title":{"rendered":"Kommunalpolitischer Aschermittwoch der B\u00fcrgerliste \/ FWG Linsengericht"},"content":{"rendered":"<p>Zu ihrem 13. kommunalpolitischen Aschermittwoch mit einem gemeinsamen Heringsessen l\u00e4dt die B\u00fcrgerliste \/ FWG Linsengericht alle Mitglieder und Freunde f\u00fcr den 14. Februar um 20:00 Uhr in das Vereinsheim des Kaninchenzuchtvereins \u201eAm Geisberg\u201c in der Stra\u00dfe Hinterm Born 1 in Geislitz, herzlich ein.<!--more--><\/p>\n<p>\u201eDie Teilnehmerinnen und Teilnehmern erwartet neben Heringen und Pellkartoffeln wie immer auch ein vom bew\u00e4hrten K\u00fcchenteam vorbereitetes Alternativangebot\u201c, so BGL-Pressewart Sebastian Dein in seiner Ank\u00fcndigung.<\/p>\n<p>Vorsitzender Heinz Breitenbach wird nach der Faschingszeit in seiner Ansprache vor allem \u00fcber aktuelle Themen der Linsengerichter Kommunalpolitik und hier insbesondere den aktuell in den gemeindlichen Gremien in Beratung befindlichen 1. Nachtragshaushalt 2018 informieren. Die aktuellen Vorhaben und Termine der heimischen B\u00fcrgerliste wird er hierbei ebenso vorstellen.<\/p>\n<p>Auch \u00fcber einige kreisweite Projekte, die er in seiner Eigenschaft als Kreistagsabgeordneter f\u00fcr die Freien W\u00e4hler Main-Kinzig derzeit begleitet, wird Breitenbach berichten, darunter u.a. die Kinzigtalbahn und einige Stra\u00dfenbauprojekte.<\/p>\n<p>\u201eIch freue mich auf einen gem\u00fctlichen und doch auch politischen Aschermittwoch mit einem sicherlich wieder sehr interessanten Meinungsaustausch an diesem Abend und hoffe auf einen regen Besuch unserer Mitglieder und Freunde\u201c, sagte Breitenbach abschlie\u00dfend.<\/p>\n","protected":false},"excerpt":{"rendered":"<p>Zu ihrem 13. kommunalpolitischen Aschermittwoch mit einem gemeinsamen Heringsessen l\u00e4dt die B\u00fcrgerliste \/ FWG Linsengericht alle Mitglieder und Freunde f\u00fcr den 14. Februar um 20:00 Uhr in das Vereinsheim des Kaninchenzuchtvereins \u201eAm Geisberg\u201c in der Stra\u00dfe Hinterm Born 1 in Geislitz, herzlich ein.<\/p>\n","protected":false},"author":1,"featured_media":715,"comment_status":"closed","ping_status":"closed","sticky":false,"template":"","format":"standard","meta":{"_et_pb_use_builder":"","_et_pb_old_content":"","_et_gb_content_width":"","footnotes":""},"categories":[10],"tags":[],"class_list":["post-711","post","type-post","status-publish","format-standard","has-post-thumbnail","hentry","category-presse-2018"],"_links":{"self":[{"href":"https:\/\/www.buergerliste-linsengericht.de\/index.php\/wp-json\/wp\/v2\/posts\/711","targetHints":{"allow":["GET"]}}],"collection":[{"href":"https:\/\/www.buergerliste-linsengericht.de\/index.php\/wp-json\/wp\/v2\/posts"}],"about":[{"href":"https:\/\/www.buergerliste-linsengericht.de\/index.php\/wp-json\/wp\/v2\/types\/post"}],"author":[{"embeddable":true,"href":"https:\/\/www.buergerliste-linsengericht.de\/index.php\/wp-json\/wp\/v2\/users\/1"}],"replies":[{"embeddable":true,"href":"https:\/\/www.buergerliste-linsengericht.de\/index.php\/wp-json\/wp\/v2\/comments?post=711"}],"version-history":[{"count":2,"href":"https:\/\/www.buergerliste-linsengericht.de\/index.php\/wp-json\/wp\/v2\/posts\/711\/revisions"}],"predecessor-version":[{"id":716,"href":"https:\/\/www.buergerliste-linsengericht.de\/index.php\/wp-json\/wp\/v2\/posts\/711\/revisions\/716"}],"wp:featuredmedia":[{"embeddable":true,"href":"https:\/\/www.buergerliste-linsengericht.de\/index.php\/wp-json\/wp\/v2\/media\/715"}],"wp:attachment":[{"href":"https:\/\/www.buergerliste-linsengericht.de\/index.php\/wp-json\/wp\/v2\/media?parent=711"}],"wp:term":[{"taxonomy":"category","embeddable":true,"href":"https:\/\/www.buergerliste-linsengericht.de\/index.php\/wp-json\/wp\/v2\/categories?post=711"},{"taxonomy":"post_tag","embeddable":true,"href":"https:\/\/www.buergerliste-linsengericht.de\/index.php\/wp-json\/wp\/v2\/tags?post=711"}],"curies":[{"name":"wp","href":"https:\/\/api.w.org\/{rel}","templated":true}]}}