{"id":685,"date":"2020-01-23T09:36:20","date_gmt":"2020-01-23T08:36:20","guid":{"rendered":"http:\/\/physio.de.korti.me\/?p=685"},"modified":"2020-01-23T10:07:00","modified_gmt":"2020-01-23T09:07:00","slug":"buergerliste-fwg-linsengericht-informiert-mit-neujahrsbroschuere","status":"publish","type":"post","link":"https:\/\/www.buergerliste-linsengericht.de\/index.php\/2020\/01\/23\/buergerliste-fwg-linsengericht-informiert-mit-neujahrsbroschuere\/","title":{"rendered":"B\u00fcrgerliste\/FWG Linsengericht informiert mit Neujahrsbrosch\u00fcre"},"content":{"rendered":"<p>01.01.2018<\/p>\n<p>Zum Jahreswechsel zieht die Fraktion der B\u00fcrgerliste \/ FWG Linsengericht in einer k\u00fcrzlich in allen Ortsteilen verteilten Brosch\u00fcre Bilanz seit der Kommunalwahl im M\u00e4rz 2016. Gleichzeitig pr\u00e4sentieren die heimischen Freien W\u00e4hler einige ihrer politischen Schwerpunkte f\u00fcr dieses und die n\u00e4chsten Jahre.<!--more--><\/p>\n<p>Das vierseitige Blatt mit dem Titel \u201eWir informieren!\u201c berichtet \u00fcber die brandschutztechnische und energetische Sanierung der B\u00fcrgers\u00e4le in Altenha\u00dflau und Eidenges\u00e4\u00df durch die Gemeinde Linsengericht, die nach der aktuellen Faschingskampagne weitergef\u00fchrt werde, ebenso wie \u00fcber bereits erfolgreiche verkehrsberuhigende Ma\u00dfnahmen in L\u00fctzelhausen und Waldrode.<\/p>\n<p>Die B\u00fcrgerliste, die 2016 mit dem Slogan \u201eMachen\u201c in die Kommunalwahl gegangen war, freut sich zudem auf die Umsetzung der auf ihre Initiative zur\u00fcckgehenden neuen Bestattungsformen auf allen Linsengerichter Friedh\u00f6fen, wo nach intensiven Beratungen in den Ortsbeir\u00e4ten, Aussch\u00fcssen und in der Gemeindevertretung nun Urnengemeinschaftsgr\u00e4ber rund um neu zu pflanzende schlanke B\u00e4ume oder Stelen geschaffen werden sollen. \u201eHiermit wird einem Bed\u00fcrfnis aus der Bev\u00f6lkerung Rechnung getragen, da der allgemeine Trend aus verschiedensten Gr\u00fcnden seit einigen Jahren weg von gro\u00dfen pflegeintensiven Reihengr\u00e4bern hin zu solchen M\u00f6glichkeiten der Urnenbestattung geht\u201c, so Fraktionsvorsitzender Heinz Breitenbach.\u201eAls noch wichtiger sehen wir das Thema Kinderbetreuung an, welches mit den Vorbereitungen f\u00fcr einen Waldkindergarten, die ebenfalls auf unseren Antrag zur\u00fcckgehen, nun in eine entscheidende Phase kommt, erg\u00e4nzt der L\u00fctzelh\u00e4user Gemeindevertreter Ruben Hundhausen. Dazu geh\u00f6rt nat\u00fcrlich auch die neue Kindertagesst\u00e4tte in Altenha\u00dflau, meint die Altenhasslauer Gemeindevertreterin Angela Hoffmann, die wie ihre Fraktionskolleginnen und \u2013kollegen den vorgesehenen Standort am Altenha\u00dflauer Festplatz aufgrund der Lage und der damaligen dortigen M\u00fclldeponie f\u00fcr nicht ideal h\u00e4lt.<\/p>\n<p>F\u00fcr die kommenden Jahre hat sich die B\u00fcrgerliste beim Thema Verkehr und Infrastruktur die Erweiterung des \u00fcber\u00f6rtlichen Rad- und Gehwegenetzes in Zusammenarbeite mit dem Main-Kinzig-Kreis und die Sanierung der Zufahrt zum Hufeisen auf die Fahne geschrieben. Ebenso sollen in Geislitz und Gro\u00dfenhausen neue Wohnbaufl\u00e4chen aus dem Fl\u00e4chennutzungsplan heraus entwickelt werden, gleichzeitig aber auch die Ortskerne aller Ortsteile der Gemeinde erhalten und belebt werden. \u201eF\u00fcr das Gremp\u00b4sche Haus direkt am B\u00fcrgersaal Altenha\u00dflau haben wir ja beispielsweise bereits verschiedene Vorschl\u00e4ge f\u00fcr eine Sanierung und anschlie\u00dfende Nutzung durch die Gemeindeverwaltung und die Vereine gemacht, die nat\u00fcrlich aber auch finanzierbar sein muss\u201c, so Karlfred Seifert aus Altenhasslau.<\/p>\n<p>Ein weiteres wichtiges Thema, welches die B\u00fcrgerliste schon in der vergangenen Wahlperiode angeschnitten hat und zeitnah weiterentwickeln will, ist die Schaffung von wohnortnahen Betreuungs- und Pflegepl\u00e4tzen f\u00fcr Seniorinnen und Senioren, die beispielsweise mit dem sogenannten \u201eDependance-Modell\u201c der Alten- und Pflegezentren des Main-Kinzig-Kreises gGmbH realisiert werden k\u00f6nnte \u2013 idealerweise ebenfalls durch Umbauten von Geb\u00e4uden in einem Ortskern und nicht durch einen Neubau auf der \u201egr\u00fcnen Wiese\u201c.<\/p>\n<p>Die Brosch\u00fcre finden Sie hier:<\/p>\n<p><a href=\"...\/BGL_Faltblatt_4seitig_DD_einzelseitig.pdf\" target=\"_blank\" rel=\"noopener noreferrer\">Brosch\u00fcre &#8222;Wir informieren!&#8220; Ende 2017\/Anfang 2018<\/a><\/p>\n<p>Die BGL-Fraktion in der Linsengerichter Gemeindevertretung von links nach rechts: Ruben Hundhausen, Heinz Breitenbach, Angela Hoffmann, Karlfred Seifert, Ellen Heyer, Rudolf Trageser und Dirk Seybold<\/p>\n","protected":false},"excerpt":{"rendered":"<p>01.01.2018 Zum Jahreswechsel zieht die Fraktion der B\u00fcrgerliste \/ FWG Linsengericht in einer k\u00fcrzlich in allen Ortsteilen verteilten Brosch\u00fcre Bilanz seit der Kommunalwahl im M\u00e4rz 2016. Gleichzeitig pr\u00e4sentieren die heimischen Freien W\u00e4hler einige ihrer politischen Schwerpunkte f\u00fcr dieses und die n\u00e4chsten Jahre.<\/p>\n","protected":false},"author":1,"featured_media":705,"comment_status":"closed","ping_status":"closed","sticky":false,"template":"","format":"standard","meta":{"_et_pb_use_builder":"","_et_pb_old_content":"","_et_gb_content_width":"","footnotes":""},"categories":[10],"tags":[],"class_list":["post-685","post","type-post","status-publish","format-standard","has-post-thumbnail","hentry","category-presse-2018"],"_links":{"self":[{"href":"https:\/\/www.buergerliste-linsengericht.de\/index.php\/wp-json\/wp\/v2\/posts\/685","targetHints":{"allow":["GET"]}}],"collection":[{"href":"https:\/\/www.buergerliste-linsengericht.de\/index.php\/wp-json\/wp\/v2\/posts"}],"about":[{"href":"https:\/\/www.buergerliste-linsengericht.de\/index.php\/wp-json\/wp\/v2\/types\/post"}],"author":[{"embeddable":true,"href":"https:\/\/www.buergerliste-linsengericht.de\/index.php\/wp-json\/wp\/v2\/users\/1"}],"replies":[{"embeddable":true,"href":"https:\/\/www.buergerliste-linsengericht.de\/index.php\/wp-json\/wp\/v2\/comments?post=685"}],"version-history":[{"count":5,"href":"https:\/\/www.buergerliste-linsengericht.de\/index.php\/wp-json\/wp\/v2\/posts\/685\/revisions"}],"predecessor-version":[{"id":707,"href":"https:\/\/www.buergerliste-linsengericht.de\/index.php\/wp-json\/wp\/v2\/posts\/685\/revisions\/707"}],"wp:featuredmedia":[{"embeddable":true,"href":"https:\/\/www.buergerliste-linsengericht.de\/index.php\/wp-json\/wp\/v2\/media\/705"}],"wp:attachment":[{"href":"https:\/\/www.buergerliste-linsengericht.de\/index.php\/wp-json\/wp\/v2\/media?parent=685"}],"wp:term":[{"taxonomy":"category","embeddable":true,"href":"https:\/\/www.buergerliste-linsengericht.de\/index.php\/wp-json\/wp\/v2\/categories?post=685"},{"taxonomy":"post_tag","embeddable":true,"href":"https:\/\/www.buergerliste-linsengericht.de\/index.php\/wp-json\/wp\/v2\/tags?post=685"}],"curies":[{"name":"wp","href":"https:\/\/api.w.org\/{rel}","templated":true}]}}