{"id":2452,"date":"2026-03-14T20:02:53","date_gmt":"2026-03-14T19:02:53","guid":{"rendered":"https:\/\/www.buergerliste-linsengericht.de\/?p=2452"},"modified":"2026-03-14T20:03:47","modified_gmt":"2026-03-14T19:03:47","slug":"morgen-ist-buergermeisterwahl-und-auch-gemeindevertretungswahl","status":"publish","type":"post","link":"https:\/\/www.buergerliste-linsengericht.de\/index.php\/2026\/03\/14\/morgen-ist-buergermeisterwahl-und-auch-gemeindevertretungswahl\/","title":{"rendered":"Morgen ist B\u00fcrgermeisterwahl&#8230; und auch Gemeindevertretungswahl!"},"content":{"rendered":"<p><strong>Morgen ist B\u00fcrgermeisterwahl&#8230;:<\/strong><\/p>\n<p><img loading=\"lazy\" decoding=\"async\" class=\"alignnone wp-image-2448 size-medium\" src=\"https:\/\/www.buergerliste-linsengericht.de\/wp-content\/uploads\/2026\/03\/PHOTO-2026-03-14-13-20-29-1-240x300.jpg\" alt=\"\" width=\"240\" height=\"300\" \/><\/p>\n<p>&nbsp;<\/p>\n<p><strong>&#8230; und auch Gemeindevertretungswahl!<\/strong><\/p>\n<p>Unsere Kandidatinnen und Kandidaten f\u00fcr die neue Linsengerichter Gemeindevertretung freuen sich \u00fcber drei Kreuze! X X X<\/p>\n<p><img loading=\"lazy\" decoding=\"async\" class=\"alignnone size-medium wp-image-2437\" src=\"https:\/\/www.buergerliste-linsengericht.de\/wp-content\/uploads\/2026\/03\/Plakat-1-213x300.jpg\" alt=\"\" width=\"213\" height=\"300\" \/><\/p>\n<p>J\u00fcrgen R\u00f6scher, Nicole Dein, Sebastian Dein<\/p>\n<p>&nbsp;<\/p>\n<p><img loading=\"lazy\" decoding=\"async\" class=\"alignnone size-medium wp-image-2438\" src=\"https:\/\/www.buergerliste-linsengericht.de\/wp-content\/uploads\/2026\/03\/Plakat-2-212x300.jpg\" alt=\"\" width=\"212\" height=\"300\" \/><\/p>\n<p>Andr\u00e9 Migot, Nadine Herbst, Nicole Dein, Klaus Balzer<\/p>\n<p>&nbsp;<\/p>\n<p><img loading=\"lazy\" decoding=\"async\" class=\"alignnone size-medium wp-image-2439\" src=\"https:\/\/www.buergerliste-linsengericht.de\/wp-content\/uploads\/2026\/03\/Plakat-3-214x300.jpg\" alt=\"\" width=\"214\" height=\"300\" \/><\/p>\n<p>Mark Trageser, Nicole Dein, Dirk Seybold<\/p>\n<p>&nbsp;<\/p>\n<p><img loading=\"lazy\" decoding=\"async\" class=\"alignnone size-medium wp-image-2440\" src=\"https:\/\/www.buergerliste-linsengericht.de\/wp-content\/uploads\/2026\/03\/Plakat-4-213x300.jpg\" alt=\"\" width=\"213\" height=\"300\" \/><\/p>\n<p>Ruben Hundhausen, Nicole Dein, Annette Braun, Nils Oefner<\/p>\n<p><strong>Daher:<\/strong> Liste 6 beim Wahlzettel f\u00fcr die Gemeindevertretung (und Kreistag) ankreuzen f\u00fcr eine starke Unterst\u00fctzung unserer B\u00fcrgermeisterkandidatin Nicole Dein auch aus dem Parlament heraus!<\/p>\n<p>Alle unsere Listen-Kandidatinnen und -Kandidaten im \u00dcberblick:<\/p>\n<p><img loading=\"lazy\" decoding=\"async\" class=\"alignnone size-medium wp-image-2268\" src=\"https:\/\/www.buergerliste-linsengericht.de\/wp-content\/uploads\/2026\/01\/Liste-KoWa-240x300.jpg\" alt=\"\" width=\"240\" height=\"300\" \/><\/p>\n","protected":false},"excerpt":{"rendered":"<p>Morgen ist B\u00fcrgermeisterwahl&#8230;: &nbsp; &#8230; und auch Gemeindevertretungswahl! Unsere Kandidatinnen und Kandidaten f\u00fcr die neue Linsengerichter Gemeindevertretung freuen sich \u00fcber drei Kreuze! X X X J\u00fcrgen R\u00f6scher, Nicole Dein, Sebastian Dein &nbsp; Andr\u00e9 Migot, Nadine Herbst, Nicole Dein, Klaus Balzer &nbsp; Mark Trageser, Nicole Dein, Dirk Seybold &nbsp; Ruben Hundhausen, Nicole Dein, Annette Braun, Nils [&hellip;]<\/p>\n","protected":false},"author":3,"featured_media":2448,"comment_status":"closed","ping_status":"closed","sticky":false,"template":"","format":"standard","meta":{"_et_pb_use_builder":"","_et_pb_old_content":"","_et_gb_content_width":"","footnotes":""},"categories":[42],"tags":[130,305,306,308,172,293,173,139,128,245,159,75,301,302,285,286,303,171,247,304,307,300],"class_list":["post-2452","post","type-post","status-publish","format-standard","has-post-thumbnail","hentry","category-presse-2025","tag-130","tag-balzer","tag-braun","tag-buergermeisterin-linsengericht","tag-dein","tag-ehrenamt","tag-fraktion","tag-freie-waehler","tag-gemeindevertretung","tag-herbst","tag-hessen","tag-hundhausen","tag-kandidaten","tag-kandidatinnen","tag-kreis","tag-main-kinzig","tag-migot","tag-nicole","tag-oefner","tag-roescher","tag-seybold","tag-trageser"],"_links":{"self":[{"href":"https:\/\/www.buergerliste-linsengericht.de\/index.php\/wp-json\/wp\/v2\/posts\/2452","targetHints":{"allow":["GET"]}}],"collection":[{"href":"https:\/\/www.buergerliste-linsengericht.de\/index.php\/wp-json\/wp\/v2\/posts"}],"about":[{"href":"https:\/\/www.buergerliste-linsengericht.de\/index.php\/wp-json\/wp\/v2\/types\/post"}],"author":[{"embeddable":true,"href":"https:\/\/www.buergerliste-linsengericht.de\/index.php\/wp-json\/wp\/v2\/users\/3"}],"replies":[{"embeddable":true,"href":"https:\/\/www.buergerliste-linsengericht.de\/index.php\/wp-json\/wp\/v2\/comments?post=2452"}],"version-history":[{"count":3,"href":"https:\/\/www.buergerliste-linsengericht.de\/index.php\/wp-json\/wp\/v2\/posts\/2452\/revisions"}],"predecessor-version":[{"id":2455,"href":"https:\/\/www.buergerliste-linsengericht.de\/index.php\/wp-json\/wp\/v2\/posts\/2452\/revisions\/2455"}],"wp:featuredmedia":[{"embeddable":true,"href":"https:\/\/www.buergerliste-linsengericht.de\/index.php\/wp-json\/wp\/v2\/media\/2448"}],"wp:attachment":[{"href":"https:\/\/www.buergerliste-linsengericht.de\/index.php\/wp-json\/wp\/v2\/media?parent=2452"}],"wp:term":[{"taxonomy":"category","embeddable":true,"href":"https:\/\/www.buergerliste-linsengericht.de\/index.php\/wp-json\/wp\/v2\/categories?post=2452"},{"taxonomy":"post_tag","embeddable":true,"href":"https:\/\/www.buergerliste-linsengericht.de\/index.php\/wp-json\/wp\/v2\/tags?post=2452"}],"curies":[{"name":"wp","href":"https:\/\/api.w.org\/{rel}","templated":true}]}}