{"id":2436,"date":"2026-03-12T20:01:23","date_gmt":"2026-03-12T19:01:23","guid":{"rendered":"https:\/\/www.buergerliste-linsengericht.de\/?p=2436"},"modified":"2026-03-12T20:01:23","modified_gmt":"2026-03-12T19:01:23","slug":"unsere-kandidatinnen-und-kandidaten-im-kurzueberblick","status":"publish","type":"post","link":"https:\/\/www.buergerliste-linsengericht.de\/index.php\/2026\/03\/12\/unsere-kandidatinnen-und-kandidaten-im-kurzueberblick\/","title":{"rendered":"Unsere Kandidatinnen und Kandidaten im Kurz\u00fcberblick"},"content":{"rendered":"<p><strong>Unsere Kandidatinnen und Kandidaten im Kurz\u00fcberblick:<\/strong><\/p>\n<p>Die B\u00fcrgerliste\/FWG Linsengericht tritt mit folgendem Team f\u00fcr die neue Linsengerichter Gemeindevertretung auf den vorderen Listenpl\u00e4tzen an:<\/p>\n<p><img loading=\"lazy\" decoding=\"async\" class=\"alignnone size-medium wp-image-2437\" src=\"https:\/\/www.buergerliste-linsengericht.de\/wp-content\/uploads\/2026\/03\/Plakat-1-213x300.jpg\" alt=\"\" width=\"213\" height=\"300\" \/><\/p>\n<p>J\u00fcrgen R\u00f6scher, Nicole Dein, Sebastian Dein<\/p>\n<p>&nbsp;<\/p>\n<p><img loading=\"lazy\" decoding=\"async\" class=\"alignnone size-medium wp-image-2438\" src=\"https:\/\/www.buergerliste-linsengericht.de\/wp-content\/uploads\/2026\/03\/Plakat-2-212x300.jpg\" alt=\"\" width=\"212\" height=\"300\" \/><\/p>\n<p>Andr\u00e9 Migot, Nadine Herbst, Nicole Dein, Klaus Balzer<\/p>\n<p>&nbsp;<\/p>\n<p><img loading=\"lazy\" decoding=\"async\" class=\"alignnone size-medium wp-image-2439\" src=\"https:\/\/www.buergerliste-linsengericht.de\/wp-content\/uploads\/2026\/03\/Plakat-3-214x300.jpg\" alt=\"\" width=\"214\" height=\"300\" \/><\/p>\n<p>Mark Trageser, Nicole Dein, Dirk Seybold<\/p>\n<p>&nbsp;<\/p>\n<p><img loading=\"lazy\" decoding=\"async\" class=\"alignnone size-medium wp-image-2440\" src=\"https:\/\/www.buergerliste-linsengericht.de\/wp-content\/uploads\/2026\/03\/Plakat-4-213x300.jpg\" alt=\"\" width=\"213\" height=\"300\" \/><\/p>\n<p>Ruben Hundhausen, Nicole Dein, Annette Braun, Nils Oefner<\/p>\n<p><strong>Daher:<\/strong> Liste 6 beim Wahlzettel f\u00fcr die Gemeindevertretung (und Kreistag) ankreuzen f\u00fcr eine starke Unterst\u00fctzung unserer B\u00fcrgermeisterkandidatin Nicole Dein auch aus dem Parlament heraus!<\/p>\n","protected":false},"excerpt":{"rendered":"<p>Unsere Kandidatinnen und Kandidaten im Kurz\u00fcberblick: Die B\u00fcrgerliste\/FWG Linsengericht tritt mit folgendem Team f\u00fcr die neue Linsengerichter Gemeindevertretung auf den vorderen Listenpl\u00e4tzen an: J\u00fcrgen R\u00f6scher, Nicole Dein, Sebastian Dein &nbsp; Andr\u00e9 Migot, Nadine Herbst, Nicole Dein, Klaus Balzer &nbsp; Mark Trageser, Nicole Dein, Dirk Seybold &nbsp; Ruben Hundhausen, Nicole Dein, Annette Braun, Nils Oefner Daher: [&hellip;]<\/p>\n","protected":false},"author":3,"featured_media":2437,"comment_status":"closed","ping_status":"closed","sticky":false,"template":"","format":"standard","meta":{"_et_pb_use_builder":"","_et_pb_old_content":"","_et_gb_content_width":"","footnotes":""},"categories":[42],"tags":[130,305,306,172,293,173,139,128,245,159,75,301,302,285,286,303,247,304,307,300],"class_list":["post-2436","post","type-post","status-publish","format-standard","has-post-thumbnail","hentry","category-presse-2025","tag-130","tag-balzer","tag-braun","tag-dein","tag-ehrenamt","tag-fraktion","tag-freie-waehler","tag-gemeindevertretung","tag-herbst","tag-hessen","tag-hundhausen","tag-kandidaten","tag-kandidatinnen","tag-kreis","tag-main-kinzig","tag-migot","tag-oefner","tag-roescher","tag-seybold","tag-trageser"],"_links":{"self":[{"href":"https:\/\/www.buergerliste-linsengericht.de\/index.php\/wp-json\/wp\/v2\/posts\/2436","targetHints":{"allow":["GET"]}}],"collection":[{"href":"https:\/\/www.buergerliste-linsengericht.de\/index.php\/wp-json\/wp\/v2\/posts"}],"about":[{"href":"https:\/\/www.buergerliste-linsengericht.de\/index.php\/wp-json\/wp\/v2\/types\/post"}],"author":[{"embeddable":true,"href":"https:\/\/www.buergerliste-linsengericht.de\/index.php\/wp-json\/wp\/v2\/users\/3"}],"replies":[{"embeddable":true,"href":"https:\/\/www.buergerliste-linsengericht.de\/index.php\/wp-json\/wp\/v2\/comments?post=2436"}],"version-history":[{"count":1,"href":"https:\/\/www.buergerliste-linsengericht.de\/index.php\/wp-json\/wp\/v2\/posts\/2436\/revisions"}],"predecessor-version":[{"id":2441,"href":"https:\/\/www.buergerliste-linsengericht.de\/index.php\/wp-json\/wp\/v2\/posts\/2436\/revisions\/2441"}],"wp:featuredmedia":[{"embeddable":true,"href":"https:\/\/www.buergerliste-linsengericht.de\/index.php\/wp-json\/wp\/v2\/media\/2437"}],"wp:attachment":[{"href":"https:\/\/www.buergerliste-linsengericht.de\/index.php\/wp-json\/wp\/v2\/media?parent=2436"}],"wp:term":[{"taxonomy":"category","embeddable":true,"href":"https:\/\/www.buergerliste-linsengericht.de\/index.php\/wp-json\/wp\/v2\/categories?post=2436"},{"taxonomy":"post_tag","embeddable":true,"href":"https:\/\/www.buergerliste-linsengericht.de\/index.php\/wp-json\/wp\/v2\/tags?post=2436"}],"curies":[{"name":"wp","href":"https:\/\/api.w.org\/{rel}","templated":true}]}}