{"id":2431,"date":"2026-03-11T21:10:29","date_gmt":"2026-03-11T20:10:29","guid":{"rendered":"https:\/\/www.buergerliste-linsengericht.de\/?p=2431"},"modified":"2026-03-11T21:10:29","modified_gmt":"2026-03-11T20:10:29","slug":"nachruf-zum-tode-von-rudi-trageser","status":"publish","type":"post","link":"https:\/\/www.buergerliste-linsengericht.de\/index.php\/2026\/03\/11\/nachruf-zum-tode-von-rudi-trageser\/","title":{"rendered":"Nachruf zum Tode von Rudi Trageser"},"content":{"rendered":"<p><strong>Nachruf zum Tode von Rudi Trageser<\/strong><\/p>\n<p>Die B\u00fcrgerliste\/FWG Linsengericht trauert um ihren Ehrengemeindevertreter Rudi Trageser, der am 04. M\u00e4rz 2026 im Alter von 75 Jahren verstorben ist.<\/p>\n<p>In Waldrode geboren und aufgewachsen engagierte sich der Verstorbene sehr stark f\u00fcr das Allgemeinwohl, aber auch f\u00fcr seinen Berufsstand die Landwirtschaft.\u00a0Nach dem Besuch der Volksschule Horbach wechselte er zur Geisbergschule nach Eidenges\u00e4\u00df. Anschlie\u00dfend besuchte er die Handelsschule in Gelnhausen. Seine \u00a0\u00a0Berufsausbildung absolvierte er auf dem elterlichen Bauernhof, die erforderliche Fremdlehre machte er in Wehrheim im Taunus. Hier lernte er auch seine Frau Brigitte kennen. \u00dcber 25 Jahre geh\u00f6rte Rudi Trageser den kommunalen Gremien in Linsengericht an.<\/p>\n<p>Von 1993 \u2013 2001 und 2003 \u2013 2021 war Rudi Trageser in der Gemeindevertretung Linsengericht t\u00e4tig. Dem Ausschuss Umwelt, Agrar, Forst und Tourismus geh\u00f6rte er in dieser Zeit ebenfalls an. Zwei Legislaturperioden nahm er die Aufgaben eines stellvertretenden Ausschussvorsitzenden wahr. In diesem Ausschuss konnte Rudi Trageser stets sein Fachwissen und die Sicht der Landwirtschaft mit in die Debatten einbringen. Insbesondere wenn es um die Ausweisung neuer Gewerbe- oder Wohngebiete ging, die teilweise zum Wegfall von Ackerland und einer Bodenversiegelung f\u00fchrten, aber auch der Entwicklung der Gemeinde Linsengericht dienten.<\/p>\n<p>Als Landwirtschaftsmeister war Rudi Trageser von 1986 &#8211; 2011 im Vorstand des Kreisbauernverbandes t\u00e4tig. Der langj\u00e4hriger Ortslandwirt, Vorsitzende der Jagdgenossenschaft Gro\u00dfenhausen\/L\u00fctzelhausen, Wildschadensch\u00e4tzer, Aufsichtsrat der Moha-Milchwerke und Mitglied des Pr\u00fcfungsausschusses f\u00fcr die Ausbildung landwirtschaftlicher Lehrlinge war viele Jahre Bindeglied zwischen Gemeinde- und Kreisverwaltung, um die Interessen und Belange der Landwirtschaft in unserer Region zu vertreten.<\/p>\n<p>Auch war er fast 35 Jahre bei der Freiwilligen Feuerwehr Gro\u00dfenhausen aktiv. Eine besondere W\u00fcrdigung der Verdienste seiner Person sowohl auf kommunalpolitischer als auch auf Verbandsebene war die Verleihung des Ehrenbriefes des Landes Hessen durch den Ministerpr\u00e4sidenten am 15.06.2019. Die Ehrung fand anl\u00e4sslich des Hoffestes zum 80-j\u00e4hrigen Betriebsjubil\u00e4um der Familie Trageser statt. Bereits 1993 wurde ihm das Silberne Brandschutzehrenzeichen f\u00fcr 25 Jahre aktiven Dienst bei der Freiwilligen Feuerwehr Gro\u00dfenhausen und der L\u00f6schgruppe Waldrode verliehen.<\/p>\n<p>\u201eMit Rudi Trageser haben wir einen der Dorfgemeinschaft sehr verbundenen Mitb\u00fcrger verloren, der sehr viel Engagement f\u00fcr das d\u00f6rfliche Leben und unsere Gesellschaft einbrachte \u201c, so der Fraktionsvorsitzende der B\u00fcrgerliste\/FWG Linsengericht, Heinz Breitenbach, in seinem Nachruf.<\/p>\n<p>Die Trauerfeier f\u00fcr den Verstorbenen fand am Mittwoch, den 11. M\u00e4rz 2026 um 14.00 Uhr vom Trauerhaus aus statt.<\/p>\n<p><strong><img loading=\"lazy\" decoding=\"async\" class=\"alignnone size-medium wp-image-2432\" src=\"https:\/\/www.buergerliste-linsengericht.de\/wp-content\/uploads\/2026\/03\/Rudi-Trageser-213x300.jpg\" alt=\"\" width=\"213\" height=\"300\" srcset=\"https:\/\/www.buergerliste-linsengericht.de\/wp-content\/uploads\/2026\/03\/Rudi-Trageser-213x300.jpg 213w, https:\/\/www.buergerliste-linsengericht.de\/wp-content\/uploads\/2026\/03\/Rudi-Trageser.jpg 344w\" sizes=\"(max-width: 213px) 100vw, 213px\" \/><\/strong><\/p>\n<p>Rudi Trageser, wie wir ihn in Erinnerung behalten werden.<\/p>\n<p>&nbsp;<\/p>\n","protected":false},"excerpt":{"rendered":"<p>Nachruf zum Tode von Rudi Trageser Die B\u00fcrgerliste\/FWG Linsengericht trauert um ihren Ehrengemeindevertreter Rudi Trageser, der am 04. M\u00e4rz 2026 im Alter von 75 Jahren verstorben ist. In Waldrode geboren und aufgewachsen engagierte sich der Verstorbene sehr stark f\u00fcr das Allgemeinwohl, aber auch f\u00fcr seinen Berufsstand die Landwirtschaft.\u00a0Nach dem Besuch der Volksschule Horbach wechselte er [&hellip;]<\/p>\n","protected":false},"author":3,"featured_media":2432,"comment_status":"closed","ping_status":"closed","sticky":false,"template":"","format":"standard","meta":{"_et_pb_use_builder":"","_et_pb_old_content":"","_et_gb_content_width":"","footnotes":""},"categories":[42],"tags":[130,165,293,173,139,128,159,285,72,286,299,300,67],"class_list":["post-2431","post","type-post","status-publish","format-standard","has-post-thumbnail","hentry","category-presse-2025","tag-130","tag-breitenbach","tag-ehrenamt","tag-fraktion","tag-freie-waehler","tag-gemeindevertretung","tag-hessen","tag-kreis","tag-landwirtschaft","tag-main-kinzig","tag-rudi","tag-trageser","tag-waldrode"],"_links":{"self":[{"href":"https:\/\/www.buergerliste-linsengericht.de\/index.php\/wp-json\/wp\/v2\/posts\/2431","targetHints":{"allow":["GET"]}}],"collection":[{"href":"https:\/\/www.buergerliste-linsengericht.de\/index.php\/wp-json\/wp\/v2\/posts"}],"about":[{"href":"https:\/\/www.buergerliste-linsengericht.de\/index.php\/wp-json\/wp\/v2\/types\/post"}],"author":[{"embeddable":true,"href":"https:\/\/www.buergerliste-linsengericht.de\/index.php\/wp-json\/wp\/v2\/users\/3"}],"replies":[{"embeddable":true,"href":"https:\/\/www.buergerliste-linsengericht.de\/index.php\/wp-json\/wp\/v2\/comments?post=2431"}],"version-history":[{"count":1,"href":"https:\/\/www.buergerliste-linsengericht.de\/index.php\/wp-json\/wp\/v2\/posts\/2431\/revisions"}],"predecessor-version":[{"id":2433,"href":"https:\/\/www.buergerliste-linsengericht.de\/index.php\/wp-json\/wp\/v2\/posts\/2431\/revisions\/2433"}],"wp:featuredmedia":[{"embeddable":true,"href":"https:\/\/www.buergerliste-linsengericht.de\/index.php\/wp-json\/wp\/v2\/media\/2432"}],"wp:attachment":[{"href":"https:\/\/www.buergerliste-linsengericht.de\/index.php\/wp-json\/wp\/v2\/media?parent=2431"}],"wp:term":[{"taxonomy":"category","embeddable":true,"href":"https:\/\/www.buergerliste-linsengericht.de\/index.php\/wp-json\/wp\/v2\/categories?post=2431"},{"taxonomy":"post_tag","embeddable":true,"href":"https:\/\/www.buergerliste-linsengericht.de\/index.php\/wp-json\/wp\/v2\/tags?post=2431"}],"curies":[{"name":"wp","href":"https:\/\/api.w.org\/{rel}","templated":true}]}}