{"id":2322,"date":"2026-02-02T10:45:58","date_gmt":"2026-02-02T09:45:58","guid":{"rendered":"https:\/\/www.buergerliste-linsengericht.de\/?p=2322"},"modified":"2026-02-02T16:33:50","modified_gmt":"2026-02-02T15:33:50","slug":"linsengericht-helau","status":"publish","type":"post","link":"https:\/\/www.buergerliste-linsengericht.de\/index.php\/2026\/02\/02\/linsengericht-helau\/","title":{"rendered":"Linsengericht &#8211; Helau!"},"content":{"rendered":"<p><strong>Linsengericht &#8211; Helau!<\/strong><\/p>\n<p>Nach dem Besuch der Faschingssitzungen des Eidenges\u00e4\u00dfer Carnevalsvereins &#8222;Die Sp\u00e4tz\u00fcnder&#8220; e.V. in Eidenges\u00e4\u00df am 24.01., sowie des <a href=\"https:\/\/fidelio-altenhasslau.de\/\" target=\"_blank\" rel=\"noopener\">Kultur-, Sport- und Geselligkeitsvereins FIDELIO ALTEHASSLAU e.V.<\/a> im dortigen B\u00fcrgersaal am 30. + 31.01. durch Abordnungen der B\u00fcrgerliste geht auch der Fasching parallel zum B\u00fcrgermeister- und Kommunalwahlkampf in seine hei\u00dfe Phase.<\/p>\n<p>Aber was gibt es denn Sch\u00f6neres, als wenn die Narren die &#8211; zugegebenerma\u00dfen nicht immer nachzuvollziehende &#8211; Welt-, Bundes-, Landes- und Kommunalpolitik an &#8222;Fassenacht&#8220; ordentlich &#8222;durch den Kakao&#8220; ziehen? \ud83d\ude42<\/p>\n<p>In diesem Sinne: Haseln\u00fcss &#8211; Helau!\u00a0 FSV Geislitz &#8211; Helau!\u00a0 Sp\u00e4tz\u00fcnder &#8211; Helau!\u00a0 Fidelio &#8211; Helau! Und allen noch eine lustige restliche Kampagne bis Aschermittwoch!<\/p>\n<p><img loading=\"lazy\" decoding=\"async\" class=\"alignnone size-medium wp-image-2320\" src=\"https:\/\/www.buergerliste-linsengericht.de\/wp-content\/uploads\/2026\/02\/Logo-Fasching-mit-Himmel-300x200.jpg\" alt=\"\" width=\"300\" height=\"200\" \/><\/p>\n","protected":false},"excerpt":{"rendered":"<p>Linsengericht &#8211; Helau! Nach dem Besuch der Faschingssitzungen des Eidenges\u00e4\u00dfer Carnevalsvereins &#8222;Die Sp\u00e4tz\u00fcnder&#8220; e.V. in Eidenges\u00e4\u00df am 24.01., sowie des Kultur-, Sport- und Geselligkeitsvereins FIDELIO ALTEHASSLAU e.V. im dortigen B\u00fcrgersaal am 30. + 31.01. durch Abordnungen der B\u00fcrgerliste geht auch der Fasching parallel zum B\u00fcrgermeister- und Kommunalwahlkampf in seine hei\u00dfe Phase. Aber was gibt es [&hellip;]<\/p>\n","protected":false},"author":3,"featured_media":2320,"comment_status":"closed","ping_status":"closed","sticky":false,"template":"","format":"standard","meta":{"_et_pb_use_builder":"","_et_pb_old_content":"","_et_gb_content_width":"","footnotes":""},"categories":[42],"tags":[130,276,194,134,172,282,275,173,139,128,159,278,243,34,242,283,179,277,281,89,138,274,254],"class_list":["post-2322","post","type-post","status-publish","format-standard","has-post-thumbnail","hentry","category-presse-2025","tag-130","tag-broschueren","tag-buergermeister","tag-buergermeisterkandidatin","tag-dein","tag-fasching","tag-flyer","tag-fraktion","tag-freie-waehler","tag-gemeindevertretung","tag-hessen","tag-homepage","tag-kommunalwahl","tag-kultur","tag-liste","tag-plakate","tag-rathaus","tag-social-media","tag-vereine","tag-wahl","tag-wahlkampf","tag-wahlvorbereitung","tag-winter"],"_links":{"self":[{"href":"https:\/\/www.buergerliste-linsengericht.de\/index.php\/wp-json\/wp\/v2\/posts\/2322","targetHints":{"allow":["GET"]}}],"collection":[{"href":"https:\/\/www.buergerliste-linsengericht.de\/index.php\/wp-json\/wp\/v2\/posts"}],"about":[{"href":"https:\/\/www.buergerliste-linsengericht.de\/index.php\/wp-json\/wp\/v2\/types\/post"}],"author":[{"embeddable":true,"href":"https:\/\/www.buergerliste-linsengericht.de\/index.php\/wp-json\/wp\/v2\/users\/3"}],"replies":[{"embeddable":true,"href":"https:\/\/www.buergerliste-linsengericht.de\/index.php\/wp-json\/wp\/v2\/comments?post=2322"}],"version-history":[{"count":5,"href":"https:\/\/www.buergerliste-linsengericht.de\/index.php\/wp-json\/wp\/v2\/posts\/2322\/revisions"}],"predecessor-version":[{"id":2327,"href":"https:\/\/www.buergerliste-linsengericht.de\/index.php\/wp-json\/wp\/v2\/posts\/2322\/revisions\/2327"}],"wp:featuredmedia":[{"embeddable":true,"href":"https:\/\/www.buergerliste-linsengericht.de\/index.php\/wp-json\/wp\/v2\/media\/2320"}],"wp:attachment":[{"href":"https:\/\/www.buergerliste-linsengericht.de\/index.php\/wp-json\/wp\/v2\/media?parent=2322"}],"wp:term":[{"taxonomy":"category","embeddable":true,"href":"https:\/\/www.buergerliste-linsengericht.de\/index.php\/wp-json\/wp\/v2\/categories?post=2322"},{"taxonomy":"post_tag","embeddable":true,"href":"https:\/\/www.buergerliste-linsengericht.de\/index.php\/wp-json\/wp\/v2\/tags?post=2322"}],"curies":[{"name":"wp","href":"https:\/\/api.w.org\/{rel}","templated":true}]}}