{"id":2292,"date":"2026-01-26T21:20:32","date_gmt":"2026-01-26T20:20:32","guid":{"rendered":"https:\/\/www.buergerliste-linsengericht.de\/?p=2292"},"modified":"2026-01-26T21:20:32","modified_gmt":"2026-01-26T20:20:32","slug":"buergerliste-fwg-linsengericht-laedt-zum-kennenlernen-ein","status":"publish","type":"post","link":"https:\/\/www.buergerliste-linsengericht.de\/index.php\/2026\/01\/26\/buergerliste-fwg-linsengericht-laedt-zum-kennenlernen-ein\/","title":{"rendered":"B\u00fcrgerliste\/FWG Linsengericht l\u00e4dt zum Kennenlernen ein"},"content":{"rendered":"<p><strong>Gute Politik beginnt mit Zuh\u00f6ren\u00a0 <\/strong><\/p>\n<p>Die B\u00fcrgerliste\/FWG Linsengericht startet eine Gespr\u00e4chsrunde unter dem Motto\u00a0\u201eGute Politik beginnt mit Zuh\u00f6ren\u201c und l\u00e4dt die B\u00fcrgerinnen und B\u00fcrger der Gemeinde Linsengericht ein, die Kandidatinnen und Kandidaten der heimischen Freien W\u00e4hlergemeinschaft f\u00fcr die Kommunalwahl am 15. M\u00e4rz 2026 pers\u00f6nlich kennenzulernen.<\/p>\n<p>Los geht\u2019s am <strong>Donnerstag, 29. Jan. 2026 um 19 Uhr in der \u201eReinhardssch\u00e4nke\u201c in Altenha\u00dflau<\/strong>, bevor im Februar weitere Ortsteile folgen werden.<\/p>\n<p>\u201eZun\u00e4chst m\u00f6chten wir Ihnen unser Wahlprogramm f\u00fcr die Wahlperiode 2026-2031 kurz vorstellen und Ihre sicherlich vorhandenen Fragen dazu beantworten. Aber auch Ihre pers\u00f6nlichen Anliegen nehmen wir an diesem Abend gerne auf, um m\u00f6gliche L\u00f6sungswege aufzeigen zu k\u00f6nnen. Wir freuen uns auf Ihren Besuch\u201c, so die Vertreter der B\u00fcrgerliste \/ FWG Linsengericht.<\/p>\n<p><img loading=\"lazy\" decoding=\"async\" class=\"alignnone wp-image-1691 size-medium\" src=\"https:\/\/www.buergerliste-linsengericht.de\/wp-content\/uploads\/2022\/06\/LOGO-Buergerliste-FW-Linsengericht--300x300.jpeg\" alt=\"\" width=\"300\" height=\"300\" \/><\/p>\n<p>&nbsp;<\/p>\n<p>&nbsp;<\/p>\n","protected":false},"excerpt":{"rendered":"<p>Gute Politik beginnt mit Zuh\u00f6ren\u00a0 Die B\u00fcrgerliste\/FWG Linsengericht startet eine Gespr\u00e4chsrunde unter dem Motto\u00a0\u201eGute Politik beginnt mit Zuh\u00f6ren\u201c und l\u00e4dt die B\u00fcrgerinnen und B\u00fcrger der Gemeinde Linsengericht ein, die Kandidatinnen und Kandidaten der heimischen Freien W\u00e4hlergemeinschaft f\u00fcr die Kommunalwahl am 15. M\u00e4rz 2026 pers\u00f6nlich kennenzulernen. Los geht\u2019s am Donnerstag, 29. Jan. 2026 um 19 Uhr [&hellip;]<\/p>\n","protected":false},"author":3,"featured_media":1691,"comment_status":"closed","ping_status":"closed","sticky":false,"template":"","format":"standard","meta":{"_et_pb_use_builder":"","_et_pb_old_content":"","_et_gb_content_width":"","footnotes":""},"categories":[42],"tags":[130,276,194,134,172,275,173,139,128,159,278,243,34,242,179,277,232,281,89,138,274,254],"class_list":["post-2292","post","type-post","status-publish","format-standard","has-post-thumbnail","hentry","category-presse-2025","tag-130","tag-broschueren","tag-buergermeister","tag-buergermeisterkandidatin","tag-dein","tag-flyer","tag-fraktion","tag-freie-waehler","tag-gemeindevertretung","tag-hessen","tag-homepage","tag-kommunalwahl","tag-kultur","tag-liste","tag-rathaus","tag-social-media","tag-soziales","tag-vereine","tag-wahl","tag-wahlkampf","tag-wahlvorbereitung","tag-winter"],"_links":{"self":[{"href":"https:\/\/www.buergerliste-linsengericht.de\/index.php\/wp-json\/wp\/v2\/posts\/2292","targetHints":{"allow":["GET"]}}],"collection":[{"href":"https:\/\/www.buergerliste-linsengericht.de\/index.php\/wp-json\/wp\/v2\/posts"}],"about":[{"href":"https:\/\/www.buergerliste-linsengericht.de\/index.php\/wp-json\/wp\/v2\/types\/post"}],"author":[{"embeddable":true,"href":"https:\/\/www.buergerliste-linsengericht.de\/index.php\/wp-json\/wp\/v2\/users\/3"}],"replies":[{"embeddable":true,"href":"https:\/\/www.buergerliste-linsengericht.de\/index.php\/wp-json\/wp\/v2\/comments?post=2292"}],"version-history":[{"count":1,"href":"https:\/\/www.buergerliste-linsengericht.de\/index.php\/wp-json\/wp\/v2\/posts\/2292\/revisions"}],"predecessor-version":[{"id":2293,"href":"https:\/\/www.buergerliste-linsengericht.de\/index.php\/wp-json\/wp\/v2\/posts\/2292\/revisions\/2293"}],"wp:featuredmedia":[{"embeddable":true,"href":"https:\/\/www.buergerliste-linsengericht.de\/index.php\/wp-json\/wp\/v2\/media\/1691"}],"wp:attachment":[{"href":"https:\/\/www.buergerliste-linsengericht.de\/index.php\/wp-json\/wp\/v2\/media?parent=2292"}],"wp:term":[{"taxonomy":"category","embeddable":true,"href":"https:\/\/www.buergerliste-linsengericht.de\/index.php\/wp-json\/wp\/v2\/categories?post=2292"},{"taxonomy":"post_tag","embeddable":true,"href":"https:\/\/www.buergerliste-linsengericht.de\/index.php\/wp-json\/wp\/v2\/tags?post=2292"}],"curies":[{"name":"wp","href":"https:\/\/api.w.org\/{rel}","templated":true}]}}