{"id":2280,"date":"2026-01-26T19:38:27","date_gmt":"2026-01-26T18:38:27","guid":{"rendered":"https:\/\/www.buergerliste-linsengericht.de\/?p=2280"},"modified":"2026-02-02T10:37:50","modified_gmt":"2026-02-02T09:37:50","slug":"buergerliste-fwg-linsengericht-praesentiert-dritte-wahlbroschuere-briefwahlantrag-bald-moeglich","status":"publish","type":"post","link":"https:\/\/www.buergerliste-linsengericht.de\/index.php\/2026\/01\/26\/buergerliste-fwg-linsengericht-praesentiert-dritte-wahlbroschuere-briefwahlantrag-bald-moeglich\/","title":{"rendered":"B\u00fcrgerliste\/FWG Linsengericht pr\u00e4sentiert dritte Wahlbrosch\u00fcre &#8211; Briefwahlantrag bald m\u00f6glich"},"content":{"rendered":"<p>Am kommenden Wochenende startet die Verteilung unserer\u00a0<a href=\"https:\/\/www.buergerliste-linsengericht.de\/wp-content\/uploads\/2026\/1\/BGL_Bosch_Kandidatenliste_endKopie.pdf\" target=\"_blank\" rel=\"noopener\">dritten Brosch\u00fcre<\/a>, in der B\u00fcrgermeisterkandidatin Nicole Dein einige ihrer Wahlziele pr\u00e4sentiert. Au\u00dferdem finden sich die Wahlziele und die Gemeindevertretungskandidatinnen und -kandidaten der B\u00fcrgerliste Linsengericht, sowie die Linsengerichter Kandidatinnen und Kandidaten f\u00fcr den Kreistag des Main-Kinzig-Kreises darin. <a href=\"https:\/\/www.buergerliste-linsengericht.de\/wp-content\/uploads\/2026\/1\/BGL_Bosch_Kandidatenliste_endKopie.pdf\" target=\"_blank\" rel=\"noopener\">F\u00fcr unsere Homepage-Besucher ist sie bereits heute hier abrufbar.<\/a><\/p>\n<p>Schon gewusst? Ab Montag, den 2. Februar 2026 k\u00f6nnen Sie f\u00fcr die B\u00fcrgermeister- und Kommunalwahl auch Ihre Briefwahlunterlagen online beantragen. Die entsprechende Seite finden Sie ab dem 2. Februar 2026 <a href=\"https:\/\/wahlschein.ekom21.de\/IWS\/start.do?mb=6435018\" target=\"_blank\" rel=\"noopener\">hier<\/a>, derzeit ist sie jedoch noch nicht freigeschaltet.<\/p>\n<p><img loading=\"lazy\" decoding=\"async\" class=\"alignnone wp-image-2281 size-medium\" src=\"https:\/\/www.buergerliste-linsengericht.de\/wp-content\/uploads\/2026\/01\/Deckblatt-Broschuere-213x300.jpg\" alt=\"\" width=\"213\" height=\"300\" \/><\/p>\n<p>&nbsp;<\/p>\n<p>&nbsp;<\/p>\n","protected":false},"excerpt":{"rendered":"<p>Am kommenden Wochenende startet die Verteilung unserer\u00a0dritten Brosch\u00fcre, in der B\u00fcrgermeisterkandidatin Nicole Dein einige ihrer Wahlziele pr\u00e4sentiert. Au\u00dferdem finden sich die Wahlziele und die Gemeindevertretungskandidatinnen und -kandidaten der B\u00fcrgerliste Linsengericht, sowie die Linsengerichter Kandidatinnen und Kandidaten f\u00fcr den Kreistag des Main-Kinzig-Kreises darin. F\u00fcr unsere Homepage-Besucher ist sie bereits heute hier abrufbar. Schon gewusst? Ab Montag, [&hellip;]<\/p>\n","protected":false},"author":3,"featured_media":2281,"comment_status":"closed","ping_status":"closed","sticky":false,"template":"","format":"standard","meta":{"_et_pb_use_builder":"","_et_pb_old_content":"","_et_gb_content_width":"","footnotes":""},"categories":[42],"tags":[130,276,194,134,172,275,173,139,128,159,278,243,34,242,179,277,232,281,89,138,274,254],"class_list":["post-2280","post","type-post","status-publish","format-standard","has-post-thumbnail","hentry","category-presse-2025","tag-130","tag-broschueren","tag-buergermeister","tag-buergermeisterkandidatin","tag-dein","tag-flyer","tag-fraktion","tag-freie-waehler","tag-gemeindevertretung","tag-hessen","tag-homepage","tag-kommunalwahl","tag-kultur","tag-liste","tag-rathaus","tag-social-media","tag-soziales","tag-vereine","tag-wahl","tag-wahlkampf","tag-wahlvorbereitung","tag-winter"],"_links":{"self":[{"href":"https:\/\/www.buergerliste-linsengericht.de\/index.php\/wp-json\/wp\/v2\/posts\/2280","targetHints":{"allow":["GET"]}}],"collection":[{"href":"https:\/\/www.buergerliste-linsengericht.de\/index.php\/wp-json\/wp\/v2\/posts"}],"about":[{"href":"https:\/\/www.buergerliste-linsengericht.de\/index.php\/wp-json\/wp\/v2\/types\/post"}],"author":[{"embeddable":true,"href":"https:\/\/www.buergerliste-linsengericht.de\/index.php\/wp-json\/wp\/v2\/users\/3"}],"replies":[{"embeddable":true,"href":"https:\/\/www.buergerliste-linsengericht.de\/index.php\/wp-json\/wp\/v2\/comments?post=2280"}],"version-history":[{"count":4,"href":"https:\/\/www.buergerliste-linsengericht.de\/index.php\/wp-json\/wp\/v2\/posts\/2280\/revisions"}],"predecessor-version":[{"id":2321,"href":"https:\/\/www.buergerliste-linsengericht.de\/index.php\/wp-json\/wp\/v2\/posts\/2280\/revisions\/2321"}],"wp:featuredmedia":[{"embeddable":true,"href":"https:\/\/www.buergerliste-linsengericht.de\/index.php\/wp-json\/wp\/v2\/media\/2281"}],"wp:attachment":[{"href":"https:\/\/www.buergerliste-linsengericht.de\/index.php\/wp-json\/wp\/v2\/media?parent=2280"}],"wp:term":[{"taxonomy":"category","embeddable":true,"href":"https:\/\/www.buergerliste-linsengericht.de\/index.php\/wp-json\/wp\/v2\/categories?post=2280"},{"taxonomy":"post_tag","embeddable":true,"href":"https:\/\/www.buergerliste-linsengericht.de\/index.php\/wp-json\/wp\/v2\/tags?post=2280"}],"curies":[{"name":"wp","href":"https:\/\/api.w.org\/{rel}","templated":true}]}}