{"id":2265,"date":"2026-01-08T19:18:38","date_gmt":"2026-01-08T18:18:38","guid":{"rendered":"https:\/\/www.buergerliste-linsengericht.de\/?p=2265"},"modified":"2026-01-08T19:18:38","modified_gmt":"2026-01-08T18:18:38","slug":"buergerliste-fwg-linsengericht-feiert-700-jahre-luetzelhausen","status":"publish","type":"post","link":"https:\/\/www.buergerliste-linsengericht.de\/index.php\/2026\/01\/08\/buergerliste-fwg-linsengericht-feiert-700-jahre-luetzelhausen\/","title":{"rendered":"B\u00fcrgerliste\/FWG Linsengericht feiert 700 Jahre L\u00fctzelhausen"},"content":{"rendered":"<p>Die B\u00fcrgerliste\/FWG Linsengericht war zahlreich vertreten beim Festakt des Dorfvereins L\u00fctzelhausen anl\u00e4sslich der 700 Jahrfeier am 3. Januar 2026 in der Turnhalle am Berg.<\/p>\n<p>Die Mitglieder der Freien W\u00e4hlergemeinschaft um den Vorsitzenden Ruben Hundhausen, die B\u00fcrgermeisterkandidatin Nicole Dein und den Fraktionsvorsitzenden Heinz Breitenbach genossen den kurzweiligen Abend mit Darbietungen der S\u00e4ngerlust L\u00fctzelhausen, der Rentnerbank des Theatervereins \u201eRiwwelkuche\u201c und der Linsengerichter Musikanten, die den offiziellen Teil und die geschichtlichen R\u00fcckblicke von Lutz Ke\u00dfler und Co-Moderatorin Nadine Herbst vom Dorfverein hervorragend abrundeten. Ein \u00fcberaus gelungener Beginn war dieser Festabend, so die einhellige Meinung der Vertreter der B\u00fcrgerliste, die vor und nach dem Programm interessante Gespr\u00e4che f\u00fchrten.<\/p>\n<p>Als Geschenk k\u00fcndigten die heimischen Freien W\u00e4hler die Pflanzung eines Baumes an geeigneter Stelle in L\u00fctzelhausen an, die in enger Abstimmung mit dem Dorfverein L\u00fctzelhausen und der Gemeinde Linsengericht nach Abschluss der Feierlichkeiten im Herbst diesen Jahres erfolgen soll.<\/p>\n<p><img loading=\"lazy\" decoding=\"async\" class=\"alignnone wp-image-2266 size-medium\" src=\"https:\/\/www.buergerliste-linsengericht.de\/wp-content\/uploads\/2026\/01\/700-Jahre-Luetzelhausen-225x300.jpg\" alt=\"\" width=\"225\" height=\"300\" \/><\/p>\n<p>B\u00fcrgerliste\/FWG Linsengericht beim Festakt 700 Jahre L\u00fctzelhausen<\/p>\n<p>&nbsp;<\/p>\n","protected":false},"excerpt":{"rendered":"<p>Die B\u00fcrgerliste\/FWG Linsengericht war zahlreich vertreten beim Festakt des Dorfvereins L\u00fctzelhausen anl\u00e4sslich der 700 Jahrfeier am 3. Januar 2026 in der Turnhalle am Berg. Die Mitglieder der Freien W\u00e4hlergemeinschaft um den Vorsitzenden Ruben Hundhausen, die B\u00fcrgermeisterkandidatin Nicole Dein und den Fraktionsvorsitzenden Heinz Breitenbach genossen den kurzweiligen Abend mit Darbietungen der S\u00e4ngerlust L\u00fctzelhausen, der Rentnerbank des [&hellip;]<\/p>\n","protected":false},"author":3,"featured_media":2266,"comment_status":"closed","ping_status":"closed","sticky":false,"template":"","format":"standard","meta":{"_et_pb_use_builder":"","_et_pb_old_content":"","_et_gb_content_width":"","footnotes":""},"categories":[42],"tags":[130,279,276,194,134,172,275,173,139,128,159,278,280,243,34,242,273,179,277,232,281,89,138,274,254],"class_list":["post-2265","post","type-post","status-publish","format-standard","has-post-thumbnail","hentry","category-presse-2025","tag-130","tag-700-jahre-luetzelhausen","tag-broschueren","tag-buergermeister","tag-buergermeisterkandidatin","tag-dein","tag-flyer","tag-fraktion","tag-freie-waehler","tag-gemeindevertretung","tag-hessen","tag-homepage","tag-kommers","tag-kommunalwahl","tag-kultur","tag-liste","tag-neujahr","tag-rathaus","tag-social-media","tag-soziales","tag-vereine","tag-wahl","tag-wahlkampf","tag-wahlvorbereitung","tag-winter"],"_links":{"self":[{"href":"https:\/\/www.buergerliste-linsengericht.de\/index.php\/wp-json\/wp\/v2\/posts\/2265","targetHints":{"allow":["GET"]}}],"collection":[{"href":"https:\/\/www.buergerliste-linsengericht.de\/index.php\/wp-json\/wp\/v2\/posts"}],"about":[{"href":"https:\/\/www.buergerliste-linsengericht.de\/index.php\/wp-json\/wp\/v2\/types\/post"}],"author":[{"embeddable":true,"href":"https:\/\/www.buergerliste-linsengericht.de\/index.php\/wp-json\/wp\/v2\/users\/3"}],"replies":[{"embeddable":true,"href":"https:\/\/www.buergerliste-linsengericht.de\/index.php\/wp-json\/wp\/v2\/comments?post=2265"}],"version-history":[{"count":1,"href":"https:\/\/www.buergerliste-linsengericht.de\/index.php\/wp-json\/wp\/v2\/posts\/2265\/revisions"}],"predecessor-version":[{"id":2267,"href":"https:\/\/www.buergerliste-linsengericht.de\/index.php\/wp-json\/wp\/v2\/posts\/2265\/revisions\/2267"}],"wp:featuredmedia":[{"embeddable":true,"href":"https:\/\/www.buergerliste-linsengericht.de\/index.php\/wp-json\/wp\/v2\/media\/2266"}],"wp:attachment":[{"href":"https:\/\/www.buergerliste-linsengericht.de\/index.php\/wp-json\/wp\/v2\/media?parent=2265"}],"wp:term":[{"taxonomy":"category","embeddable":true,"href":"https:\/\/www.buergerliste-linsengericht.de\/index.php\/wp-json\/wp\/v2\/categories?post=2265"},{"taxonomy":"post_tag","embeddable":true,"href":"https:\/\/www.buergerliste-linsengericht.de\/index.php\/wp-json\/wp\/v2\/tags?post=2265"}],"curies":[{"name":"wp","href":"https:\/\/api.w.org\/{rel}","templated":true}]}}