{"id":2258,"date":"2026-01-04T17:06:56","date_gmt":"2026-01-04T16:06:56","guid":{"rendered":"https:\/\/www.buergerliste-linsengericht.de\/?p=2258"},"modified":"2026-01-04T18:46:05","modified_gmt":"2026-01-04T17:46:05","slug":"wahlkampfvorbereitungen-bei-der-buergerliste-fwg-linsengericht-laufen-auf-vollen-touren","status":"publish","type":"post","link":"https:\/\/www.buergerliste-linsengericht.de\/index.php\/2026\/01\/04\/wahlkampfvorbereitungen-bei-der-buergerliste-fwg-linsengericht-laufen-auf-vollen-touren\/","title":{"rendered":"Wahlkampfvorbereitungen bei der B\u00fcrgerliste\/FWG Linsengericht laufen auf vollen Touren"},"content":{"rendered":"<p>Das Wahlvorbereitungsteam der B\u00fcrgerliste \/ Freie W\u00e4hlergemeinschaft traf sich auch kurz vor Weihnachten und zwischen den Jahren, um die Wahlthemen, sowie zahlreiche weitere Ideen und Aktionen zu besprechen.<\/p>\n<p>\u201eNeben weiteren Presseartikeln, Plakaten, Brosch\u00fcren, Fotoaufnahmen des klassischen Wahlkampfes und verschiedenen Pr\u00e4senzterminen der Kandidatinnen und Kandidaten f\u00fcr die Gemeindevertretung und B\u00fcrgermeisterkandidatin Nicole Dein gilt es, auch regelm\u00e4\u00dfig die verschiedensten Social-Media-Aktivit\u00e4ten und Homepages zu koordinieren und sich auch immer wieder pers\u00f6nlich untereinander zu informieren\u201c, so BGL-Vorsitzender Ruben Hundhausen. \u201eMit Nadine Herbst haben wir eine versierte neue Kollegin f\u00fcr den Social Media Bereich gewinnen k\u00f6nnen, die zuk\u00fcnftig ihre Kompetenz f\u00fcr unseren Wahlkampf einbringen wird\u201c.<\/p>\n<p>\u201eAuch die Zusammenarbeit mit professionellen Fotografen, Mediengestalterinnen und Druckdienstleistern erfordert einen gewissen Zeitaufwand, wobei die Hauptarbeit nat\u00fcrlich immer noch durch die Vorstands- und Fraktionsmitglieder und neue Kandidatinnen und Kandidaten ehrenamtlich erbracht wird\u201c, betonte Fraktionsvorsitzender Heinz Breitenbach.<\/p>\n<p>\u201eDa in der heutigen Zeit alle Kan\u00e4le bespielt werden wollen, ist diese Aufgabe innerhalb der B\u00fcrgerliste auf mehrere Schultern verteilt, sodass jede Person ihre Interessen und St\u00e4rken entsprechend einbringen kann\u201c, so BGL-Pressewart Sebastian Dein, bei dem &#8211; ebenso wie bei Heinz Breitenbach und Ruben Hundhausen &#8211; viele F\u00e4den zusammenlaufen, abschlie\u00dfend.<\/p>\n<p><img loading=\"lazy\" decoding=\"async\" class=\"alignnone wp-image-2259 size-medium\" src=\"https:\/\/www.buergerliste-linsengericht.de\/wp-content\/uploads\/2026\/01\/Wahlausschuss-225x300.jpeg\" alt=\"\" width=\"225\" height=\"300\" \/><\/p>\n<p>Von links: Klaus Balzer, Stephanie Knopp, B\u00fcrgermeisterkandidatin Nicole Dein, Nadine Herbst, Mark Trageser, Ruben Hundhausen und Nils \u00d6fner<\/p>\n<p><img loading=\"lazy\" decoding=\"async\" class=\"alignnone size-medium wp-image-2261\" src=\"https:\/\/www.buergerliste-linsengericht.de\/wp-content\/uploads\/2026\/01\/Wahlausschuss-30.12.2025-300x225.jpeg\" alt=\"\" width=\"300\" height=\"225\" \/><\/p>\n<p>Von links: Dirk Seybold, Prof. Dr. Matthias Rohde, Wilfried Straub, Nadine Herbst, Sebastian Dein, Klaus Balzer und Ruben Hundhausen<\/p>\n","protected":false},"excerpt":{"rendered":"<p>Das Wahlvorbereitungsteam der B\u00fcrgerliste \/ Freie W\u00e4hlergemeinschaft traf sich auch kurz vor Weihnachten und zwischen den Jahren, um die Wahlthemen, sowie zahlreiche weitere Ideen und Aktionen zu besprechen. \u201eNeben weiteren Presseartikeln, Plakaten, Brosch\u00fcren, Fotoaufnahmen des klassischen Wahlkampfes und verschiedenen Pr\u00e4senzterminen der Kandidatinnen und Kandidaten f\u00fcr die Gemeindevertretung und B\u00fcrgermeisterkandidatin Nicole Dein gilt es, auch regelm\u00e4\u00dfig [&hellip;]<\/p>\n","protected":false},"author":3,"featured_media":2259,"comment_status":"closed","ping_status":"closed","sticky":false,"template":"","format":"standard","meta":{"_et_pb_use_builder":"","_et_pb_old_content":"","_et_gb_content_width":"","footnotes":""},"categories":[42],"tags":[130,276,194,134,172,275,173,139,128,159,278,243,242,273,179,277,89,138,274,272,254],"class_list":["post-2258","post","type-post","status-publish","format-standard","has-post-thumbnail","hentry","category-presse-2025","tag-130","tag-broschueren","tag-buergermeister","tag-buergermeisterkandidatin","tag-dein","tag-flyer","tag-fraktion","tag-freie-waehler","tag-gemeindevertretung","tag-hessen","tag-homepage","tag-kommunalwahl","tag-liste","tag-neujahr","tag-rathaus","tag-social-media","tag-wahl","tag-wahlkampf","tag-wahlvorbereitung","tag-weihnachten","tag-winter"],"_links":{"self":[{"href":"https:\/\/www.buergerliste-linsengericht.de\/index.php\/wp-json\/wp\/v2\/posts\/2258","targetHints":{"allow":["GET"]}}],"collection":[{"href":"https:\/\/www.buergerliste-linsengericht.de\/index.php\/wp-json\/wp\/v2\/posts"}],"about":[{"href":"https:\/\/www.buergerliste-linsengericht.de\/index.php\/wp-json\/wp\/v2\/types\/post"}],"author":[{"embeddable":true,"href":"https:\/\/www.buergerliste-linsengericht.de\/index.php\/wp-json\/wp\/v2\/users\/3"}],"replies":[{"embeddable":true,"href":"https:\/\/www.buergerliste-linsengericht.de\/index.php\/wp-json\/wp\/v2\/comments?post=2258"}],"version-history":[{"count":3,"href":"https:\/\/www.buergerliste-linsengericht.de\/index.php\/wp-json\/wp\/v2\/posts\/2258\/revisions"}],"predecessor-version":[{"id":2263,"href":"https:\/\/www.buergerliste-linsengericht.de\/index.php\/wp-json\/wp\/v2\/posts\/2258\/revisions\/2263"}],"wp:featuredmedia":[{"embeddable":true,"href":"https:\/\/www.buergerliste-linsengericht.de\/index.php\/wp-json\/wp\/v2\/media\/2259"}],"wp:attachment":[{"href":"https:\/\/www.buergerliste-linsengericht.de\/index.php\/wp-json\/wp\/v2\/media?parent=2258"}],"wp:term":[{"taxonomy":"category","embeddable":true,"href":"https:\/\/www.buergerliste-linsengericht.de\/index.php\/wp-json\/wp\/v2\/categories?post=2258"},{"taxonomy":"post_tag","embeddable":true,"href":"https:\/\/www.buergerliste-linsengericht.de\/index.php\/wp-json\/wp\/v2\/tags?post=2258"}],"curies":[{"name":"wp","href":"https:\/\/api.w.org\/{rel}","templated":true}]}}