{"id":2173,"date":"2025-11-28T18:52:38","date_gmt":"2025-11-28T17:52:38","guid":{"rendered":"https:\/\/www.buergerliste-linsengericht.de\/?p=2173"},"modified":"2025-11-28T18:56:44","modified_gmt":"2025-11-28T17:56:44","slug":"buergerliste-fwg-linsengericht-beschliesst-die-liste-der-kandidatinnen-und-kandidaten-fuer-die-kommunalwahl-2026","status":"publish","type":"post","link":"https:\/\/www.buergerliste-linsengericht.de\/index.php\/2025\/11\/28\/buergerliste-fwg-linsengericht-beschliesst-die-liste-der-kandidatinnen-und-kandidaten-fuer-die-kommunalwahl-2026\/","title":{"rendered":"B\u00fcrgerliste \/ FWG Linsengericht beschlie\u00dft die Liste der Kandidatinnen und Kandidaten f\u00fcr die Kommunalwahl 2026"},"content":{"rendered":"<p>Die Kommunal- und B\u00fcrgermeisterwahlen am 15. M\u00e4rz 2026 werfen weiterhin ihre Schatten voraus: Bei ihrer Mitgliederversammlung am 27. Nov. hat die B\u00fcrgerliste im Geislitzer Hasenheim nun diejenigen Personen in geheimer Wahl gew\u00e4hlt, die f\u00fcr die heimische Freie W\u00e4hlergemeinschaft in die neue Linsengerichter Gemeindevertretung einziehen wollen.<\/p>\n<p>\u201eNach zahlreichen Gespr\u00e4chen im Vorfeld ist es uns gelungen, eine gute Mischung von 23 Kandidatinnen und Kandidaten aus allen Altersgruppen und Ortsteilen zusammenzustellen\u201c, so Vorsitzender Ruben Hundhausen, der auch die Versammlung leitete und auf die zahlreichen bisherigen Wahlkampfaktivit\u00e4ten seit Mai diesen Jahres und den Familientag der B\u00fcrgerliste am 3. Oktober 2025 zur\u00fcckblickte.<\/p>\n<p>Einstimmig beschlossen die anwesenden stimmberechtigten Mitglieder, B\u00fcrgermeisterkandidatin Nicole Dein aus Altenha\u00dflau als Spitzenkandidatin zu nominieren, direkt gefolgt von Ruben Hundhausen aus L\u00fctzelhausen, Mark Trageser aus Waldrode und Dirk Seybold aus Geislitz. Ihnen folgen auf den Pl\u00e4tzen 5-10 Klaus Balzer aus L\u00fctzelhausen, J\u00fcrgen R\u00f6scher aus Eidenges\u00e4\u00df, Nadine Herbst aus Gro\u00dfenhausen, Sebastian Dein aus Altenha\u00dflau, Annette Braun aus Geislitz und Nils Oefner aus Gro\u00dfenhausen.<\/p>\n<p>Andr\u00e9 Migot (L\u00fctzelhausen), G\u00fcnter Brand (Altenha\u00dflau), Wilfried Straub (Geislitz), Volker Klei\u00df (Eidenges\u00e4\u00df), Martin Bangert (Gro\u00dfenhausen) und Stephanie Knopp (L\u00fctzelhausen) bilden den n\u00e4chsten Block auf der Liste. Es folgen Reinhard Langer (Gro\u00dfenhausen), Julian Lindner (L\u00fctzelhausen), Albert Orgas (Altenha\u00dflau) und Michael Herbst (Gro\u00dfenhausen). Den Abschluss bilden drei erfahrene Gemeindevertreter: Norbert Viehmann aus Geislitz, Karlfried Seifert aus Altenha\u00dflau und der langj\u00e4hrige Vorsitzende und Fraktionsvorsitzende Heinz Breitenbach aus Gro\u00dfenhausen.<\/p>\n<p>Breitenbach blickte auch auf die zur\u00fcckliegende Wahlzeit der Gemeindevertretung mit zahlreichen wichtigen Entscheidungen zur\u00fcck und schwor alle Anwesenden auf einen fairen, sachorientierten und engagierten weiteren Wahlkampf ein.<\/p>\n<p>Ein Teil der Kandidatinnen und Kandidaten der B\u00fcrgerliste\/FWG Linsengericht f\u00fcr die Kommunalwahl 2026:<\/p>\n<p><img loading=\"lazy\" decoding=\"async\" class=\"alignnone wp-image-2174 size-medium\" src=\"https:\/\/www.buergerliste-linsengericht.de\/wp-content\/uploads\/2025\/11\/Kandidatinnen-u.-Kandidaten--300x225.jpg\" alt=\"\" width=\"300\" height=\"225\" \/><\/p>\n<p>B\u00fcrgermeisterkandidatin Nicole Dein zwischen Mark Trageser (rechts) und Nils Oefner (links) bei einem Redebeitrag:<\/p>\n<p><img loading=\"lazy\" decoding=\"async\" class=\"alignnone size-medium wp-image-2175\" src=\"https:\/\/www.buergerliste-linsengericht.de\/wp-content\/uploads\/2025\/11\/IMG_5171-225x300.jpg\" alt=\"\" width=\"225\" height=\"300\" \/><\/p>\n<p>Die komplette Kandidatinnen- und Kandidatenliste der B\u00fcrgerliste \/ FWG Linsengericht f\u00fcr die Kommunalwahl am 15. M\u00e4rz 2026:<\/p>\n<p><img loading=\"lazy\" decoding=\"async\" class=\"alignnone  wp-image-2178\" src=\"https:\/\/www.buergerliste-linsengericht.de\/wp-content\/uploads\/2025\/11\/Liste-als-Bild-300x212.jpg\" alt=\"\" width=\"501\" height=\"354\" srcset=\"https:\/\/www.buergerliste-linsengericht.de\/wp-content\/uploads\/2025\/11\/Liste-als-Bild-300x212.jpg 501w, https:\/\/www.buergerliste-linsengericht.de\/wp-content\/uploads\/2025\/11\/Liste-als-Bild-480x339.jpg 480w\" sizes=\"(min-width: 0px) and (max-width: 480px) 480px, (min-width: 481px) 501px, 100vw\" \/><\/p>\n","protected":false},"excerpt":{"rendered":"<p>Die Kommunal- und B\u00fcrgermeisterwahlen am 15. M\u00e4rz 2026 werfen weiterhin ihre Schatten voraus: Bei ihrer Mitgliederversammlung am 27. Nov. hat die B\u00fcrgerliste im Geislitzer Hasenheim nun diejenigen Personen in geheimer Wahl gew\u00e4hlt, die f\u00fcr die heimische Freie W\u00e4hlergemeinschaft in die neue Linsengerichter Gemeindevertretung einziehen wollen. \u201eNach zahlreichen Gespr\u00e4chen im Vorfeld ist es uns gelungen, eine [&hellip;]<\/p>\n","protected":false},"author":3,"featured_media":2174,"comment_status":"closed","ping_status":"closed","sticky":false,"template":"","format":"standard","meta":{"_et_pb_use_builder":"","_et_pb_old_content":"","_et_gb_content_width":"","footnotes":""},"categories":[42],"tags":[126,248,194,172,173,139,128,66,245,159,243,242,244,246,247,241,138],"class_list":["post-2173","post","type-post","status-publish","format-standard","has-post-thumbnail","hentry","category-presse-2025","tag-126","tag-beschluss","tag-buergermeister","tag-dein","tag-fraktion","tag-freie-waehler","tag-gemeindevertretung","tag-grossenhausen","tag-herbst","tag-hessen","tag-kommunalwahl","tag-liste","tag-nadine","tag-nils","tag-oefner","tag-verbesserung","tag-wahlkampf"],"_links":{"self":[{"href":"https:\/\/www.buergerliste-linsengericht.de\/index.php\/wp-json\/wp\/v2\/posts\/2173","targetHints":{"allow":["GET"]}}],"collection":[{"href":"https:\/\/www.buergerliste-linsengericht.de\/index.php\/wp-json\/wp\/v2\/posts"}],"about":[{"href":"https:\/\/www.buergerliste-linsengericht.de\/index.php\/wp-json\/wp\/v2\/types\/post"}],"author":[{"embeddable":true,"href":"https:\/\/www.buergerliste-linsengericht.de\/index.php\/wp-json\/wp\/v2\/users\/3"}],"replies":[{"embeddable":true,"href":"https:\/\/www.buergerliste-linsengericht.de\/index.php\/wp-json\/wp\/v2\/comments?post=2173"}],"version-history":[{"count":3,"href":"https:\/\/www.buergerliste-linsengericht.de\/index.php\/wp-json\/wp\/v2\/posts\/2173\/revisions"}],"predecessor-version":[{"id":2179,"href":"https:\/\/www.buergerliste-linsengericht.de\/index.php\/wp-json\/wp\/v2\/posts\/2173\/revisions\/2179"}],"wp:featuredmedia":[{"embeddable":true,"href":"https:\/\/www.buergerliste-linsengericht.de\/index.php\/wp-json\/wp\/v2\/media\/2174"}],"wp:attachment":[{"href":"https:\/\/www.buergerliste-linsengericht.de\/index.php\/wp-json\/wp\/v2\/media?parent=2173"}],"wp:term":[{"taxonomy":"category","embeddable":true,"href":"https:\/\/www.buergerliste-linsengericht.de\/index.php\/wp-json\/wp\/v2\/categories?post=2173"},{"taxonomy":"post_tag","embeddable":true,"href":"https:\/\/www.buergerliste-linsengericht.de\/index.php\/wp-json\/wp\/v2\/tags?post=2173"}],"curies":[{"name":"wp","href":"https:\/\/api.w.org\/{rel}","templated":true}]}}