{"id":2165,"date":"2025-11-23T17:28:14","date_gmt":"2025-11-23T16:28:14","guid":{"rendered":"https:\/\/www.buergerliste-linsengericht.de\/?p=2165"},"modified":"2025-11-27T17:57:23","modified_gmt":"2025-11-27T16:57:23","slug":"buergerliste-fwg-linsengericht-beim-weihnachtsbasar-der-lebenshilfe","status":"publish","type":"post","link":"https:\/\/www.buergerliste-linsengericht.de\/index.php\/2025\/11\/23\/buergerliste-fwg-linsengericht-beim-weihnachtsbasar-der-lebenshilfe\/","title":{"rendered":"B\u00fcrgerliste \/ FWG Linsengericht beim Weihnachtsbasar der Lebenshilfe"},"content":{"rendered":"<p>Im Mittelpunkt des Besuchs der B\u00fcrgerliste \/ FWG Linsengericht in der Altenha\u00dflauer Baumschulenstra\u00dfe \u201eAm Glashaus\u201c stand der stimmungsvolle Weihnachtsbasar der Lebenshilfe Main-Kinzig gGmbH. Auf dem Gel\u00e4nde des Inklusionsbetriebs \u201eGr\u00fcn&amp;Gr\u00fcn\u201c pr\u00e4sentierte die Lebenshilfe eine vielf\u00e4ltige Auswahl an liebevoll gestalteten Weihnachtsdekorationen und Geschenkideen, die zahlreiche Besucher anzogen und f\u00fcr eine warme vorweihnachtliche Atmosph\u00e4re sorgten.<\/p>\n<p>Neben den handgefertigten Produkten lud der Landfrauen Bezirksverein Gelnhausen zu Kaffee und Kuchen ein. Auch Nicole Dein, B\u00fcrgermeisterkandidatin der B\u00fcrgerliste \/ FWG Linsengericht, nutzte nach einer kleinen Spende die Gelegenheit, in die Geschenkekiste des Weihnachtsmannes zu greifen.<\/p>\n<p>Begleitet von weihnachtlicher Musik und kulinarischen Angeboten wie K\u00fcrbissuppe, Bratwurst und hausgemachtem Kuchen entstanden viele anregende Gespr\u00e4che. Bei kaltem, sonnigem Winterwetter wurde der Besuch zu einem rundum gelungenen Erlebnis.<\/p>\n<p>\u201eWir danken allen Beteiligten der Lebenshilfe und dem gesamten Behindertenwerk Main-Kinzig f\u00fcr die gro\u00dfartige Organisation und ihre wertvolle Arbeit, von der wir uns bereits im Sommer bei einem Besuch des Wochenmarktes am Glashaus \u00fcberzeugen konnten und w\u00fcnschen weiterhin eine sch\u00f6ne Vorweihnachtszeit\u201c, so die Heimischen Freien W\u00e4hler abschlie\u00dfend.<\/p>\n<p><img loading=\"lazy\" decoding=\"async\" class=\"alignnone wp-image-2166 size-medium\" src=\"https:\/\/www.buergerliste-linsengericht.de\/wp-content\/uploads\/2025\/11\/Lebenshilfe-22.11.2025-300x219.jpg\" alt=\"\" width=\"300\" height=\"219\" \/><\/p>\n<p>Sebastian Dein, Klaus Balzer, B\u00fcrgermeisterkandidatin Nicole Dein, BGL-Vorsitzender Ruben Hundhausen mit Tochter und Annette Braun im &#8222;Glashaus&#8220;<\/p>\n","protected":false},"excerpt":{"rendered":"<p>Im Mittelpunkt des Besuchs der B\u00fcrgerliste \/ FWG Linsengericht in der Altenha\u00dflauer Baumschulenstra\u00dfe \u201eAm Glashaus\u201c stand der stimmungsvolle Weihnachtsbasar der Lebenshilfe Main-Kinzig gGmbH. Auf dem Gel\u00e4nde des Inklusionsbetriebs \u201eGr\u00fcn&amp;Gr\u00fcn\u201c pr\u00e4sentierte die Lebenshilfe eine vielf\u00e4ltige Auswahl an liebevoll gestalteten Weihnachtsdekorationen und Geschenkideen, die zahlreiche Besucher anzogen und f\u00fcr eine warme vorweihnachtliche Atmosph\u00e4re sorgten. Neben den handgefertigten [&hellip;]<\/p>\n","protected":false},"author":3,"featured_media":2166,"comment_status":"closed","ping_status":"closed","sticky":false,"template":"","format":"standard","meta":{"_et_pb_use_builder":"","_et_pb_old_content":"","_et_gb_content_width":"","footnotes":""},"categories":[42],"tags":[126,223,233,194,172,173,139,128,236,159,239,237,238,71,234,232,138,235],"class_list":["post-2165","post","type-post","status-publish","format-standard","has-post-thumbnail","hentry","category-presse-2025","tag-126","tag-antrag","tag-behinderte","tag-buergermeister","tag-dein","tag-fraktion","tag-freie-waehler","tag-gemeindevertretung","tag-gruen","tag-hessen","tag-inklusion","tag-kaffee","tag-kuchen","tag-landfrauen","tag-lebenshilfe","tag-soziales","tag-wahlkampf","tag-weihnacht"],"_links":{"self":[{"href":"https:\/\/www.buergerliste-linsengericht.de\/index.php\/wp-json\/wp\/v2\/posts\/2165","targetHints":{"allow":["GET"]}}],"collection":[{"href":"https:\/\/www.buergerliste-linsengericht.de\/index.php\/wp-json\/wp\/v2\/posts"}],"about":[{"href":"https:\/\/www.buergerliste-linsengericht.de\/index.php\/wp-json\/wp\/v2\/types\/post"}],"author":[{"embeddable":true,"href":"https:\/\/www.buergerliste-linsengericht.de\/index.php\/wp-json\/wp\/v2\/users\/3"}],"replies":[{"embeddable":true,"href":"https:\/\/www.buergerliste-linsengericht.de\/index.php\/wp-json\/wp\/v2\/comments?post=2165"}],"version-history":[{"count":2,"href":"https:\/\/www.buergerliste-linsengericht.de\/index.php\/wp-json\/wp\/v2\/posts\/2165\/revisions"}],"predecessor-version":[{"id":2172,"href":"https:\/\/www.buergerliste-linsengericht.de\/index.php\/wp-json\/wp\/v2\/posts\/2165\/revisions\/2172"}],"wp:featuredmedia":[{"embeddable":true,"href":"https:\/\/www.buergerliste-linsengericht.de\/index.php\/wp-json\/wp\/v2\/media\/2166"}],"wp:attachment":[{"href":"https:\/\/www.buergerliste-linsengericht.de\/index.php\/wp-json\/wp\/v2\/media?parent=2165"}],"wp:term":[{"taxonomy":"category","embeddable":true,"href":"https:\/\/www.buergerliste-linsengericht.de\/index.php\/wp-json\/wp\/v2\/categories?post=2165"},{"taxonomy":"post_tag","embeddable":true,"href":"https:\/\/www.buergerliste-linsengericht.de\/index.php\/wp-json\/wp\/v2\/tags?post=2165"}],"curies":[{"name":"wp","href":"https:\/\/api.w.org\/{rel}","templated":true}]}}