{"id":2158,"date":"2025-11-16T18:54:51","date_gmt":"2025-11-16T17:54:51","guid":{"rendered":"https:\/\/www.buergerliste-linsengericht.de\/?p=2158"},"modified":"2025-11-16T18:54:51","modified_gmt":"2025-11-16T17:54:51","slug":"mitgliederversammlung-buergerliste-fwg-linsengericht-am-do-27-nov-2025-um-19-30-uhr-im-pavillon-hasenheim-geislitz","status":"publish","type":"post","link":"https:\/\/www.buergerliste-linsengericht.de\/index.php\/2025\/11\/16\/mitgliederversammlung-buergerliste-fwg-linsengericht-am-do-27-nov-2025-um-19-30-uhr-im-pavillon-hasenheim-geislitz\/","title":{"rendered":"Mitgliederversammlung B\u00fcrgerliste\/FWG Linsengericht am Do. 27. Nov. 2025 um 19.30 Uhr im Pavillon \/ Hasenheim Geislitz"},"content":{"rendered":"<p>Am Donnerstag, den 27. Nov. 2025 kommen ab 19:30 Uhr die Mitglieder der B\u00fcrgerliste Linsengericht im Pavillon \/ Hasenheim Geislitz zur Mitgliederversammlung zusammen.<\/p>\n<p>\u201eNach unserer Jahreshauptversammlung Ende April mit der damals beschlossenen Nominierung von B\u00fcrgermeisterkandidatin Nicole Dein haben wir eine Vielzahl an Aktionen gestartet, \u00fcber die wir ebenso wie \u00fcber die im Wahlkampf bis 15. M\u00e4rz 2026 noch geplanten Dinge berichten werden\u201c, so 1. Vorsitzender Ruben Hundhausen.<\/p>\n<p>\u201eNun gilt es au\u00dferdem, die Kandidatinnen und Kandidaten der B\u00fcrgerliste\/FWG Linsengericht f\u00fcr die Wahl der neuen Linsengerichter Gemeindevertretung zu w\u00e4hlen, um eine ausgewogene und schlagkr\u00e4ftige Liste f\u00fcr die Kommunalwahl aufzustellen. Hierzu wurden in den vergangenen Wochen und Monaten parallel zum beginnenden B\u00fcrgermeisterwahlkampf schon zahlreiche intensive Gespr\u00e4che gef\u00fchrt, sodass ich zuversichtlich bin, mit bew\u00e4hrten Kr\u00e4ften und neuen Gesichtern eine gut gemischte Liste anbieten zu k\u00f6nnen\u201c, sagte Ruben Hundhausen.<\/p>\n<p>Wahltermin ist der 15. M\u00e4rz 2026 f\u00fcr die neue B\u00fcrgermeisterin oder den neuen B\u00fcrgermeister, die Gemeindevertretung und den Kreistag des Main-Kinzig-Kreises. Eine eventuelle Stichwahl bei der Besetzung des B\u00fcrgermeisteramtes w\u00fcrde zwei Wochen sp\u00e4ter, also am Sonntag, den 29. M\u00e4rz 2026 stattfinden.<\/p>\n<p><img loading=\"lazy\" decoding=\"async\" class=\"alignnone size-medium wp-image-1384\" src=\"https:\/\/www.buergerliste-linsengericht.de\/wp-content\/uploads\/2020\/12\/Logo_Facebook-300x256.jpg\" alt=\"\" width=\"300\" height=\"256\" srcset=\"https:\/\/www.buergerliste-linsengericht.de\/wp-content\/uploads\/2020\/12\/Logo_Facebook-300x256.jpg 300w, https:\/\/www.buergerliste-linsengericht.de\/wp-content\/uploads\/2020\/12\/Logo_Facebook.jpg 480w\" sizes=\"(max-width: 300px) 100vw, 300px\" \/><\/p>\n","protected":false},"excerpt":{"rendered":"<p>Am Donnerstag, den 27. Nov. 2025 kommen ab 19:30 Uhr die Mitglieder der B\u00fcrgerliste Linsengericht im Pavillon \/ Hasenheim Geislitz zur Mitgliederversammlung zusammen. \u201eNach unserer Jahreshauptversammlung Ende April mit der damals beschlossenen Nominierung von B\u00fcrgermeisterkandidatin Nicole Dein haben wir eine Vielzahl an Aktionen gestartet, \u00fcber die wir ebenso wie \u00fcber die im Wahlkampf bis 15. [&hellip;]<\/p>\n","protected":false},"author":3,"featured_media":1266,"comment_status":"closed","ping_status":"closed","sticky":false,"template":"","format":"standard","meta":{"_et_pb_use_builder":"","_et_pb_old_content":"","_et_gb_content_width":"","footnotes":""},"categories":[42],"tags":[126,195,194,172,173,139,81,128,159,34,222,221,83,210,138],"class_list":["post-2158","post","type-post","status-publish","format-standard","has-post-thumbnail","hentry","category-presse-2025","tag-126","tag-besuch","tag-buergermeister","tag-dein","tag-fraktion","tag-freie-waehler","tag-freizeit","tag-gemeindevertretung","tag-hessen","tag-kultur","tag-listenaufstellung","tag-mitgliederversammlung","tag-spass","tag-unterhaltung","tag-wahlkampf"],"_links":{"self":[{"href":"https:\/\/www.buergerliste-linsengericht.de\/index.php\/wp-json\/wp\/v2\/posts\/2158","targetHints":{"allow":["GET"]}}],"collection":[{"href":"https:\/\/www.buergerliste-linsengericht.de\/index.php\/wp-json\/wp\/v2\/posts"}],"about":[{"href":"https:\/\/www.buergerliste-linsengericht.de\/index.php\/wp-json\/wp\/v2\/types\/post"}],"author":[{"embeddable":true,"href":"https:\/\/www.buergerliste-linsengericht.de\/index.php\/wp-json\/wp\/v2\/users\/3"}],"replies":[{"embeddable":true,"href":"https:\/\/www.buergerliste-linsengericht.de\/index.php\/wp-json\/wp\/v2\/comments?post=2158"}],"version-history":[{"count":1,"href":"https:\/\/www.buergerliste-linsengericht.de\/index.php\/wp-json\/wp\/v2\/posts\/2158\/revisions"}],"predecessor-version":[{"id":2159,"href":"https:\/\/www.buergerliste-linsengericht.de\/index.php\/wp-json\/wp\/v2\/posts\/2158\/revisions\/2159"}],"wp:featuredmedia":[{"embeddable":true,"href":"https:\/\/www.buergerliste-linsengericht.de\/index.php\/wp-json\/wp\/v2\/media\/1266"}],"wp:attachment":[{"href":"https:\/\/www.buergerliste-linsengericht.de\/index.php\/wp-json\/wp\/v2\/media?parent=2158"}],"wp:term":[{"taxonomy":"category","embeddable":true,"href":"https:\/\/www.buergerliste-linsengericht.de\/index.php\/wp-json\/wp\/v2\/categories?post=2158"},{"taxonomy":"post_tag","embeddable":true,"href":"https:\/\/www.buergerliste-linsengericht.de\/index.php\/wp-json\/wp\/v2\/tags?post=2158"}],"curies":[{"name":"wp","href":"https:\/\/api.w.org\/{rel}","templated":true}]}}