{"id":2117,"date":"2025-08-29T20:05:38","date_gmt":"2025-08-29T18:05:38","guid":{"rendered":"https:\/\/www.buergerliste-linsengericht.de\/?p=2117"},"modified":"2025-08-29T20:05:38","modified_gmt":"2025-08-29T18:05:38","slug":"buecherschrank-in-geislitz-wieder-in-betrieb","status":"publish","type":"post","link":"https:\/\/www.buergerliste-linsengericht.de\/index.php\/2025\/08\/29\/buecherschrank-in-geislitz-wieder-in-betrieb\/","title":{"rendered":"B\u00fccherschrank in Geislitz wieder \u201ein Betrieb\u201c"},"content":{"rendered":"<p>Der an der ehemaligen VR-Bank in Geislitz aufgestellte B\u00fccherschrank ist wieder \u201ein Betrieb\u201c teilt die B\u00fcrgerliste\/FWG Linsengericht mit. Nachdem der bisherige B\u00fccherschrank &#8211; verursacht durch Vandalismus &#8211; nicht mehr nutzbar war, wurden die B\u00fccher im \u201eAlten Rathaus\u201c von Geislitz zwischengelagert, bis der neue B\u00fccherschrank fertiggestellt war.<\/p>\n<p>Der von der AQA GmbH aus Gr\u00fcndau-Rothenbergen zur Verf\u00fcgung gestellte K\u00fchlschrank wurde von Friedhelm Breitenbach zu einem B\u00fccherschrank umgebaut.<\/p>\n<p>\u201eDer wieder errichtete B\u00fccherschrank stellt eine praktische M\u00f6glichkeit dar, B\u00fccher kostenlos miteinander auszutauschen und bereichert das kulturelle Angebot in Geislitz\u201c betont die B\u00fcrgermeisterkandidatin Nicole Dein bei der Wiederinbetriebnahme.<\/p>\n<p>Wie bisher k\u00fcmmert sich Annette Braun um den Geislitzer B\u00fccherschrank. Neue B\u00fccher k\u00f6nnen weiterhin bei ihr abgegeben werden.<\/p>\n<p><img loading=\"lazy\" decoding=\"async\" class=\"alignnone size-medium wp-image-2118\" src=\"https:\/\/www.buergerliste-linsengericht.de\/wp-content\/uploads\/2025\/08\/Buecherschrank-Geislitz-300x225.jpg\" alt=\"\" width=\"300\" height=\"225\" \/><\/p>\n<p>Von links: Heinz Breitenbach, Dirk Seybold, Nicole Dein, Annette Braun, Klaus Balzer und Ruben Hundhausen<\/p>\n","protected":false},"excerpt":{"rendered":"<p>Der an der ehemaligen VR-Bank in Geislitz aufgestellte B\u00fccherschrank ist wieder \u201ein Betrieb\u201c teilt die B\u00fcrgerliste\/FWG Linsengericht mit. Nachdem der bisherige B\u00fccherschrank &#8211; verursacht durch Vandalismus &#8211; nicht mehr nutzbar war, wurden die B\u00fccher im \u201eAlten Rathaus\u201c von Geislitz zwischengelagert, bis der neue B\u00fccherschrank fertiggestellt war. Der von der AQA GmbH aus Gr\u00fcndau-Rothenbergen zur Verf\u00fcgung [&hellip;]<\/p>\n","protected":false},"author":3,"featured_media":2118,"comment_status":"closed","ping_status":"closed","sticky":false,"template":"","format":"standard","meta":{"_et_pb_use_builder":"","_et_pb_old_content":"","_et_gb_content_width":"","footnotes":""},"categories":[42],"tags":[126,195,112,206,38,173,139,41,205,128,159,34,207,138],"class_list":["post-2117","post","type-post","status-publish","format-standard","has-post-thumbnail","hentry","category-presse-2025","tag-126","tag-besuch","tag-bildung","tag-buecher","tag-buergerliste","tag-fraktion","tag-freie-waehler","tag-geislitz","tag-gelnhausen","tag-gemeindevertretung","tag-hessen","tag-kultur","tag-schrank","tag-wahlkampf"],"_links":{"self":[{"href":"https:\/\/www.buergerliste-linsengericht.de\/index.php\/wp-json\/wp\/v2\/posts\/2117","targetHints":{"allow":["GET"]}}],"collection":[{"href":"https:\/\/www.buergerliste-linsengericht.de\/index.php\/wp-json\/wp\/v2\/posts"}],"about":[{"href":"https:\/\/www.buergerliste-linsengericht.de\/index.php\/wp-json\/wp\/v2\/types\/post"}],"author":[{"embeddable":true,"href":"https:\/\/www.buergerliste-linsengericht.de\/index.php\/wp-json\/wp\/v2\/users\/3"}],"replies":[{"embeddable":true,"href":"https:\/\/www.buergerliste-linsengericht.de\/index.php\/wp-json\/wp\/v2\/comments?post=2117"}],"version-history":[{"count":1,"href":"https:\/\/www.buergerliste-linsengericht.de\/index.php\/wp-json\/wp\/v2\/posts\/2117\/revisions"}],"predecessor-version":[{"id":2119,"href":"https:\/\/www.buergerliste-linsengericht.de\/index.php\/wp-json\/wp\/v2\/posts\/2117\/revisions\/2119"}],"wp:featuredmedia":[{"embeddable":true,"href":"https:\/\/www.buergerliste-linsengericht.de\/index.php\/wp-json\/wp\/v2\/media\/2118"}],"wp:attachment":[{"href":"https:\/\/www.buergerliste-linsengericht.de\/index.php\/wp-json\/wp\/v2\/media?parent=2117"}],"wp:term":[{"taxonomy":"category","embeddable":true,"href":"https:\/\/www.buergerliste-linsengericht.de\/index.php\/wp-json\/wp\/v2\/categories?post=2117"},{"taxonomy":"post_tag","embeddable":true,"href":"https:\/\/www.buergerliste-linsengericht.de\/index.php\/wp-json\/wp\/v2\/tags?post=2117"}],"curies":[{"name":"wp","href":"https:\/\/api.w.org\/{rel}","templated":true}]}}