{"id":2086,"date":"2025-07-20T19:23:29","date_gmt":"2025-07-20T17:23:29","guid":{"rendered":"https:\/\/www.buergerliste-linsengericht.de\/?p=2086"},"modified":"2025-07-20T19:24:32","modified_gmt":"2025-07-20T17:24:32","slug":"buergermeisterkandidatin-nicole-dein-auf-sommertour-unterwegs-2","status":"publish","type":"post","link":"https:\/\/www.buergerliste-linsengericht.de\/index.php\/2025\/07\/20\/buergermeisterkandidatin-nicole-dein-auf-sommertour-unterwegs-2\/","title":{"rendered":"B\u00fcrgermeisterkandidatin Nicole Dein auf Sommertour unterwegs &#8211; Heimische Landwirtschaft"},"content":{"rendered":"<p>Die Produktion von Nahrungsmitteln und die Vermarktung m\u00f6glichst auch in der Region waren Themen bei der Sommertour der B\u00fcrgermeisterkandidatin Nicole Dein und der Fraktion der B\u00fcrgerliste. \u201eDie Rahmenbedingungen f\u00fcr die geringer gewordene Zahl der landwirtschaftlichen Familienbetriebe werden durch die neuen Vorschl\u00e4ge der EU-Kommission nicht verbessert, sondern tendenziell wieder schlechter\u201c, so der Kreisvorsitzende des Bauernverbandes Main-Kinzig Mark Trageser in seiner Bewertung der EU-Agrarpolitik. Um die Versorgungssicherheit in unserem Land sicherzustellen, bedarf es eines Abbaus der B\u00fcrokratie und der uns\u00e4glichen Reglementierungen.<\/p>\n<p>\u201eAuf kommunaler Ebene gilt es, die auch in der Landschaftspflege und im Naturschutz t\u00e4tigen Haupt- und Nebenerwerbslandwirte zu unterst\u00fctzen\u201c, so B\u00fcrgermeisterkandidatin Nicole Dein.<\/p>\n<p><img loading=\"lazy\" decoding=\"async\" class=\"alignnone wp-image-2087 \" src=\"https:\/\/www.buergerliste-linsengericht.de\/wp-content\/uploads\/2025\/07\/DSC_1268-Kopie-300x200.jpg\" alt=\"\" width=\"447\" height=\"298\" \/><\/p>\n<p>B\u00fcrgermeisterkandidatin Nicole Dein (2. von rechts) mit ihren Fraktionskollegen\/-innen Annette Braun, Dirk Seybold, Sebastian Dein, Klaus Balzer, Ruben Hundhausen, Heinz Breitenbach und Mark Trageser im kurz vor der Ernte stehenden Gerstenfeld in L\u00fctzelhausen<\/p>\n","protected":false},"excerpt":{"rendered":"<p>Die Produktion von Nahrungsmitteln und die Vermarktung m\u00f6glichst auch in der Region waren Themen bei der Sommertour der B\u00fcrgermeisterkandidatin Nicole Dein und der Fraktion der B\u00fcrgerliste. \u201eDie Rahmenbedingungen f\u00fcr die geringer gewordene Zahl der landwirtschaftlichen Familienbetriebe werden durch die neuen Vorschl\u00e4ge der EU-Kommission nicht verbessert, sondern tendenziell wieder schlechter\u201c, so der Kreisvorsitzende des Bauernverbandes Main-Kinzig [&hellip;]<\/p>\n","protected":false},"author":3,"featured_media":2087,"comment_status":"closed","ping_status":"closed","sticky":false,"template":"","format":"standard","meta":{"_et_pb_use_builder":"","_et_pb_old_content":"","_et_gb_content_width":"","footnotes":""},"categories":[42],"tags":[126,38,172,178,173,139,81,128,176,159,177,72,22,147,175,171,89,138],"class_list":["post-2086","post","type-post","status-publish","format-standard","has-post-thumbnail","hentry","category-presse-2025","tag-126","tag-buergerliste","tag-dein","tag-ernaehrung","tag-fraktion","tag-freie-waehler","tag-freizeit","tag-gemeindevertretung","tag-gerste","tag-hessen","tag-kreisbauernverband","tag-landwirtschaft","tag-luetzelhausen","tag-mitmachen","tag-natur","tag-nicole","tag-wahl","tag-wahlkampf"],"_links":{"self":[{"href":"https:\/\/www.buergerliste-linsengericht.de\/index.php\/wp-json\/wp\/v2\/posts\/2086","targetHints":{"allow":["GET"]}}],"collection":[{"href":"https:\/\/www.buergerliste-linsengericht.de\/index.php\/wp-json\/wp\/v2\/posts"}],"about":[{"href":"https:\/\/www.buergerliste-linsengericht.de\/index.php\/wp-json\/wp\/v2\/types\/post"}],"author":[{"embeddable":true,"href":"https:\/\/www.buergerliste-linsengericht.de\/index.php\/wp-json\/wp\/v2\/users\/3"}],"replies":[{"embeddable":true,"href":"https:\/\/www.buergerliste-linsengericht.de\/index.php\/wp-json\/wp\/v2\/comments?post=2086"}],"version-history":[{"count":3,"href":"https:\/\/www.buergerliste-linsengericht.de\/index.php\/wp-json\/wp\/v2\/posts\/2086\/revisions"}],"predecessor-version":[{"id":2090,"href":"https:\/\/www.buergerliste-linsengericht.de\/index.php\/wp-json\/wp\/v2\/posts\/2086\/revisions\/2090"}],"wp:featuredmedia":[{"embeddable":true,"href":"https:\/\/www.buergerliste-linsengericht.de\/index.php\/wp-json\/wp\/v2\/media\/2087"}],"wp:attachment":[{"href":"https:\/\/www.buergerliste-linsengericht.de\/index.php\/wp-json\/wp\/v2\/media?parent=2086"}],"wp:term":[{"taxonomy":"category","embeddable":true,"href":"https:\/\/www.buergerliste-linsengericht.de\/index.php\/wp-json\/wp\/v2\/categories?post=2086"},{"taxonomy":"post_tag","embeddable":true,"href":"https:\/\/www.buergerliste-linsengericht.de\/index.php\/wp-json\/wp\/v2\/tags?post=2086"}],"curies":[{"name":"wp","href":"https:\/\/api.w.org\/{rel}","templated":true}]}}