{"id":2068,"date":"2025-06-30T22:46:32","date_gmt":"2025-06-30T20:46:32","guid":{"rendered":"https:\/\/www.buergerliste-linsengericht.de\/?p=2068"},"modified":"2025-06-30T22:46:32","modified_gmt":"2025-06-30T20:46:32","slug":"heinz-breitenbach-erhaelt-das-bundesverdienstkreuz","status":"publish","type":"post","link":"https:\/\/www.buergerliste-linsengericht.de\/index.php\/2025\/06\/30\/heinz-breitenbach-erhaelt-das-bundesverdienstkreuz\/","title":{"rendered":"Heinz Breitenbach erh\u00e4lt das Bundesverdienstkreuz"},"content":{"rendered":"<p>&#8222;Heinz Breitenbach steht f\u00fcr die Menschen und die Parteien, die ein besonderes Ma\u00df an Verantwortung \u00fcbernehmen und auch an den Themen dranbleiben. Vor allem aber zeichnet er sich durch ein unglaublich hohes Ma\u00df an Verl\u00e4sslichkeit aus, ein Fels in der Brandung\u201c, sagte Landrat Stolz.<\/p>\n<p>Im Rahmen einer Feierstunde im Barbarossasaal mit vielen Weggef\u00e4hrten aus der Kommunalpolitik sowie Breitenbachs Familie erhielt der ehrenamtliche Kreisbeigeordnete die Auszeichnung durch den Landrat, der dies in Vertretung f\u00fcr den Bundespr\u00e4sidenten Frank-Walter Steinmeier vornahm.<\/p>\n<p><img loading=\"lazy\" decoding=\"async\" class=\"alignnone  wp-image-2069\" src=\"https:\/\/www.buergerliste-linsengericht.de\/wp-content\/uploads\/2025\/06\/IMG_5027-300x200.jpg\" alt=\"\" width=\"419\" height=\"279\" \/><\/p>\n<p>Von links: Albert Ungermann, Carsten Kauck, Heinz Breitenbach, Angelika Lehr u. Thorsten Stolz<\/p>\n<p><strong>Hohe Auszeichnung f\u00fcr jahrzehntelanges Engagement \u2013 Landrat Thorsten Stolz lobt: \u201eEin Ehrenamtler durch und durch\u201c.<\/strong><\/p>\n<p>Landrat Thorsten Stolz hat Heinz Breitenbach das Verdienstkreuz am Bande des Verdienstordens der Bundesrepublik Deutschland verliehen und\u00a0\u201ejahrzehntelanges, unerm\u00fcdliches und beispielgebendes ehrenamtliches Wirken\u201c\u00a0gew\u00fcrdigt. Der Linsengerichter sei \u201eein Ehrenamtler durch und durch\u201c. Sein Herz schlage \u201ef\u00fcr das Ehrenamt, die Kommunalpolitik, f\u00fcr die Freien W\u00e4hler, f\u00fcr den FSV Gro\u00dfenhausen und f\u00fcr seine Heimat\u201c. Im Rahmen einer Feierstunde im Barbarossasaal mit vielen Weggef\u00e4hrten aus der Kommunalpolitik sowie Breitenbachs Familie erhielt der ehrenamtliche Kreisbeigeordnete die Auszeichnung durch den Landrat, der dies in Vertretung f\u00fcr den Bundespr\u00e4sidenten Frank-Walter Steinmeier vornahm.<\/p>\n<p>\u201eHeinz Breitenbachs ehrenamtliches Engagement ist einerseits durch einen enormen Sachverstand gepr\u00e4gt, aber auch durch viel Leidenschaft und Herzblut. Vor allem aber zeichnet er sich durch ein unglaublich hohes Ma\u00df an Verl\u00e4sslichkeit aus, ein Fels in der Brandung\u201c, sagte Landrat Stolz. Besonders in den Mittelpunkt r\u00fcckte Stolz das politische Engagement des geb\u00fcrtigen Gro\u00dfenh\u00e4users, \u00fcber vier Jahrzehnte hinweg.\u00a0\u201eZu 90 Prozent ist Kommunalpolitik ehrenamtlich getragen. Das sind unz\u00e4hlige Stunden Einsatz, jede Woche, jeden Tag. Das sieht der B\u00fcrger oft nicht auf den ersten Blick. Heinz Breitenbach steht f\u00fcr die Menschen und die Parteien, die ein besonderes Ma\u00df an Verantwortung \u00fcbernehmen und auch an den Themen dranbleiben. Er ist ein Beispiel f\u00fcr Gestaltungswille und vorbildliches demokratisches Miteinander.\u201c<\/p>\n<p>Der Geehrte gab Einblicke in seine inneren Beweggr\u00fcnde f\u00fcr die vielf\u00e4ltige ehrenamtliche Arbeit.\u00a0\u201eDer Hauptgrund liegt in der M\u00f6glichkeit, direkt Einfluss zu nehmen auf das eigene Umfeld und die Gesellschaft, in der wir leben\u201c, sagte Breitenbach. Schon fr\u00fch habe der 71-J\u00e4hrige Diskussionen in seinem Ort erlebt, in denen die Menschen ihre Unzufriedenheit zum Ausdruck brachten. Als es um Themen der Feuerwehr ging, sei es f\u00fcr den einst aktiven Feuerwehrmann Heinz Breitenbach \u201esehr naheliegend\u201c\u00a0gewesen, mit den Mitstreitern aus den Reihen der Kameraden etwas zu bewegen. Ein weiteres Thema sei ein fehlender Kindergarten gewesen \u2013 und die Freude am Gestalten und Voranbringen lie\u00df Heinz Breitenbach nicht mehr los.\u00a0\u201eF\u00fcr ehrenamtliches Engagement ist es wichtig zu sehen, dass man selbst als einzelnes R\u00e4dchen helfen und den Ansto\u00df f\u00fcr Gro\u00dfes geben kann\u201c,\u00a0sagte er.<\/p>\n<p>Das ehrenamtliche Engagement von Heinz Breitenbach erstreckt sich \u00fcber viele Jahrzehnte. Er ist kreisweit ein bekannter und anerkannter Kommunalpolitiker, sowohl auf der Ebene seiner Heimatgemeinde Linsengericht als auch in der Kreispolitik. Haushalt, Finanzen sowie die Partnerschaften der Gemeinde Linsengericht sind inhaltlich seine Hauptthemen. Von 2005 bis 2023 war Breitenbach Vorsitzender des Kreisverbandes der Freien W\u00e4hler Main Kinzig und baute sie in seiner fast 18-j\u00e4hrigen Amtszeit weiter aus.\u00a0Aktuell geh\u00f6rt Breitenbach dem Kreisvorstand noch als Beisitzer an. Von 2001 bis 2021 war er zudem Kreistagsabgeordneter und bekleidet seit 2021 das Amt des ehrenamtlichen Kreisbeigeordneten im Kreisausschuss des Main-Kinzig-Kreises.<\/p>\n<p>In seiner Heimatgemeinde Linsengericht ist Heinz Breitenbach ebenfalls seit vielen Jahren ehrenamtlich engagiert.\u00a0B\u00fcrgermeister Albert Ungermann erinnerte an gemeinsame Wegmarken und das \u00dcberma\u00df an Engagement.\u00a0\u201eWir hatten oft unterschiedliche Meinungen. Ein Thema hat uns aber immer geeint: Die finanzielle Ausstattung der Kommunen ist \u00e4u\u00dferst schlecht. Heinz Breitenbach hat hier immer an der Seite der Kommunen gestanden\u201c,\u00a0so Ungermann. Er sei beispielgebend daf\u00fcr, was man durch gemeinsames Wirken f\u00fcr den Ortsteil, f\u00fcr die Gemeinde und f\u00fcr den Kreis hinbekomme. Er w\u00fcnschte sich, dass Heinz Breitenbach der Kommunalpolitik zumindest mal als \u201eBerater\u201c erhalten bleibe.<\/p>\n<p>Von 1996 bis 2002 und erneut seit 2004 ist Heinz Breitenbach Vorsitzender der B\u00fcrgerliste\/FWG Linsengericht. Seit 2011 ist er Fraktionsvorsitzender der BGL\/FWG. Im Gemeindevorstand hatte er zudem von 1985 bis 2006 das Amt des Beigeordneten und von 2006 bis 2011 das Amt des Ersten Beigeordneten inne. Dar\u00fcber hinaus vertrat er die Freien W\u00e4hler auch \u00fcber viele Jahre in verschiedenen kommunalen Gremien und Gesellschaften.<\/p>\n<p>Carsten Kauck, der die Ehrung angeregt und beantragt hatte, dankte im Namen der Freien W\u00e4hler Main-Kinzig f\u00fcr die Arbeit. Er wies auf die \u201eBeharrlichkeit\u201c in Breitenbachs \u00dcberzeugungen und Herzensanliegen hin.\u00a0\u201eEs ist Heinz Breitenbach viel an unserer Gesellschaft gelegen. Denn wenn ich eins bei ihm nie gesehen habe, dann ist es: ein Amt anzunehmen aus Eigennutz. Es ging ihm immer um die Sache und darum, in die Geschicke eingreifen zu k\u00f6nnen\u201c, sagte Kauck.<\/p>\n<p>Neben der Kommunalpolitik brachte und bringt sich Heinz Breitenbach in mehreren Vereinen ein. Seit 2020 f\u00fchrt er den Heimat- und Geschichtsverein Linsengericht als Vorsitzender, war zuvor zwei Jahre stellvertretender Vorsitzender. Er arbeitete mit Hilfe des Gemeinde- und Vereinsarchivs die Gr\u00fcndung des \u201eMusterkindergartens\u201c (heute: Hasselbachzwerge) in Altenha\u00dflau auf, der bei der Er\u00f6ffnung 1956 einer der ersten Kinderg\u00e4rten der Region war und den M\u00fcttern erm\u00f6glichte, schon fr\u00fcher halbtags arbeiten zu gehen. Weiterhin ist Breitenbach Gr\u00fcndungsmitglied und seit Anbeginn im Jahre 1998 Vorsitzender der Partnerschaftskommission Als\u00f3n\u00e1na in Ungarn, die bis heute Besuche in Linsengericht und Als\u00f3n\u00e1na organisiert. Zudem war Breitenbach 20 Jahre Jugendleiter beim FSV Gro\u00dfenhausen sowie von 1983 bis 2003 Kassierer bei der Feuerwehr Gro\u00dfenhausen.<\/p>\n<p><strong>2013 mit dem Ehrenbrief des Landes Hessen ausgezeichnet<\/strong><\/p>\n<p>Im Jahre 2013 wurde Heinz Breitenbach mit dem Ehrenbrief des Landes Hessen ausgezeichnet. Sein unerm\u00fcdlicher Einsatz und die jahrzehntelange herausragende ehrenamtliche Arbeit in Politik und Vereinen sind nun auch mit einer Auszeichnung durch den Verdienstorden der Bundesrepublik Deutschland gew\u00fcrdigt worden. Neben dem Landrat, der Familie und Freunden gratulierten auch kommunalpolitische Weggef\u00e4hrtinnen und Weggef\u00e4hrten sowie Mitglieder von Linsengerichter Vereinen.<\/p>\n<p>\u201eWer heute ein politisches Ehrenamt bekleidet, setzt sich nicht nur f\u00fcr seine Heimat, seine \u00dcberzeugungen und seine Ideen ein. Er muss seine Arbeit auch \u00f6fter grunds\u00e4tzlich rechtfertigen. Die kommunale Ebene ist der Ort, an dem Politik und B\u00fcrger sich noch t\u00e4glich und direkt in die Augen sehen und immer \u00f6fter auch laut miteinander diskutieren. Hochachtung vor dem, der ein solches Amt \u00fcbernimmt und sich Gestaltungswille, Geduld und Zugewandtheit bewahrt\u201c, sagte Landrat Thorsten Stolz.\u00a0\u201eHeinz Breitenbach steht stellvertretend f\u00fcr die Gruppe der Demokratinnen und Demokraten, ohne die kommunale Selbstverwaltung und b\u00fcrgernahe Ortsgestaltung nicht denkbar w\u00e4ren.\u201c \u00a0<\/p>\n","protected":false},"excerpt":{"rendered":"<p>&#8222;Heinz Breitenbach steht f\u00fcr die Menschen und die Parteien, die ein besonderes Ma\u00df an Verantwortung \u00fcbernehmen und auch an den Themen dranbleiben. Vor allem aber zeichnet er sich durch ein unglaublich hohes Ma\u00df an Verl\u00e4sslichkeit aus, ein Fels in der Brandung\u201c, sagte Landrat Stolz. Im Rahmen einer Feierstunde im Barbarossasaal mit vielen Weggef\u00e4hrten aus der [&hellip;]<\/p>\n","protected":false},"author":3,"featured_media":2069,"comment_status":"closed","ping_status":"closed","sticky":false,"template":"","format":"standard","meta":{"_et_pb_use_builder":"","_et_pb_old_content":"","_et_gb_content_width":"","footnotes":""},"categories":[42],"tags":[126,156,165,167,169,166,38,170,160,139,128,66,163,159,162,147,168,89,138],"class_list":["post-2068","post","type-post","status-publish","format-standard","has-post-thumbnail","hentry","category-presse-2025","tag-126","tag-albert","tag-breitenbach","tag-bundespraesident","tag-bundesrepublik","tag-bundesverdienstkreuz","tag-buergerliste","tag-deutschland","tag-ehrung","tag-freie-waehler","tag-gemeindevertretung","tag-grossenhausen","tag-heimat-und-geschichtsverein","tag-hessen","tag-landrat","tag-mitmachen","tag-verdienstorden","tag-wahl","tag-wahlkampf"],"_links":{"self":[{"href":"https:\/\/www.buergerliste-linsengericht.de\/index.php\/wp-json\/wp\/v2\/posts\/2068","targetHints":{"allow":["GET"]}}],"collection":[{"href":"https:\/\/www.buergerliste-linsengericht.de\/index.php\/wp-json\/wp\/v2\/posts"}],"about":[{"href":"https:\/\/www.buergerliste-linsengericht.de\/index.php\/wp-json\/wp\/v2\/types\/post"}],"author":[{"embeddable":true,"href":"https:\/\/www.buergerliste-linsengericht.de\/index.php\/wp-json\/wp\/v2\/users\/3"}],"replies":[{"embeddable":true,"href":"https:\/\/www.buergerliste-linsengericht.de\/index.php\/wp-json\/wp\/v2\/comments?post=2068"}],"version-history":[{"count":2,"href":"https:\/\/www.buergerliste-linsengericht.de\/index.php\/wp-json\/wp\/v2\/posts\/2068\/revisions"}],"predecessor-version":[{"id":2071,"href":"https:\/\/www.buergerliste-linsengericht.de\/index.php\/wp-json\/wp\/v2\/posts\/2068\/revisions\/2071"}],"wp:featuredmedia":[{"embeddable":true,"href":"https:\/\/www.buergerliste-linsengericht.de\/index.php\/wp-json\/wp\/v2\/media\/2069"}],"wp:attachment":[{"href":"https:\/\/www.buergerliste-linsengericht.de\/index.php\/wp-json\/wp\/v2\/media?parent=2068"}],"wp:term":[{"taxonomy":"category","embeddable":true,"href":"https:\/\/www.buergerliste-linsengericht.de\/index.php\/wp-json\/wp\/v2\/categories?post=2068"},{"taxonomy":"post_tag","embeddable":true,"href":"https:\/\/www.buergerliste-linsengericht.de\/index.php\/wp-json\/wp\/v2\/tags?post=2068"}],"curies":[{"name":"wp","href":"https:\/\/api.w.org\/{rel}","templated":true}]}}