{"id":2064,"date":"2025-06-24T20:19:54","date_gmt":"2025-06-24T18:19:54","guid":{"rendered":"https:\/\/www.buergerliste-linsengericht.de\/?p=2064"},"modified":"2025-06-30T22:47:40","modified_gmt":"2025-06-30T20:47:40","slug":"bundesverdienstkreuz-fuer-heinz-breitenbach-fuer-jahrzehntelanges-ehrenamtliches-engagement","status":"publish","type":"post","link":"https:\/\/www.buergerliste-linsengericht.de\/index.php\/2025\/06\/24\/bundesverdienstkreuz-fuer-heinz-breitenbach-fuer-jahrzehntelanges-ehrenamtliches-engagement\/","title":{"rendered":"Bundesverdienstkreuz f\u00fcr Heinz Breitenbach f\u00fcr jahrzehntelanges ehrenamtliches Engagement"},"content":{"rendered":"\r\n<figure><\/figure>\r\n<div class=\"xdj266r x14z9mp xat24cr x1lziwak x1vvkbs x126k92a\">\r\n<div dir=\"auto\">Lieber Heinz,<\/div>\r\n<div dir=\"auto\">\u00a0<\/div>\r\n<\/div>\r\n<div class=\"x14z9mp xat24cr x1lziwak x1vvkbs xtlvy1s x126k92a\">\r\n<div dir=\"auto\">wir m\u00f6chten Dir von Herzen danken \u2013 f\u00fcr Dein unerm\u00fcdliches ehrenamtliches Engagement und daf\u00fcr, dass Du uns bei der B\u00fcrgerliste Linsengericht so tatkr\u00e4ftig unterst\u00fctzt.<\/div>\r\n<div dir=\"auto\">\u00a0<\/div>\r\n<\/div>\r\n<div class=\"x14z9mp xat24cr x1lziwak x1vvkbs xtlvy1s x126k92a\">\r\n<div dir=\"auto\">Du hast heute vollkommen zurecht das umgangssprachlich auch Bundesverdienstkreuz genannte &#8222;Verdienstkreuz am Bande des Verdienstordens der Bundesrepublik Deutschland&#8220; erhalten \u2013 eine Auszeichnung, die Deine jahrzehntelange Arbeit f\u00fcr die Gemeinde Linsengericht, den Main-Kinzig-Kreis und zahlreiche Vereine w\u00fcrdigt.<\/div>\r\n<div dir=\"auto\">\u00a0<\/div>\r\n<\/div>\r\n<div class=\"x14z9mp xat24cr x1lziwak x1vvkbs xtlvy1s x126k92a\">\r\n<div dir=\"auto\">Du hast mit Deinem Einsatz unsere Heimat mitgestaltet und gepr\u00e4gt \u2013 und daf\u00fcr sind wir Dir zutiefst dankbar.<\/div>\r\n<div dir=\"auto\">\u00a0<\/div>\r\n<\/div>\r\n<div class=\"x14z9mp xat24cr x1lziwak x1vvkbs xtlvy1s x126k92a\">\r\n<div dir=\"auto\">Bleib bitte genauso, wie Du bist! Herzlichen Gl\u00fcckwunsch!<\/div>\r\n<\/div>\r\n<p>Deine Freie W\u00e4hlergemeinschaft \/ B\u00fcrgerliste Linsengericht<\/p>\r\n<p>(ausf\u00fchrlicher Bericht: <a href=\"https:\/\/www.buergerliste-linsengericht.de\/index.php\/2025\/06\/30\/heinz-breitenbach-erhaelt-das-bundesverdienstkreuz\/\" target=\"_blank\" rel=\"noopener\">hier<\/a>)<\/p>\r\n<p>&nbsp;<\/p>\r\n<p><img loading=\"lazy\" decoding=\"async\" class=\"alignnone wp-image-2065 size-medium\" src=\"https:\/\/www.buergerliste-linsengericht.de\/wp-content\/uploads\/2025\/06\/Bundesverdienstkreuz-Heinz-Breitenbach-24.06.2025-d-225x300.jpg\" alt=\"\" width=\"225\" height=\"300\" \/><\/p>\r\n<p>Von links: Ruben Hundhausen, Vorsitzender der B\u00fcrgerliste Linsengericht, der Geehrte Heinz Breitenbach und die stellvertretende Fraktionsvorsitzende der B\u00fcrgerliste Linsengericht in der dortigen Gemeindevertretung und Linsengerichter B\u00fcrgermeisterkandidatin Nicole Dein bei der Verleihung im Barbarossasaal des Main-Kinzig-Forums in Gelnhausen<\/p>\r\n","protected":false},"excerpt":{"rendered":"<p>Lieber Heinz, \u00a0 wir m\u00f6chten Dir von Herzen danken \u2013 f\u00fcr Dein unerm\u00fcdliches ehrenamtliches Engagement und daf\u00fcr, dass Du uns bei der B\u00fcrgerliste Linsengericht so tatkr\u00e4ftig unterst\u00fctzt. \u00a0 Du hast heute vollkommen zurecht das umgangssprachlich auch Bundesverdienstkreuz genannte &#8222;Verdienstkreuz am Bande des Verdienstordens der Bundesrepublik Deutschland&#8220; erhalten \u2013 eine Auszeichnung, die Deine jahrzehntelange Arbeit f\u00fcr [&hellip;]<\/p>\n","protected":false},"author":3,"featured_media":2065,"comment_status":"closed","ping_status":"closed","sticky":false,"template":"","format":"standard","meta":{"_et_pb_use_builder":"","_et_pb_old_content":"","_et_gb_content_width":"","footnotes":""},"categories":[42],"tags":[126,156,165,167,169,166,38,170,160,139,128,66,163,159,162,147,168,89,138],"class_list":["post-2064","post","type-post","status-publish","format-standard","has-post-thumbnail","hentry","category-presse-2025","tag-126","tag-albert","tag-breitenbach","tag-bundespraesident","tag-bundesrepublik","tag-bundesverdienstkreuz","tag-buergerliste","tag-deutschland","tag-ehrung","tag-freie-waehler","tag-gemeindevertretung","tag-grossenhausen","tag-heimat-und-geschichtsverein","tag-hessen","tag-landrat","tag-mitmachen","tag-verdienstorden","tag-wahl","tag-wahlkampf"],"_links":{"self":[{"href":"https:\/\/www.buergerliste-linsengericht.de\/index.php\/wp-json\/wp\/v2\/posts\/2064","targetHints":{"allow":["GET"]}}],"collection":[{"href":"https:\/\/www.buergerliste-linsengericht.de\/index.php\/wp-json\/wp\/v2\/posts"}],"about":[{"href":"https:\/\/www.buergerliste-linsengericht.de\/index.php\/wp-json\/wp\/v2\/types\/post"}],"author":[{"embeddable":true,"href":"https:\/\/www.buergerliste-linsengericht.de\/index.php\/wp-json\/wp\/v2\/users\/3"}],"replies":[{"embeddable":true,"href":"https:\/\/www.buergerliste-linsengericht.de\/index.php\/wp-json\/wp\/v2\/comments?post=2064"}],"version-history":[{"count":3,"href":"https:\/\/www.buergerliste-linsengericht.de\/index.php\/wp-json\/wp\/v2\/posts\/2064\/revisions"}],"predecessor-version":[{"id":2072,"href":"https:\/\/www.buergerliste-linsengericht.de\/index.php\/wp-json\/wp\/v2\/posts\/2064\/revisions\/2072"}],"wp:featuredmedia":[{"embeddable":true,"href":"https:\/\/www.buergerliste-linsengericht.de\/index.php\/wp-json\/wp\/v2\/media\/2065"}],"wp:attachment":[{"href":"https:\/\/www.buergerliste-linsengericht.de\/index.php\/wp-json\/wp\/v2\/media?parent=2064"}],"wp:term":[{"taxonomy":"category","embeddable":true,"href":"https:\/\/www.buergerliste-linsengericht.de\/index.php\/wp-json\/wp\/v2\/categories?post=2064"},{"taxonomy":"post_tag","embeddable":true,"href":"https:\/\/www.buergerliste-linsengericht.de\/index.php\/wp-json\/wp\/v2\/tags?post=2064"}],"curies":[{"name":"wp","href":"https:\/\/api.w.org\/{rel}","templated":true}]}}