{"id":2059,"date":"2025-06-17T21:43:47","date_gmt":"2025-06-17T19:43:47","guid":{"rendered":"https:\/\/www.buergerliste-linsengericht.de\/?p=2059"},"modified":"2025-06-17T21:43:47","modified_gmt":"2025-06-17T19:43:47","slug":"landesehrenbrief-an-albert-orgas-fuer-vielfaeltige-ehrenamtliche-taetigkeiten-verliehen","status":"publish","type":"post","link":"https:\/\/www.buergerliste-linsengericht.de\/index.php\/2025\/06\/17\/landesehrenbrief-an-albert-orgas-fuer-vielfaeltige-ehrenamtliche-taetigkeiten-verliehen\/","title":{"rendered":"Landesehrenbrief an Albert Orgas f\u00fcr vielf\u00e4ltige ehrenamtliche T\u00e4tigkeiten verliehen"},"content":{"rendered":"\r\n<figure><\/figure>\r\n<p>Am 11. Juni 2025 zeichnete Landrat Thorsten Stolz mit Albert Orgas einen langj\u00e4hrigen Linsengerichter Kommunalpolitiker und Heimatforscher mit dem Ehrenbrief des Landes Hessen aus.<\/p>\r\n<p>Vorgeschlagen wurde er von den heimischen Freien W\u00e4hlern der B\u00fcrgerliste Linsengericht, der er schon seit \u00fcber drei Jahrzehnten angeh\u00f6rt und die er im Ortsbeirat Altenha\u00dflau erstmals 1989 vertrat. Von 2011 bis 2021 protokollierte er die Niederschriften des Gremiums als Schriftf\u00fchrer. Beim Heimat- und Geschichtsverein Linsengericht f\u00fchrt er die Kassengesch\u00e4fte seit 2013 ununterbrochen bis heute in vorbildlicher Weise.<\/p>\r\n<p>Heinz Breitenbach hatte den Antrag f\u00fcr den Ehrenbrief des Landes Hessen detailliert vorbereitet und daf\u00fcr Orgas T\u00e4tigkeiten in der Kommunalpolitik und im Heimat- und Geschichtsverein Linsengericht zur Weitergabe an die Staatskanzlei aufgelistet. \u00a0<\/p>\r\n<p>Die \u00dcbergabe des Landesehrenbriefes erfolgte im Anschluss an die Jahreshauptversammlung des Heimat- und Geschichtsvereins Linsengericht. Nach einer kurzen Begr\u00fc\u00dfung durch den Vorsitzenden Heinz Breitenbach nahm Landrat Thorsten Stolz die Verleihung des Landesehrenbriefes und einer entsprechenden Anstecknadel vor und merkte an, dass er dies in letzter Zeit h\u00e4ufiger an Linsengerichter B\u00fcrgerinnen und B\u00fcrger tun durfte, die jeweils langj\u00e4hrig in der Kommunalpolitik oder an hervorgehobener Stelle in Vereinen aktiv waren.<\/p>\r\n<p>Landrat Stolz ging in seiner Laudatio auf die verschiedenen Initiativen des Geehrten im Ortsbeirat Altenha\u00dflau ein. Dazu z\u00e4hlen u.a. die Hochwasserschutzma\u00dfnahmen am Hasselbach, Verkehrsberuhigungsma\u00dfnahmen in der Brentanostra\u00dfe und die Sanierung der Gelnh\u00e4user Stra\u00dfe (L 2306). Der Startschuss f\u00fcr diese Bauma\u00dfnahme in acht Bauabschnitten soll im Herbst 2025 erfolgen. Weitere Anregungen wie der Einbau eines Aufzuges im B\u00fcrgersaal und die Sanierung des Gremp`schen Hauses stehen noch auf der Warteliste. Dass Albert Orgas seine Aufgaben in verschiedenen Funktionen weiterhin erf\u00fcllen m\u00f6ge und er seinem Wahlspruch nicht \u201eNein\u201c sagen zu k\u00f6nnen treu bleibt und er weiterhin Verantwortung f\u00fcr die Demokratie \u00fcbernehme und er b\u00fcrgerschaftliches Engagement lebt, betonte Thorsten Stolz besonders.<\/p>\r\n<p>Zum Abschluss der Ehrung bedankte sich Albert Orgas bei den Anwesenden und erl\u00e4uterte seine damaligen Beweggr\u00fcnde, sich seit inzwischen \u00fcber 30 Jahren ehrenamtlich zu engagieren: \u201eIch lebe in einem Land, in dem es sicher ist, ich habe ein Dach \u00fcber dem Kopf, eine Familie und Freunde. Daher wollte ich auch etwas an die Gesellschaft zur\u00fcckgeben. Ich hoffe sehr, dass das auch Motivation f\u00fcr andere Menschen ist, nicht nur von der Gesellschaft etwas einzufordern, sondern auch selbst aktiv die Arbeit von Vereinen und die Kommunalpolitik mitzugestalten. F\u00fcr die Gemeinde Linsengericht \u00fcberreichte die Beigeordnete Astrid Rost einen Geschenkkorb. Als Geschenk des Heimat- und Geschichtsvereins \u00fcbergab der Vorsitzende einen Blumenstrau\u00df, das Pr\u00e4sent der B\u00fcrgerliste ein Foto von der Verleihung des Landesehrenbriefes wurde bereits nachgereicht.\u00a0<\/p>\r\n<p><img loading=\"lazy\" decoding=\"async\" class=\"alignnone wp-image-2060 size-medium\" src=\"https:\/\/www.buergerliste-linsengericht.de\/wp-content\/uploads\/2025\/06\/Landesehrenbrief-fuer-Albert-Orgas-11.06.2025-4--300x225.jpg\" alt=\"\" width=\"300\" height=\"225\" \/><\/p>\r\n<p>Von links:\u00a0 Albert Orgas, Beigeordnete Astrid Rost, Landrat Thorsten Stolz u. Heinz Breitenbach<\/p>\r\n","protected":false},"excerpt":{"rendered":"<p>Am 11. Juni 2025 zeichnete Landrat Thorsten Stolz mit Albert Orgas einen langj\u00e4hrigen Linsengerichter Kommunalpolitiker und Heimatforscher mit dem Ehrenbrief des Landes Hessen aus. Vorgeschlagen wurde er von den heimischen Freien W\u00e4hlern der B\u00fcrgerliste Linsengericht, der er schon seit \u00fcber drei Jahrzehnten angeh\u00f6rt und die er im Ortsbeirat Altenha\u00dflau erstmals 1989 vertrat. Von 2011 bis [&hellip;]<\/p>\n","protected":false},"author":3,"featured_media":2060,"comment_status":"closed","ping_status":"closed","sticky":false,"template":"","format":"standard","meta":{"_et_pb_use_builder":"","_et_pb_old_content":"","_et_gb_content_width":"","footnotes":""},"categories":[42],"tags":[126,156,164,38,161,160,139,128,163,159,158,162,147,157,89,138],"class_list":["post-2059","post","type-post","status-publish","format-standard","has-post-thumbnail","hentry","category-presse-2025","tag-126","tag-albert","tag-altehasslau","tag-buergerliste","tag-ehrenbrief","tag-ehrung","tag-freie-waehler","tag-gemeindevertretung","tag-heimat-und-geschichtsverein","tag-hessen","tag-landesehrenbrief","tag-landrat","tag-mitmachen","tag-orgas","tag-wahl","tag-wahlkampf"],"_links":{"self":[{"href":"https:\/\/www.buergerliste-linsengericht.de\/index.php\/wp-json\/wp\/v2\/posts\/2059","targetHints":{"allow":["GET"]}}],"collection":[{"href":"https:\/\/www.buergerliste-linsengericht.de\/index.php\/wp-json\/wp\/v2\/posts"}],"about":[{"href":"https:\/\/www.buergerliste-linsengericht.de\/index.php\/wp-json\/wp\/v2\/types\/post"}],"author":[{"embeddable":true,"href":"https:\/\/www.buergerliste-linsengericht.de\/index.php\/wp-json\/wp\/v2\/users\/3"}],"replies":[{"embeddable":true,"href":"https:\/\/www.buergerliste-linsengericht.de\/index.php\/wp-json\/wp\/v2\/comments?post=2059"}],"version-history":[{"count":1,"href":"https:\/\/www.buergerliste-linsengericht.de\/index.php\/wp-json\/wp\/v2\/posts\/2059\/revisions"}],"predecessor-version":[{"id":2061,"href":"https:\/\/www.buergerliste-linsengericht.de\/index.php\/wp-json\/wp\/v2\/posts\/2059\/revisions\/2061"}],"wp:featuredmedia":[{"embeddable":true,"href":"https:\/\/www.buergerliste-linsengericht.de\/index.php\/wp-json\/wp\/v2\/media\/2060"}],"wp:attachment":[{"href":"https:\/\/www.buergerliste-linsengericht.de\/index.php\/wp-json\/wp\/v2\/media?parent=2059"}],"wp:term":[{"taxonomy":"category","embeddable":true,"href":"https:\/\/www.buergerliste-linsengericht.de\/index.php\/wp-json\/wp\/v2\/categories?post=2059"},{"taxonomy":"post_tag","embeddable":true,"href":"https:\/\/www.buergerliste-linsengericht.de\/index.php\/wp-json\/wp\/v2\/tags?post=2059"}],"curies":[{"name":"wp","href":"https:\/\/api.w.org\/{rel}","templated":true}]}}