{"id":2013,"date":"2025-05-01T18:22:14","date_gmt":"2025-05-01T16:22:14","guid":{"rendered":"https:\/\/www.buergerliste-linsengericht.de\/?p=2013"},"modified":"2025-05-01T18:39:29","modified_gmt":"2025-05-01T16:39:29","slug":"buergermeisterwahl-2026-in-linsengericht-nicole-dein-ist-die-erste-kandidatin","status":"publish","type":"post","link":"https:\/\/www.buergerliste-linsengericht.de\/index.php\/2025\/05\/01\/buergermeisterwahl-2026-in-linsengericht-nicole-dein-ist-die-erste-kandidatin\/","title":{"rendered":"B\u00fcrgermeisterwahl 2026 in Linsengericht: Nicole Dein ist die erste Kandidatin"},"content":{"rendered":"\r\n<figure><\/figure>\r\n<p>Die B\u00fcrgerliste Linsengericht hat mit Nicole Dein (Mitte) die erste Kandidatin f\u00fcr den B\u00fcrgermeisterwahlkampf 2026 aufgestellt. Heinz Breitenbach, der Fraktionsvorsitzende der Freien W\u00e4hler im Gemeindeparlament, sein Stellvertreter Ruben Hundhausen (gleichzeitig Vorsitzender der B\u00fcrgerliste) und Carsten Kauck vom Kreisverband Freie W\u00e4hler (v.l.n.r.) sagen ihr ihre Unterst\u00fctzung zu. <a href=\"http:\/\/nicoledein.buergerliste-linsengericht.de\" target=\"_blank\" rel=\"noopener\">Hier finden Sie weitere Informationen.<\/a> Ausf\u00fchrlicher Bericht zur Jahreshauptversammlung der B\u00fcrgerliste Linsengericht am 29.04.2025 folgt&#8230;<\/p>\r\n<p><img loading=\"lazy\" decoding=\"async\" class=\"alignnone wp-image-2014 size-medium\" src=\"https:\/\/www.buergerliste-linsengericht.de\/wp-content\/uploads\/2025\/05\/Nominierung-in-Jahreshauptversammlung-29.04.2025-300x225.jpg\" alt=\"\" width=\"300\" height=\"225\" \/><\/p>\r\n","protected":false},"excerpt":{"rendered":"<p>Die B\u00fcrgerliste Linsengericht hat mit Nicole Dein (Mitte) die erste Kandidatin f\u00fcr den B\u00fcrgermeisterwahlkampf 2026 aufgestellt. Heinz Breitenbach, der Fraktionsvorsitzende der Freien W\u00e4hler im Gemeindeparlament, sein Stellvertreter Ruben Hundhausen (gleichzeitig Vorsitzender der B\u00fcrgerliste) und Carsten Kauck vom Kreisverband Freie W\u00e4hler (v.l.n.r.) sagen ihr ihre Unterst\u00fctzung zu. Hier finden Sie weitere Informationen. Ausf\u00fchrlicher Bericht zur Jahreshauptversammlung [&hellip;]<\/p>\n","protected":false},"author":3,"featured_media":2014,"comment_status":"closed","ping_status":"closed","sticky":false,"template":"","format":"standard","meta":{"_et_pb_use_builder":"","_et_pb_old_content":"","_et_gb_content_width":"","footnotes":""},"categories":[42],"tags":[126,130,135,133,134,132,140,139,128,136,36,75,52,131,137,125,89,138],"class_list":["post-2013","post","type-post","status-publish","format-standard","has-post-thumbnail","hentry","category-presse-2025","tag-126","tag-130","tag-aufgestellt","tag-buergermeisterin","tag-buergermeisterkandidatin","tag-buergermeisterwahl","tag-carsten-kauck","tag-freie-waehler","tag-gemeindevertretung","tag-gewaehlt","tag-heinz-breitenbach","tag-hundhausen","tag-kommunalpolitik","tag-nicole-dein","tag-nominiert","tag-ruben","tag-wahl","tag-wahlkampf"],"_links":{"self":[{"href":"https:\/\/www.buergerliste-linsengericht.de\/index.php\/wp-json\/wp\/v2\/posts\/2013","targetHints":{"allow":["GET"]}}],"collection":[{"href":"https:\/\/www.buergerliste-linsengericht.de\/index.php\/wp-json\/wp\/v2\/posts"}],"about":[{"href":"https:\/\/www.buergerliste-linsengericht.de\/index.php\/wp-json\/wp\/v2\/types\/post"}],"author":[{"embeddable":true,"href":"https:\/\/www.buergerliste-linsengericht.de\/index.php\/wp-json\/wp\/v2\/users\/3"}],"replies":[{"embeddable":true,"href":"https:\/\/www.buergerliste-linsengericht.de\/index.php\/wp-json\/wp\/v2\/comments?post=2013"}],"version-history":[{"count":6,"href":"https:\/\/www.buergerliste-linsengericht.de\/index.php\/wp-json\/wp\/v2\/posts\/2013\/revisions"}],"predecessor-version":[{"id":2024,"href":"https:\/\/www.buergerliste-linsengericht.de\/index.php\/wp-json\/wp\/v2\/posts\/2013\/revisions\/2024"}],"wp:featuredmedia":[{"embeddable":true,"href":"https:\/\/www.buergerliste-linsengericht.de\/index.php\/wp-json\/wp\/v2\/media\/2014"}],"wp:attachment":[{"href":"https:\/\/www.buergerliste-linsengericht.de\/index.php\/wp-json\/wp\/v2\/media?parent=2013"}],"wp:term":[{"taxonomy":"category","embeddable":true,"href":"https:\/\/www.buergerliste-linsengericht.de\/index.php\/wp-json\/wp\/v2\/categories?post=2013"},{"taxonomy":"post_tag","embeddable":true,"href":"https:\/\/www.buergerliste-linsengericht.de\/index.php\/wp-json\/wp\/v2\/tags?post=2013"}],"curies":[{"name":"wp","href":"https:\/\/api.w.org\/{rel}","templated":true}]}}