{"id":1963,"date":"2025-04-18T22:45:33","date_gmt":"2025-04-18T20:45:33","guid":{"rendered":"https:\/\/www.buergerliste-linsengericht.de\/?p=1963"},"modified":"2025-04-18T22:47:56","modified_gmt":"2025-04-18T20:47:56","slug":"nachruf-zum-tode-von-kurt-brandes","status":"publish","type":"post","link":"https:\/\/www.buergerliste-linsengericht.de\/index.php\/2025\/04\/18\/nachruf-zum-tode-von-kurt-brandes\/","title":{"rendered":"Nachruf zum Tode von Kurt Brandes"},"content":{"rendered":"\r\n<figure><\/figure>\r\n<figure class=\"wp-block-image size-large\">\r\n<p>Vor einigen Tagen ist Kurt Brandes aus Geislitz verstorben.\u00a0Am 08. Nov. 1946 in Bieber-R\u00f6hrig geboren, fand er nach der Heirat mit seiner Ehefrau Sigrid in Linsengericht in der Eckertstra\u00dfe einen neuen Lebensmittelpunkt.<\/p>\r\n<p>In seiner neuen Heimat Geislitz engagierte sich Kurt Brandes auch f\u00fcr das Allgemeinwohl. In der Linsengerichter Kommunalpolitik, f\u00fcr die ihn Alexander Ditzel gewinnen konnte, war Kurt Brandes \u00fcber viele Jahre f\u00fcr die B\u00fcrgerliste\/Freie W\u00e4hlergemeinschaft aktiv. Fast 15 Jahre geh\u00f6rte der Verstorbene den kommunalen Gremien in Linsengericht an. Begonnen hat Kurt Brandes mit seiner kommunalpolitischen Arbeit in der Gemeindevertretung und im Ausschuss f\u00fcr Jugend, Sport und Kultur in der Zeit von 1997-2006. Anschlie\u00dfend war er von 2006-2011 im Gemeindevorstand Linsengericht t\u00e4tig. Sein besonderes Interesse galt den Linsengerichter Vereinen f\u00fcr die er sich nachhaltig einsetzte.<\/p>\r\n<p>Neben der Kommunalpolitik war der Kaninchenzuchtverein H 426 Am Geisberg ein wichtiger Teil seines Lebens. Seit der Gr\u00fcndung des Vereins vor drei\u00dfig Jahren stand Kurt Brandes an der Spitze des Vereins. Mit gro\u00dfem Einsatz setzte er sich f\u00fcr die Vereinsziele ein.\u00a0\u00a0<\/p>\r\n<p>\u201eMit Kurt Brandes haben wir einen der Dorfgemeinschaft sehr verbundenen Mitb\u00fcrger verloren, unsere besondere Anteilnahme gilt seiner Familie \u201c, so der 1. Vorsitzende der B\u00fcrgerliste\/FWG Linsengericht, Ruben Hundhausen, in seinem Nachruf.<\/p>\r\n<p><img loading=\"lazy\" decoding=\"async\" class=\"alignnone wp-image-1966 size-medium\" src=\"https:\/\/www.buergerliste-linsengericht.de\/wp-content\/uploads\/2025\/04\/Pavillon-Geislitz-03.08.2011-2-1-1-300x215.jpg\" alt=\"\" width=\"300\" height=\"215\" \/><\/p>\r\n<p>Kurt Brandes im Geislitzer Hasenheim<\/p>\r\n<\/figure>\r\n","protected":false},"excerpt":{"rendered":"<p>Vor einigen Tagen ist Kurt Brandes aus Geislitz verstorben.\u00a0Am 08. Nov. 1946 in Bieber-R\u00f6hrig geboren, fand er nach der Heirat mit seiner Ehefrau Sigrid in Linsengericht in der Eckertstra\u00dfe einen neuen Lebensmittelpunkt. In seiner neuen Heimat Geislitz engagierte sich Kurt Brandes auch f\u00fcr das Allgemeinwohl. In der Linsengerichter Kommunalpolitik, f\u00fcr die ihn Alexander Ditzel gewinnen [&hellip;]<\/p>\n","protected":false},"author":3,"featured_media":1966,"comment_status":"closed","ping_status":"closed","sticky":false,"template":"","format":"standard","meta":{"_et_pb_use_builder":"","_et_pb_old_content":"","_et_gb_content_width":"","footnotes":""},"categories":[42],"tags":[121,30,122,41,120,119,124,123],"class_list":["post-1963","post","type-post","status-publish","format-standard","has-post-thumbnail","hentry","category-presse-2025","tag-brandes","tag-buergerliste-linsengericht","tag-gedenken","tag-geislitz","tag-kurt","tag-nachruf","tag-tod","tag-tote"],"_links":{"self":[{"href":"https:\/\/www.buergerliste-linsengericht.de\/index.php\/wp-json\/wp\/v2\/posts\/1963","targetHints":{"allow":["GET"]}}],"collection":[{"href":"https:\/\/www.buergerliste-linsengericht.de\/index.php\/wp-json\/wp\/v2\/posts"}],"about":[{"href":"https:\/\/www.buergerliste-linsengericht.de\/index.php\/wp-json\/wp\/v2\/types\/post"}],"author":[{"embeddable":true,"href":"https:\/\/www.buergerliste-linsengericht.de\/index.php\/wp-json\/wp\/v2\/users\/3"}],"replies":[{"embeddable":true,"href":"https:\/\/www.buergerliste-linsengericht.de\/index.php\/wp-json\/wp\/v2\/comments?post=1963"}],"version-history":[{"count":4,"href":"https:\/\/www.buergerliste-linsengericht.de\/index.php\/wp-json\/wp\/v2\/posts\/1963\/revisions"}],"predecessor-version":[{"id":1969,"href":"https:\/\/www.buergerliste-linsengericht.de\/index.php\/wp-json\/wp\/v2\/posts\/1963\/revisions\/1969"}],"wp:featuredmedia":[{"embeddable":true,"href":"https:\/\/www.buergerliste-linsengericht.de\/index.php\/wp-json\/wp\/v2\/media\/1966"}],"wp:attachment":[{"href":"https:\/\/www.buergerliste-linsengericht.de\/index.php\/wp-json\/wp\/v2\/media?parent=1963"}],"wp:term":[{"taxonomy":"category","embeddable":true,"href":"https:\/\/www.buergerliste-linsengericht.de\/index.php\/wp-json\/wp\/v2\/categories?post=1963"},{"taxonomy":"post_tag","embeddable":true,"href":"https:\/\/www.buergerliste-linsengericht.de\/index.php\/wp-json\/wp\/v2\/tags?post=1963"}],"curies":[{"name":"wp","href":"https:\/\/api.w.org\/{rel}","templated":true}]}}