{"id":1960,"date":"2025-04-18T22:41:23","date_gmt":"2025-04-18T20:41:23","guid":{"rendered":"https:\/\/www.buergerliste-linsengericht.de\/?p=1960"},"modified":"2025-04-18T22:41:23","modified_gmt":"2025-04-18T20:41:23","slug":"unverstaendliche-entscheidung-von-hessen-mobil-zur-verkehrsberuhigung-in-der-karl-gloeckner-strasse-in-eidengesaess","status":"publish","type":"post","link":"https:\/\/www.buergerliste-linsengericht.de\/index.php\/2025\/04\/18\/unverstaendliche-entscheidung-von-hessen-mobil-zur-verkehrsberuhigung-in-der-karl-gloeckner-strasse-in-eidengesaess\/","title":{"rendered":"Unverst\u00e4ndliche Entscheidung von Hessen Mobil zur Verkehrsberuhigung in der Karl-Gl\u00f6ckner Stra\u00dfe in Eidenges\u00e4\u00df"},"content":{"rendered":"\r\n<figure><\/figure>\r\n<figure class=\"wp-block-image size-large\">\r\n<p>Die Gemeinde Linsengericht hatte sich vor einiger Zeit an Hessen Mobil gewandt, um mit einer roten Einf\u00e4rbung des Stra\u00dfenbelags auf der Karl-Gl\u00f6ckner-Stra\u00dfe die Verkehrsteilnehmer zu einer angepassten Geschwindigkeit zu bewegen. \u201eMit dieser baulichen Ma\u00dfnahme sollte die Verkehrssicherheit am Fu\u00dfg\u00e4nger\u00fcberweg, der auch zum Schulweg geh\u00f6rt, erh\u00f6ht werden\u201c, so Ortsbeiratsmitglied J\u00fcrgen R\u00f6scher von der B\u00fcrgerliste\/FWG Linsengericht.<\/p>\r\n<p>In einer Reihe von Ortsbeiratssitzungen in Eidenges\u00e4\u00df wurde das Thema beraten und nach L\u00f6sungsm\u00f6glichkeiten gesucht, um zu schnellem Fahren entgegenzuwirken. Da die Vorgaben f\u00fcr eine station\u00e4re Geschwindigkeitsmessanlage (Blitzer) nicht erf\u00fcllt werden k\u00f6nnen, bietet die Einf\u00e4rbung des Stra\u00dfenbelags eine M\u00f6glichkeit die Verkehrssicherheit f\u00fcr die den Fu\u00dfg\u00e4nger\u00fcberweg nutzenden Schulkinder zu verbessern.\u00a0\u00a0<\/p>\r\n<p>Deshalb ist die Entscheidung von Hessen Mobil die Einf\u00e4rbung des Stra\u00dfenbelages pauschal abzulehnen, da keine hinreichende Grundlage f\u00fcr eine Wirkung bestehen w\u00fcrde, nicht zu verstehen. \u201eDie Begr\u00fcndung, dass nur an besonderen Konfliktfl\u00e4chen eine Einf\u00e4rbung erfolgreich sei und nur an besonderen Gefahrenstellen eingesetzt wird\u201c ist f\u00fcr uns unverst\u00e4ndlich\u201c, so Dirk Seybold Gemeindevertreter und Mitglied im Bau- und Verkehrsausschuss der Gemeinde Linsengericht.<\/p>\r\n<p>\u201eWir bitten Hessen Mobil die Entscheidung noch einmal zu \u00fcberdenken, da in anderen Kommunen solche baulichen Ma\u00dfnahmen schon seit vielen Jahren umgesetzt wurden. Auch in anderen Bundesl\u00e4ndern werden Stra\u00dfeneinf\u00e4rbungen zur Verbesserung der Verkehrssicherheit genutzt,\u201c so der Fraktionsvorsitzende der B\u00fcrgerliste\/FWG Linsengericht, Heinz Breitenbach abschlie\u00dfend.<\/p>\r\n<p><img loading=\"lazy\" decoding=\"async\" class=\"alignnone wp-image-1961 size-medium\" src=\"https:\/\/www.buergerliste-linsengericht.de\/wp-content\/uploads\/2025\/04\/Heinz-Breitenbach-Juergen-Roescher-u.-Dirk-Seybold-18.01.2025-300x273.jpg\" alt=\"\" width=\"300\" height=\"273\" \/><\/p>\r\n<p>Von links: \u00a0B\u00fcrgerliste Vertreter Heinz Breitenbach, J\u00fcrgen R\u00f6scher und Dirk Seybold<\/p>\r\n<\/figure>\r\n","protected":false},"excerpt":{"rendered":"<p>Die Gemeinde Linsengericht hatte sich vor einiger Zeit an Hessen Mobil gewandt, um mit einer roten Einf\u00e4rbung des Stra\u00dfenbelags auf der Karl-Gl\u00f6ckner-Stra\u00dfe die Verkehrsteilnehmer zu einer angepassten Geschwindigkeit zu bewegen. \u201eMit dieser baulichen Ma\u00dfnahme sollte die Verkehrssicherheit am Fu\u00dfg\u00e4nger\u00fcberweg, der auch zum Schulweg geh\u00f6rt, erh\u00f6ht werden\u201c, so Ortsbeiratsmitglied J\u00fcrgen R\u00f6scher von der B\u00fcrgerliste\/FWG Linsengericht. In [&hellip;]<\/p>\n","protected":false},"author":3,"featured_media":1961,"comment_status":"closed","ping_status":"closed","sticky":false,"template":"","format":"standard","meta":{"_et_pb_use_builder":"","_et_pb_old_content":"","_et_gb_content_width":"","footnotes":""},"categories":[42],"tags":[30,33,114,27,116,115,118,113,117],"class_list":["post-1960","post","type-post","status-publish","format-standard","has-post-thumbnail","hentry","category-presse-2025","tag-buergerliste-linsengericht","tag-eidengesaess","tag-geschwindigkeit","tag-hessen-mobil","tag-ortsbeirat-eidengesaess","tag-raser","tag-strassen","tag-verkehr","tag-verkehrsberuhigung"],"_links":{"self":[{"href":"https:\/\/www.buergerliste-linsengericht.de\/index.php\/wp-json\/wp\/v2\/posts\/1960","targetHints":{"allow":["GET"]}}],"collection":[{"href":"https:\/\/www.buergerliste-linsengericht.de\/index.php\/wp-json\/wp\/v2\/posts"}],"about":[{"href":"https:\/\/www.buergerliste-linsengericht.de\/index.php\/wp-json\/wp\/v2\/types\/post"}],"author":[{"embeddable":true,"href":"https:\/\/www.buergerliste-linsengericht.de\/index.php\/wp-json\/wp\/v2\/users\/3"}],"replies":[{"embeddable":true,"href":"https:\/\/www.buergerliste-linsengericht.de\/index.php\/wp-json\/wp\/v2\/comments?post=1960"}],"version-history":[{"count":1,"href":"https:\/\/www.buergerliste-linsengericht.de\/index.php\/wp-json\/wp\/v2\/posts\/1960\/revisions"}],"predecessor-version":[{"id":1962,"href":"https:\/\/www.buergerliste-linsengericht.de\/index.php\/wp-json\/wp\/v2\/posts\/1960\/revisions\/1962"}],"wp:featuredmedia":[{"embeddable":true,"href":"https:\/\/www.buergerliste-linsengericht.de\/index.php\/wp-json\/wp\/v2\/media\/1961"}],"wp:attachment":[{"href":"https:\/\/www.buergerliste-linsengericht.de\/index.php\/wp-json\/wp\/v2\/media?parent=1960"}],"wp:term":[{"taxonomy":"category","embeddable":true,"href":"https:\/\/www.buergerliste-linsengericht.de\/index.php\/wp-json\/wp\/v2\/categories?post=1960"},{"taxonomy":"post_tag","embeddable":true,"href":"https:\/\/www.buergerliste-linsengericht.de\/index.php\/wp-json\/wp\/v2\/tags?post=1960"}],"curies":[{"name":"wp","href":"https:\/\/api.w.org\/{rel}","templated":true}]}}