{"id":1954,"date":"2025-04-18T22:34:39","date_gmt":"2025-04-18T20:34:39","guid":{"rendered":"https:\/\/www.buergerliste-linsengericht.de\/?p=1954"},"modified":"2025-04-18T22:34:39","modified_gmt":"2025-04-18T20:34:39","slug":"buergerliste-fwg-linsengericht-erfreut-ueber-sanierung-der-strasse-am-vogelsang-in-geislitz","status":"publish","type":"post","link":"https:\/\/www.buergerliste-linsengericht.de\/index.php\/2025\/04\/18\/buergerliste-fwg-linsengericht-erfreut-ueber-sanierung-der-strasse-am-vogelsang-in-geislitz\/","title":{"rendered":"B\u00fcrgerliste\/FWG Linsengericht erfreut \u00fcber Sanierung der Stra\u00dfe Am Vogelsang in Geislitz"},"content":{"rendered":"\r\n<figure><\/figure>\r\n<figure class=\"wp-block-image size-large\">\r\n<p>\u201eWas lange w\u00e4hrt, wird endlich gut\u201c leitete BGL\/FWG -Fraktionsvorsitzender Heinz Breitenbach bei einem Ortstermin in Geislitz ein, bei dem die B\u00fcrgerliste Linsengericht vor einigen Tagen die inzwischen abgeschlossenen Bauma\u00dfnahmen in Augenschein genommen hatte.<\/p>\r\n<p>\u201eWir freuen uns, dass diese schon viele Jahre im Gemeindehaushalt geplante und immer wieder verschobene kommunale Stra\u00dfenbauma\u00dfnahme nun vollendet werden konnte. Im Zuge der Bauarbeiten konnten auch einige auf die nicht unerheblichen H\u00f6henunterschiede zur\u00fcckzuf\u00fchrenden Entw\u00e4sserungsprobleme gel\u00f6st werden\u201c, so Gemeindevertreter Dirk Seybold und Ortsbeiratsmitglied Annette Braun aus Geislitz.<\/p>\r\n<p>Die BGL\/FWG-Gemeindevertreter Nicole Dein und Klaus Balzer erg\u00e4nzten abschlie\u00dfend: \u201eWir hoffen, dass durch die neue Stra\u00dfenbeitragssatzung der \u00fcber ca. 20 Jahre entstandene Investitionsstau bei den Gemeindestra\u00dfen nun Schritt f\u00fcr Schritt beseitigt wird und in den n\u00e4chsten Jahren weitere solche f\u00fcr die verkehrliche Infrastruktur unserer Ortsteile n\u00f6tigen Sanierungsprojekte umgesetzt werden k\u00f6nnen.\u201c<\/p>\r\n<p><img loading=\"lazy\" decoding=\"async\" class=\"alignnone wp-image-1955 size-medium\" src=\"https:\/\/www.buergerliste-linsengericht.de\/wp-content\/uploads\/2025\/04\/Am-Vogelsang-Dez.-2024-300x225.jpg\" alt=\"\" width=\"300\" height=\"225\" \/><\/p>\r\n<p>Von links: Klaus Balzer, Dirk Seybold, Annette Braun, Nicole Dein und Heinz Breitenbach<\/p>\r\n<\/figure>\r\n","protected":false},"excerpt":{"rendered":"<p>\u201eWas lange w\u00e4hrt, wird endlich gut\u201c leitete BGL\/FWG -Fraktionsvorsitzender Heinz Breitenbach bei einem Ortstermin in Geislitz ein, bei dem die B\u00fcrgerliste Linsengericht vor einigen Tagen die inzwischen abgeschlossenen Bauma\u00dfnahmen in Augenschein genommen hatte. \u201eWir freuen uns, dass diese schon viele Jahre im Gemeindehaushalt geplante und immer wieder verschobene kommunale Stra\u00dfenbauma\u00dfnahme nun vollendet werden konnte. Im [&hellip;]<\/p>\n","protected":false},"author":3,"featured_media":1955,"comment_status":"closed","ping_status":"closed","sticky":false,"template":"","format":"standard","meta":{"_et_pb_use_builder":"","_et_pb_old_content":"","_et_gb_content_width":"","footnotes":""},"categories":[42],"tags":[30,41,58,96,57,107],"class_list":["post-1954","post","type-post","status-publish","format-standard","has-post-thumbnail","hentry","category-presse-2025","tag-buergerliste-linsengericht","tag-geislitz","tag-sanierung","tag-strasse","tag-strassenbau","tag-vogelsang"],"_links":{"self":[{"href":"https:\/\/www.buergerliste-linsengericht.de\/index.php\/wp-json\/wp\/v2\/posts\/1954","targetHints":{"allow":["GET"]}}],"collection":[{"href":"https:\/\/www.buergerliste-linsengericht.de\/index.php\/wp-json\/wp\/v2\/posts"}],"about":[{"href":"https:\/\/www.buergerliste-linsengericht.de\/index.php\/wp-json\/wp\/v2\/types\/post"}],"author":[{"embeddable":true,"href":"https:\/\/www.buergerliste-linsengericht.de\/index.php\/wp-json\/wp\/v2\/users\/3"}],"replies":[{"embeddable":true,"href":"https:\/\/www.buergerliste-linsengericht.de\/index.php\/wp-json\/wp\/v2\/comments?post=1954"}],"version-history":[{"count":1,"href":"https:\/\/www.buergerliste-linsengericht.de\/index.php\/wp-json\/wp\/v2\/posts\/1954\/revisions"}],"predecessor-version":[{"id":1956,"href":"https:\/\/www.buergerliste-linsengericht.de\/index.php\/wp-json\/wp\/v2\/posts\/1954\/revisions\/1956"}],"wp:featuredmedia":[{"embeddable":true,"href":"https:\/\/www.buergerliste-linsengericht.de\/index.php\/wp-json\/wp\/v2\/media\/1955"}],"wp:attachment":[{"href":"https:\/\/www.buergerliste-linsengericht.de\/index.php\/wp-json\/wp\/v2\/media?parent=1954"}],"wp:term":[{"taxonomy":"category","embeddable":true,"href":"https:\/\/www.buergerliste-linsengericht.de\/index.php\/wp-json\/wp\/v2\/categories?post=1954"},{"taxonomy":"post_tag","embeddable":true,"href":"https:\/\/www.buergerliste-linsengericht.de\/index.php\/wp-json\/wp\/v2\/tags?post=1954"}],"curies":[{"name":"wp","href":"https:\/\/api.w.org\/{rel}","templated":true}]}}