{"id":1951,"date":"2025-04-18T22:30:17","date_gmt":"2025-04-18T20:30:17","guid":{"rendered":"https:\/\/www.buergerliste-linsengericht.de\/?p=1951"},"modified":"2025-05-07T18:54:56","modified_gmt":"2025-05-07T16:54:56","slug":"buergerliste-fwg-linsengericht-fuer-den-langfristigen-erhalt-der-hausarztpraxis-in-altenhasslau","status":"publish","type":"post","link":"https:\/\/www.buergerliste-linsengericht.de\/index.php\/2025\/04\/18\/buergerliste-fwg-linsengericht-fuer-den-langfristigen-erhalt-der-hausarztpraxis-in-altenhasslau\/","title":{"rendered":"B\u00fcrgerliste\/FWG Linsengericht f\u00fcr den langfristigen Erhalt der Hausarztpraxis in Altenha\u00dflau"},"content":{"rendered":"\r\n<figure><\/figure>\r\n<figure class=\"wp-block-image size-large\">\r\n<p>\u201eDie mehrheitliche Entscheidung im Linsengerichter Haupt-, Finanz- und Digitalisierungsausschuss, dem Hausarztzentrum Linsengericht 75.000 \u20ac f\u00fcr die Ausstattung der Praxisr\u00e4ume am k\u00fcnftigen Standort am ehemaligen Altenha\u00dflauer Festplatz bereitzustellen, geht zur\u00fcck auf einen gemeinsamen Antrag der B\u00fcrgerliste mit der SPD\u201c, berichtet BGL\/FWG-Fraktionsvorsitzender Heinz Breitenbach.<\/p>\r\n<p>\u201eWenn landauf landab vom Praxissterben die Rede ist, m\u00fcssen sich auch die St\u00e4dte und Gemeinden dagegenstemmen, um eine m\u00f6glichst fl\u00e4chendeckende haus\u00e4rztliche Versorgung auch f\u00fcr die Zukunft sicherzustellen, damit die Wege f\u00fcr die Patientinnen und Patienten nicht immer weiter werden und Haus\u00e4rzte auch in der Kommune vertreten bleiben\u201c, erg\u00e4nzt der neue Vorsitzende der B\u00fcrgerliste Ruben Hundhausen.<\/p>\r\n<p>Wie Gemeindevorstandsmitglied Sebastian Dein erl\u00e4utert, will sich das im Jahr 2006 gegr\u00fcndete Hausarztzentrum Linsengericht schon seit einiger Zeit in Altenha\u00dflau vergr\u00f6\u00dfern und modernisieren, um den langfristigen Erhalt der Praxis sicherzustellen: \u201eWer die bisherigen R\u00e4umlichkeiten der Praxis kennt, wei\u00df, dass dies am jetzigen Standort aufgrund der Weiterentwicklung der Technik und im medizinischen Bereich einfach nicht mehr m\u00f6glich war. F\u00fcr die n\u00e4chsten Jahre ist eben auch die M\u00f6glichkeit der Ausbildung der \u00c4rztinnen und \u00c4rzte vor Ort, sowie der medizinischen Fachangestellten in der Zukunft eminent wichtig, um dann eine geeignete Nachfolge f\u00fcr Dr. Adam, Dr. von Gazali und Herrn Fuchs zu finden und zu etablieren. Dies ist f\u00fcr alle Beteiligten leichter, wenn sie dann m\u00f6glichst schon einige Jahre im Hausarztzentrum am neuen Standort in modern und attraktiv ausgestatteten R\u00e4umlichkeiten t\u00e4tig waren.\u201c<\/p>\r\n<p>\u201eWir haben daher in mehreren Fraktionssitzungen intensiv \u00fcber die Anfrage des Hausarztzentrums diskutiert und diese Thematik gegen\u00fcber der allgemeinen Haushaltssituation und anderen Antr\u00e4gen abgewogen, um dann im Sinne der B\u00fcrgerinnen und B\u00fcrger den gemeinsamen Antrag einen <strong>Zuschuss in H\u00f6he von 75.000 \u20ac <\/strong>zu gew\u00e4hren, in die gemeindlichen Haushaltsberatungen einzubringen\u201c, so Heinz Breitenbach abschlie\u00dfend. Das letzte Wort hat im Rahmen der Beratungen des Doppelhaushaltes 2025\/2026 bekanntlich die Linsengerichter Gemeindevertretung in ihrer Sitzung am 12. Dezember in der Altenha\u00dflauer Zehntscheune.<\/p>\r\n<p><img loading=\"lazy\" decoding=\"async\" class=\"alignnone wp-image-1952 size-medium\" src=\"https:\/\/www.buergerliste-linsengericht.de\/wp-content\/uploads\/2025\/04\/BGL-FWG-Linsengericht-300x200.jpg\" alt=\"\" width=\"300\" height=\"200\" \/><\/p>\r\n<p>Von links: Heinz Breitenbach, Sebastian Dein, Dirk Seybold, Ruben Hundhausen, Matthias Rohde, Klaus Balzer und Annette Braun<\/p>\r\n<\/figure>\r\n","protected":false},"excerpt":{"rendered":"<p>\u201eDie mehrheitliche Entscheidung im Linsengerichter Haupt-, Finanz- und Digitalisierungsausschuss, dem Hausarztzentrum Linsengericht 75.000 \u20ac f\u00fcr die Ausstattung der Praxisr\u00e4ume am k\u00fcnftigen Standort am ehemaligen Altenha\u00dflauer Festplatz bereitzustellen, geht zur\u00fcck auf einen gemeinsamen Antrag der B\u00fcrgerliste mit der SPD\u201c, berichtet BGL\/FWG-Fraktionsvorsitzender Heinz Breitenbach. \u201eWenn landauf landab vom Praxissterben die Rede ist, m\u00fcssen sich auch die St\u00e4dte [&hellip;]<\/p>\n","protected":false},"author":3,"featured_media":1952,"comment_status":"closed","ping_status":"closed","sticky":false,"template":"","format":"standard","meta":{"_et_pb_use_builder":"","_et_pb_old_content":"","_et_gb_content_width":"","footnotes":""},"categories":[40],"tags":[95,103,30,102,104,106,105],"class_list":["post-1951","post","type-post","status-publish","format-standard","has-post-thumbnail","hentry","category-presse-2024","tag-altenhasslau","tag-aerzte","tag-buergerliste-linsengericht","tag-hausarzt","tag-medizin","tag-medizinsche","tag-versorgung"],"_links":{"self":[{"href":"https:\/\/www.buergerliste-linsengericht.de\/index.php\/wp-json\/wp\/v2\/posts\/1951","targetHints":{"allow":["GET"]}}],"collection":[{"href":"https:\/\/www.buergerliste-linsengericht.de\/index.php\/wp-json\/wp\/v2\/posts"}],"about":[{"href":"https:\/\/www.buergerliste-linsengericht.de\/index.php\/wp-json\/wp\/v2\/types\/post"}],"author":[{"embeddable":true,"href":"https:\/\/www.buergerliste-linsengericht.de\/index.php\/wp-json\/wp\/v2\/users\/3"}],"replies":[{"embeddable":true,"href":"https:\/\/www.buergerliste-linsengericht.de\/index.php\/wp-json\/wp\/v2\/comments?post=1951"}],"version-history":[{"count":2,"href":"https:\/\/www.buergerliste-linsengericht.de\/index.php\/wp-json\/wp\/v2\/posts\/1951\/revisions"}],"predecessor-version":[{"id":2030,"href":"https:\/\/www.buergerliste-linsengericht.de\/index.php\/wp-json\/wp\/v2\/posts\/1951\/revisions\/2030"}],"wp:featuredmedia":[{"embeddable":true,"href":"https:\/\/www.buergerliste-linsengericht.de\/index.php\/wp-json\/wp\/v2\/media\/1952"}],"wp:attachment":[{"href":"https:\/\/www.buergerliste-linsengericht.de\/index.php\/wp-json\/wp\/v2\/media?parent=1951"}],"wp:term":[{"taxonomy":"category","embeddable":true,"href":"https:\/\/www.buergerliste-linsengericht.de\/index.php\/wp-json\/wp\/v2\/categories?post=1951"},{"taxonomy":"post_tag","embeddable":true,"href":"https:\/\/www.buergerliste-linsengericht.de\/index.php\/wp-json\/wp\/v2\/tags?post=1951"}],"curies":[{"name":"wp","href":"https:\/\/api.w.org\/{rel}","templated":true}]}}