{"id":1939,"date":"2025-04-18T22:03:38","date_gmt":"2025-04-18T20:03:38","guid":{"rendered":"https:\/\/www.buergerliste-linsengericht.de\/?p=1939"},"modified":"2025-04-18T22:19:11","modified_gmt":"2025-04-18T20:19:11","slug":"wechsel-an-der-spitze-der-buergerliste-fwg-linsengericht-ruben-hundhausen-uebernimmt-von-heinz-breitenbach","status":"publish","type":"post","link":"https:\/\/www.buergerliste-linsengericht.de\/index.php\/2025\/04\/18\/wechsel-an-der-spitze-der-buergerliste-fwg-linsengericht-ruben-hundhausen-uebernimmt-von-heinz-breitenbach\/","title":{"rendered":"Wechsel an der Spitze der B\u00fcrgerliste\/FWG Linsengericht: Ruben Hundhausen \u00fcbernimmt von Heinz Breitenbach"},"content":{"rendered":"\r\n<figure><\/figure>\r\n<figure class=\"wp-block-image size-large\">\r\n<p>Die B\u00fcrgerliste \/ Freie W\u00e4hlergemeinschaft Linsengericht traf sich zur diesj\u00e4hrigen Jahreshauptversammlung im Vereinsheim des Kaninchenzuchtvereins \u201eAm Geisberg\u201c in Geislitz. Begr\u00fc\u00dft wurden die erschienenen Mitglieder vom Vorsitzenden Heinz Breitenbach, der zudem Joachim Ludwig von der GNZ begr\u00fc\u00dfen konnte und sodann die fristgerechte Einladung und Beschlussf\u00e4higkeit der Versammlung feststellte.<\/p>\r\n<p>Nach dem w\u00fcrdevollen Totengedenken der insgesamt sechs verstorbenen Mitglieder k\u00fcndigte Breitenbach in seinem letzten Bericht als Vorsitzender an, nach 28 Jahren an der Spitze, davon 2 Jahre als Stellvertretender Vorsitzender, aus gesundheitlichen Gr\u00fcnden nicht mehr f\u00fcr dieses Amt zu kandidieren. Er habe in all den Jahren mit unterschiedlichen Personen in der Linsengerichter Kommunalpolitik vieles gestalten und manchmal auch gegen Widerst\u00e4nde auf den Weg bringen k\u00f6nnen. Politisch war er 26 Jahre lang im Gemeindevorstand aktiv, von 2006-2011 als 1. Beigeordneter und ist seit 2011 in der Gemeindevertretung als Fraktionsvorsitzender der B\u00fcrgerliste t\u00e4tig \u2013 ein Amt, welches er noch bis zum Ende der Kommunalwahlperiode 2021-2026 aus\u00fcben m\u00f6chte.<\/p>\r\n<p>Im Verlauf seines Berichtes als Vorsitzender ging er unter anderem auf einen Vortrag zur Energiewende mit einem Referenten des Energiestammtischs Freigericht, das Heringsessen an Aschermittwoch, sowie den k\u00fcrzlich umgesetzten Beschluss auf Antrag der BGL \/ FWG f\u00fcr die Verlegung von Stolpersteinen in Altenha\u00dflau zum Gedenken an fr\u00fchere j\u00fcdische Mitb\u00fcrgerinnen und Mitb\u00fcrger ein.<\/p>\r\n<p>Im Bericht des Kassierers Klaus Balzer gratulierte dieser Breitenbach zun\u00e4chst zu dessen k\u00fcrzlichem Geburtstag und dankte Breitenbach f\u00fcr die langj\u00e4hrige gute Zusammenarbeit und dessen unerm\u00fcdliche Arbeit als Vorsitzendem. Anschlie\u00dfend berichtet er \u00fcber die Mitgliederzahl inklusive Altersstruktur und die finanzielle Lage des Vereins und erl\u00e4uterte gewohnt souver\u00e4n die wichtigsten Einnahme- und Ausgabearten.<\/p>\r\n<p>Albert Orgas erl\u00e4uterte f\u00fcr das Kassenpr\u00fcferteam, dass er zuvor mit Karlfred Seifert die Kasse bei Klaus Balzer gepr\u00fcft hatte, alles einwandfrei belegt sei und er daher die Entlastung des Vorstandes beantrage, welche die Versammlung anschlie\u00dfend einstimmig beschloss.<\/p>\r\n<p>Als n\u00e4chster Tagesordnungspunkt war nun die Neuwahl des Gesamtvorstandes auf drei Jahre vorgesehen, f\u00fcr die die Versammlung Matthias Rohde als Wahlleiter bestimmte. Dieser dankte Heinz Breitenbach und dem restlichen Vorstand f\u00fcr deren Aktivit\u00e4ten und bat um Vorschl\u00e4ge f\u00fcr die jeweiligen Vorstands\u00e4mter, die sodann jeweils einstimmig (teilweise bei Enthaltung der jeweils Betroffenen) wie folgt besetzt werden konnten:<\/p>\r\n<p>Vorsitzender Ruben Hundhausen, Stellv. Vorsitzender Dirk Seybold, Kassierer Klaus Balzer, Schriftf\u00fchrer Matthias Rohde, stellv. Kassierer Wilfried Straub, Pressewart und stellv. Schriftf\u00fchrer Sebastian Dein, sowie als Beisitzer J\u00fcrgen R\u00f6scher (Eidenges\u00e4\u00df), Heinz Breitenbach (Gro\u00dfenhausen) und die Beisitzerinnen Annette Braun (Geislitz) und Stefanie Knopp (L\u00fctzelhausen). Als Kassenpr\u00fcfer werden sodann Nicole Dein, Mark Trageser und Helmut Fischer gew\u00e4hlt.<\/p>\r\n<p>In seinem anschlie\u00dfenden ausf\u00fchrlichen Bericht als Fraktionsvorsitzender \u2013 einmal mehr unterst\u00fctzt durch eine Bildpr\u00e4sentation von Sebastian Dein \u2013 sprach Heinz Breitenbach nun zahlreiche aktuelle politische Themen an, die im Vorfeld teils intensiv diskutiert wurden, insbesondere die Gro\u00dfprojekte neues Feuerwehrhaus S\u00fcd-West f\u00fcr Gro\u00dfenhausen und L\u00fctzelhausen, Rathausanbau der Gemeinde in Altenha\u00dflau, das Gewerbegebiet \u201eAm Weinberg II\u201c bei L\u00fctzelhausen, sowie zahlreiche Glasfaser-, Stra\u00dfen- und sonstige Bauma\u00dfnahmen.<\/p>\r\n<p>Besonders erfreut zeigte er sich, dass dank der Initiative der B\u00fcrgerliste inzwischen in alle Ortsteilen B\u00fccherschr\u00e4nke ehrenamtlich hergerichtet wurden, die auch ehrenamtlich betreut werden. Zudem wies er auf das 55-j\u00e4hrige Jubil\u00e4um der Gemeinde im kommenden Jahr hin, welches im Rahmen verschiedenster Vereinsveranstaltungen gefeiert werde.<\/p>\r\n<p>Abschlie\u00dfend ehrte Heinz Breitenbach noch die Mitglieder Albert Orgas und Alexander Ditzel f\u00fcr 25 Jahre bei der B\u00fcrgerliste \/ Freie W\u00e4hlergemeinschaft, verlas die entsprechende Urkunde und \u00fcberreichte als Geschenk ein Heimatjahrbuch des Main-Kinzig-Kreises.<\/p>\r\n<p>In seinem Schlusswort gab er noch einige Anekdoten aus seinem langj\u00e4hrigen politischen Wirken zum Besten, ehe die Versammlung geschlossen wurde und Breitenbach von Klaus Balzer einen Geschenkkorb \u00fcberreicht bekam.<\/p>\r\n<p><img loading=\"lazy\" decoding=\"async\" class=\"alignnone wp-image-1937 size-medium\" src=\"https:\/\/www.buergerliste-linsengericht.de\/wp-content\/uploads\/2025\/04\/Geschenkkorb-fuer-den-ehem.-Vorsitzenden-2--300x225.jpg\" alt=\"\" width=\"300\" height=\"225\" \/><\/p>\r\n<p>Von links: \u00a0Heinz Breitenbach, Klaus Balzer und Ruben Hundhausen<\/p>\r\n<\/figure>\r\n","protected":false},"excerpt":{"rendered":"<p>Die B\u00fcrgerliste \/ Freie W\u00e4hlergemeinschaft Linsengericht traf sich zur diesj\u00e4hrigen Jahreshauptversammlung im Vereinsheim des Kaninchenzuchtvereins \u201eAm Geisberg\u201c in Geislitz. Begr\u00fc\u00dft wurden die erschienenen Mitglieder vom Vorsitzenden Heinz Breitenbach, der zudem Joachim Ludwig von der GNZ begr\u00fc\u00dfen konnte und sodann die fristgerechte Einladung und Beschlussf\u00e4higkeit der Versammlung feststellte. Nach dem w\u00fcrdevollen Totengedenken der insgesamt sechs verstorbenen [&hellip;]<\/p>\n","protected":false},"author":3,"featured_media":1937,"comment_status":"closed","ping_status":"closed","sticky":false,"template":"","format":"standard","meta":{"_et_pb_use_builder":"","_et_pb_old_content":"","_et_gb_content_width":"","footnotes":""},"categories":[40],"tags":[30,41,91,90,89],"class_list":["post-1939","post","type-post","status-publish","format-standard","has-post-thumbnail","hentry","category-presse-2024","tag-buergerliste-linsengericht","tag-geislitz","tag-jahreshauptversammlung","tag-vorsitzender","tag-wahl"],"_links":{"self":[{"href":"https:\/\/www.buergerliste-linsengericht.de\/index.php\/wp-json\/wp\/v2\/posts\/1939","targetHints":{"allow":["GET"]}}],"collection":[{"href":"https:\/\/www.buergerliste-linsengericht.de\/index.php\/wp-json\/wp\/v2\/posts"}],"about":[{"href":"https:\/\/www.buergerliste-linsengericht.de\/index.php\/wp-json\/wp\/v2\/types\/post"}],"author":[{"embeddable":true,"href":"https:\/\/www.buergerliste-linsengericht.de\/index.php\/wp-json\/wp\/v2\/users\/3"}],"replies":[{"embeddable":true,"href":"https:\/\/www.buergerliste-linsengericht.de\/index.php\/wp-json\/wp\/v2\/comments?post=1939"}],"version-history":[{"count":1,"href":"https:\/\/www.buergerliste-linsengericht.de\/index.php\/wp-json\/wp\/v2\/posts\/1939\/revisions"}],"predecessor-version":[{"id":1940,"href":"https:\/\/www.buergerliste-linsengericht.de\/index.php\/wp-json\/wp\/v2\/posts\/1939\/revisions\/1940"}],"wp:featuredmedia":[{"embeddable":true,"href":"https:\/\/www.buergerliste-linsengericht.de\/index.php\/wp-json\/wp\/v2\/media\/1937"}],"wp:attachment":[{"href":"https:\/\/www.buergerliste-linsengericht.de\/index.php\/wp-json\/wp\/v2\/media?parent=1939"}],"wp:term":[{"taxonomy":"category","embeddable":true,"href":"https:\/\/www.buergerliste-linsengericht.de\/index.php\/wp-json\/wp\/v2\/categories?post=1939"},{"taxonomy":"post_tag","embeddable":true,"href":"https:\/\/www.buergerliste-linsengericht.de\/index.php\/wp-json\/wp\/v2\/tags?post=1939"}],"curies":[{"name":"wp","href":"https:\/\/api.w.org\/{rel}","templated":true}]}}