{"id":1917,"date":"2025-04-18T21:48:27","date_gmt":"2025-04-18T19:48:27","guid":{"rendered":"https:\/\/www.buergerliste-linsengericht.de\/?p=1917"},"modified":"2025-04-18T22:21:37","modified_gmt":"2025-04-18T20:21:37","slug":"positive-zeichen-von-hessen-mobil-sanierung-der-altenhasslauer-ortsdurchfahrt-ab-juni-2025","status":"publish","type":"post","link":"https:\/\/www.buergerliste-linsengericht.de\/index.php\/2025\/04\/18\/positive-zeichen-von-hessen-mobil-sanierung-der-altenhasslauer-ortsdurchfahrt-ab-juni-2025\/","title":{"rendered":"Positive Zeichen von Hessen Mobil \u2013 Sanierung der Altenha\u00dflauer Ortsdurchfahrt ab Juni 2025?"},"content":{"rendered":"\r\n<figure><\/figure>\r\n<figure class=\"wp-block-image size-large\">\r\n<p>Am Montag war es soweit: das Stra\u00dfen- und Verkehrsmanagement von Hessen Mobil in Gelnhausen informierte die Gemeinde Linsengericht \u00fcber eine ab Juni 2025 geplante Sanierung der Landesstra\u00dfe 2306 in Altenha\u00dflau, welche die Unterfrankenstra\u00dfe von der Bergstra\u00dfe bis zur Hauptstra\u00dfe und ab der dortigen Ampel die Gelnh\u00e4user Stra\u00dfe bis zum Kreisel an der Altenha\u00dflauer Stra\u00dfe und dem Stadtweg umfassen soll.<\/p>\r\n<p>\u201eWir sind froh, dass unsere langj\u00e4hrigen Bem\u00fchungen f\u00fcr eine solche Sanierung nun offenbar Fr\u00fcchte tragen und das buchst\u00e4bliche Licht am Ende des Tunnels in Sicht ist\u201c, so Heinz Breitenbach, Fraktionsvorsitzender der B\u00fcrgerliste Linsengericht.<\/p>\r\n<p>Wie Ortsbeiratsmitglied Albert Orgas und Gemeindevorstandsmitglied Sebastian Dein aus Altenha\u00dflau berichteten, hatte sich die BGL bereits seit dem Jahr 2011 regelm\u00e4\u00dfig mit der Thematik befasst und mehrmals auf die j\u00e4hrlich schlimmer werdenden Sch\u00e4den aufmerksam gemacht, die zumeist \u2013 wie letzten und auch aktuell wieder in diesem Sommer \u2013 nur rudiment\u00e4r durch die Stra\u00dfenmeisterei behoben wurden, obwohl es eigentlich einer grundhaften Sanierung der Stra\u00dfe bedarf.<\/p>\r\n<p>Im Sommer 2023 hatte sich daher eine Linsengerichter Delegation mit einer auf Initiative ihres Gemeindevertreters Ruben Hundhausen im M\u00e4rz 2023 gestarteten Unterschriftenaktion der heimischen Freien W\u00e4hler zu Hessen Mobil nach Wiesbaden auf den Weg gemacht, um der Thematik in der Hessischen Landeshauptstadt mehr Nachdruck zu verleihen. Hierbei wurden 426 Unterst\u00fctzerunterschriften an den Pr\u00e4sidenten von Hessen Mobil, Heiko Durth, \u00fcbergeben, der den heimischen Kommunalpolitikern seinerzeit jedoch wenig Hoffnung machen konnte.<\/p>\r\n<p>Bei einer Informationsveranstaltung von Hessen Mobil im M\u00e4rz 2024, in welcher das Bauprogramm von Hessen Mobil an einigen Bundes-, Landes und Kreisstra\u00dfen im Jahr 2024 im Main-Kinzig-Kreis vorgestellt wurden, hatte unter anderem Heinz Breitenbach erneut auf die Probleme in Altenha\u00dflau aufmerksam gemacht.<\/p>\r\n<p>\u201eDiese Sanierung scheint es nun also ins Bauprogramm 2025 geschafft zu haben, auch wenn Hessen Mobil der Gemeinde gleichzeitig mitteilte, dass der genaue Sanierungs- und Ausbauumfang des Streckenabschnitts noch festgelegt wird. Dennoch sind wir sehr froh, dass diese f\u00fcr das Linsengericht wichtige Ma\u00dfnahme perspektivisch im Sommer n\u00e4chsten Jahres beginnen und dann m\u00f6glicherweise bis Ende 2025 beendet werden kann\u201c, so die BGL-Vertreter abschlie\u00dfend.<\/p>\r\n<p><img loading=\"lazy\" decoding=\"async\" class=\"alignnone wp-image-1918 size-medium\" src=\"https:\/\/www.buergerliste-linsengericht.de\/wp-content\/uploads\/2025\/04\/Flicken-auf-der-L-2306-13.06.2023-2--225x300.jpg\" alt=\"\" width=\"225\" height=\"300\" \/><\/p>\r\n<p>Der weit \u00fcber Linsengericht hinaus bekannte Zustand der Gelnh\u00e4user Stra\u00dfe in Altenha\u00dflau<\/p>\r\n<\/figure>\r\n","protected":false},"excerpt":{"rendered":"<p>Am Montag war es soweit: das Stra\u00dfen- und Verkehrsmanagement von Hessen Mobil in Gelnhausen informierte die Gemeinde Linsengericht \u00fcber eine ab Juni 2025 geplante Sanierung der Landesstra\u00dfe 2306 in Altenha\u00dflau, welche die Unterfrankenstra\u00dfe von der Bergstra\u00dfe bis zur Hauptstra\u00dfe und ab der dortigen Ampel die Gelnh\u00e4user Stra\u00dfe bis zum Kreisel an der Altenha\u00dflauer Stra\u00dfe und [&hellip;]<\/p>\n","protected":false},"author":3,"featured_media":1918,"comment_status":"closed","ping_status":"closed","sticky":false,"template":"","format":"standard","meta":{"_et_pb_use_builder":"","_et_pb_old_content":"","_et_gb_content_width":"","footnotes":""},"categories":[40],"tags":[95,30,26,27,98,99,25,58,96,57,97],"class_list":["post-1917","post","type-post","status-publish","format-standard","has-post-thumbnail","hentry","category-presse-2024","tag-altenhasslau","tag-buergerliste-linsengericht","tag-gelnhaeuser-strasse","tag-hessen-mobil","tag-l2306","tag-landstrasse","tag-petition","tag-sanierung","tag-strasse","tag-strassenbau","tag-unterfrankenstrasse"],"_links":{"self":[{"href":"https:\/\/www.buergerliste-linsengericht.de\/index.php\/wp-json\/wp\/v2\/posts\/1917","targetHints":{"allow":["GET"]}}],"collection":[{"href":"https:\/\/www.buergerliste-linsengericht.de\/index.php\/wp-json\/wp\/v2\/posts"}],"about":[{"href":"https:\/\/www.buergerliste-linsengericht.de\/index.php\/wp-json\/wp\/v2\/types\/post"}],"author":[{"embeddable":true,"href":"https:\/\/www.buergerliste-linsengericht.de\/index.php\/wp-json\/wp\/v2\/users\/3"}],"replies":[{"embeddable":true,"href":"https:\/\/www.buergerliste-linsengericht.de\/index.php\/wp-json\/wp\/v2\/comments?post=1917"}],"version-history":[{"count":1,"href":"https:\/\/www.buergerliste-linsengericht.de\/index.php\/wp-json\/wp\/v2\/posts\/1917\/revisions"}],"predecessor-version":[{"id":1921,"href":"https:\/\/www.buergerliste-linsengericht.de\/index.php\/wp-json\/wp\/v2\/posts\/1917\/revisions\/1921"}],"wp:featuredmedia":[{"embeddable":true,"href":"https:\/\/www.buergerliste-linsengericht.de\/index.php\/wp-json\/wp\/v2\/media\/1918"}],"wp:attachment":[{"href":"https:\/\/www.buergerliste-linsengericht.de\/index.php\/wp-json\/wp\/v2\/media?parent=1917"}],"wp:term":[{"taxonomy":"category","embeddable":true,"href":"https:\/\/www.buergerliste-linsengericht.de\/index.php\/wp-json\/wp\/v2\/categories?post=1917"},{"taxonomy":"post_tag","embeddable":true,"href":"https:\/\/www.buergerliste-linsengericht.de\/index.php\/wp-json\/wp\/v2\/tags?post=1917"}],"curies":[{"name":"wp","href":"https:\/\/api.w.org\/{rel}","templated":true}]}}