{"id":1908,"date":"2025-04-18T21:37:33","date_gmt":"2025-04-18T19:37:33","guid":{"rendered":"https:\/\/www.buergerliste-linsengericht.de\/?p=1908"},"modified":"2025-04-18T22:12:24","modified_gmt":"2025-04-18T20:12:24","slug":"baubeginn-am-hufeisenweg","status":"publish","type":"post","link":"https:\/\/www.buergerliste-linsengericht.de\/index.php\/2025\/04\/18\/baubeginn-am-hufeisenweg\/","title":{"rendered":"Baubeginn am Hufeisenweg im Gerichtswald der Gemeinde Linsengericht"},"content":{"rendered":"\r\n<figure><\/figure>\r\n<figure class=\"wp-block-image size-large\">\r\n<p>Erfreut \u00fcber den Baubeginn am Weg zum Hufeisen zeigen sich die Vertreter der Freien W\u00e4hlergemeinschaft B\u00fcrgerliste Linsengericht. &#8222;Nachdem wir seit einigen Jahren eine Sanierung des Waldweges von der Landstra\u00dfe 2306 in Richtung des von Wanderern und Fahrradfahrern stark frequentierten Waldparkplatzes Hufeisen in den Gemeindegremien beantragt hatten, ist es nun gelungen, den ersten wichtigen Schritt zu realisieren und den Ausbau des besch\u00e4digten Weges oberhalb des Hufeisenhofes in den n\u00e4chsten Wochen vorzunehmen&#8220;, so B\u00fcrgerliste\/FWG-Fraktionsvorsitzender Heinz Breitenbach.<\/p>\r\n<p>\u00a0&#8222;Nach Abkl\u00e4rung mit verschiedenen beteiligten Beh\u00f6rden konnte die Gemeinde den Sanierungsauftrag k\u00fcrzlich vergeben, sodass am Montag die Baustelle eingerichtet wurde und es nun losgegangen ist&#8220;, erg\u00e4nzte Gemeindevorstandsmitglied Sebastian Dein. &#8222;Nach Abschluss der Bauma\u00dfnahme wird es gelten, sich auch den unteren Bereich des Weges anzuschauen, denn auch dort sind einige Schlagl\u00f6cher und Schadstellen vorhanden, die es auszubessern gilt&#8220;, erl\u00e4uterte Gemeindevertreter Ruben Hundhausen beim Ortstermin im Linsengerichter Wald, wo die heimischen Freien W\u00e4hler beide Abschnitte in Augenschein nahmen.<\/p>\r\n<p>&nbsp;<\/p>\r\n<p><img loading=\"lazy\" decoding=\"async\" class=\"alignnone wp-image-1909 \" src=\"https:\/\/www.buergerliste-linsengericht.de\/wp-content\/uploads\/2025\/04\/BGL-FWG-Fraktion-am-Weg-zum-Hufeisen-15.04.-2--300x225.jpg\" alt=\"\" width=\"487\" height=\"365\" \/><\/p>\r\n<p>Von links: Mark Trageser, Heinz Breitenbach, Wilfried Straub, Ruben Hundhausen, Annette Braun, Sebastian &amp; Nicole Dein und Dirk Seybold auf dem Weg zum Hufeisen<\/p>\r\n<\/figure>\r\n<p>&nbsp;<\/p>\r\n","protected":false},"excerpt":{"rendered":"<p>Erfreut \u00fcber den Baubeginn am Weg zum Hufeisen zeigen sich die Vertreter der Freien W\u00e4hlergemeinschaft B\u00fcrgerliste Linsengericht. &#8222;Nachdem wir seit einigen Jahren eine Sanierung des Waldweges von der Landstra\u00dfe 2306 in Richtung des von Wanderern und Fahrradfahrern stark frequentierten Waldparkplatzes Hufeisen in den Gemeindegremien beantragt hatten, ist es nun gelungen, den ersten wichtigen Schritt zu [&hellip;]<\/p>\n","protected":false},"author":3,"featured_media":1909,"comment_status":"closed","ping_status":"closed","sticky":false,"template":"","format":"standard","meta":{"_et_pb_use_builder":"","_et_pb_old_content":"","_et_gb_content_width":"","footnotes":""},"categories":[40],"tags":[61,30,63,55,56,60,58,57,62,59],"class_list":["post-1908","post","type-post","status-publish","format-standard","has-post-thumbnail","hentry","category-presse-2024","tag-biken","tag-buergerliste-linsengericht","tag-gerichtswald","tag-hufeisen","tag-hufeisenweg","tag-radfahren","tag-sanierung","tag-strassenbau","tag-wald","tag-wandern"],"_links":{"self":[{"href":"https:\/\/www.buergerliste-linsengericht.de\/index.php\/wp-json\/wp\/v2\/posts\/1908","targetHints":{"allow":["GET"]}}],"collection":[{"href":"https:\/\/www.buergerliste-linsengericht.de\/index.php\/wp-json\/wp\/v2\/posts"}],"about":[{"href":"https:\/\/www.buergerliste-linsengericht.de\/index.php\/wp-json\/wp\/v2\/types\/post"}],"author":[{"embeddable":true,"href":"https:\/\/www.buergerliste-linsengericht.de\/index.php\/wp-json\/wp\/v2\/users\/3"}],"replies":[{"embeddable":true,"href":"https:\/\/www.buergerliste-linsengericht.de\/index.php\/wp-json\/wp\/v2\/comments?post=1908"}],"version-history":[{"count":1,"href":"https:\/\/www.buergerliste-linsengericht.de\/index.php\/wp-json\/wp\/v2\/posts\/1908\/revisions"}],"predecessor-version":[{"id":1910,"href":"https:\/\/www.buergerliste-linsengericht.de\/index.php\/wp-json\/wp\/v2\/posts\/1908\/revisions\/1910"}],"wp:featuredmedia":[{"embeddable":true,"href":"https:\/\/www.buergerliste-linsengericht.de\/index.php\/wp-json\/wp\/v2\/media\/1909"}],"wp:attachment":[{"href":"https:\/\/www.buergerliste-linsengericht.de\/index.php\/wp-json\/wp\/v2\/media?parent=1908"}],"wp:term":[{"taxonomy":"category","embeddable":true,"href":"https:\/\/www.buergerliste-linsengericht.de\/index.php\/wp-json\/wp\/v2\/categories?post=1908"},{"taxonomy":"post_tag","embeddable":true,"href":"https:\/\/www.buergerliste-linsengericht.de\/index.php\/wp-json\/wp\/v2\/tags?post=1908"}],"curies":[{"name":"wp","href":"https:\/\/api.w.org\/{rel}","templated":true}]}}