{"id":1904,"date":"2025-04-18T21:33:58","date_gmt":"2025-04-18T19:33:58","guid":{"rendered":"https:\/\/www.buergerliste-linsengericht.de\/?p=1904"},"modified":"2025-04-18T22:11:20","modified_gmt":"2025-04-18T20:11:20","slug":"adam-till-90-geburtstag","status":"publish","type":"post","link":"https:\/\/www.buergerliste-linsengericht.de\/index.php\/2025\/04\/18\/adam-till-90-geburtstag\/","title":{"rendered":"Adam Till aus L\u00fctzelhausen feierte 90. Geburtstag"},"content":{"rendered":"\r\n<figure><\/figure>\r\n<figure class=\"wp-block-image size-large\">\r\n<p>Am 05. April 2024 feierte Adam Till in der Rh\u00f6nstra\u00dfe in L\u00fctzelhausen seinen Geburtstag. Aus diesem Anlass gratulierte der 1. Vorsitzende der B\u00fcrgerliste\/FWG Linsengericht, Heinz Breitenbach, dem Jubilar recht herzlich. Als Geschenk \u00fcberreichte er einen Pr\u00e4sentkorb mit ungarischen Spezialit\u00e4ten f\u00fcr das leibliche Wohl.<\/p>\r\n<p>Adam Till geh\u00f6rt der B\u00fcrgerliste\/FWG Linsengericht seit \u00fcber f\u00fcnfzig Jahren an.<\/p>\r\n<p>Schon vor dem Zusammenschluss der f\u00fcnf selbst\u00e4ndigen Gemeinden Altenhasslau, Eidenges\u00e4\u00df, Geislitz, Gro\u00dfenhausen und L\u00fctzelhausen im Jahre 1970 bzw. 1971 schloss er sich der in L\u00fctzelhausen von Heinrich Wernig geleiteten W\u00e4hlergemeinschaft an.<\/p>\r\n<p>In Bonyhad im Komitat Tolna in S\u00fcdungarn geboren und aufgewachsen, teilte er das Schicksal vieler Menschen in dieser Zeit, die nach dem 2. Weltkrieg aus ihrer bisherigen Umgebung ausgewiesen wurden. Bereits im Jahre 1946 musste er mit seiner Familie seine ungarische Heimat verlassen. Nach seiner Vertreibung und einer Zwischenstation auf der Wegscheide fand Adam Till mit seiner Mutter und seinen beiden Schwestern in L\u00fctzelhausen bei der Familie Fischer eine neue Bleibe.<\/p>\r\n<p>Nach Beendigung seiner Schulzeit absolvierte Adam Till eine Lehre als Schlosser bei der Firma Wernig in L\u00fctzelhausen. Anschlie\u00dfend arbeitete der Jubilar in Frankfurt bei einem mittelst\u00e4ndischen Unternehmen. Weitere Stationen seines Berufslebens waren die WIBAU in Gr\u00fcndau-Rothenbergen und die DEGUSSA in Hanau-Wolfgang.<\/p>\r\n<p>Das Interesse von Adam Till gilt jedoch nicht nur der \u00f6rtlichen Kommunalpolitik. In hohem Ma\u00dfe engagiert er sich in vorbildlicher Weise f\u00fcr den VdK Ortsverband L\u00fctzelhausen-Gro\u00dfenhausen seit 1978. Als Kassenwart fungierte er \u00fcber 21 Jahre und noch heute nimmt er am Vereinsleben teil.<\/p>\r\n<p>Auch dem Musikverein L\u00fctzelhausen zu deren Mitgr\u00fcndern das Geburtstagskind z\u00e4hlt, geh\u00f6rt er weiterhin an. In der Partnerschaftskommission Als\u00f3n\u00e1na der Gemeinde Linsengericht arbeitete der Jubilar mit und unterst\u00fctzt seit vielen Jahren den Kindergarten in der Partnergemeinde in S\u00fcdungarn.<\/p>\r\n<p><img loading=\"lazy\" decoding=\"async\" class=\"alignnone wp-image-1905 size-medium\" src=\"https:\/\/www.buergerliste-linsengericht.de\/wp-content\/uploads\/2025\/04\/90.-Geb.-Adam-Till-1--300x225.jpg\" alt=\"\" width=\"300\" height=\"225\" \/><\/p>\r\n<p>Von links: Heinz Breitenbach und das \u201eGeburtstagkind\u201c Adam Till<\/p>\r\n<\/figure>\r\n<p>&nbsp;<\/p>\r\n","protected":false},"excerpt":{"rendered":"<p>Am 05. April 2024 feierte Adam Till in der Rh\u00f6nstra\u00dfe in L\u00fctzelhausen seinen Geburtstag. Aus diesem Anlass gratulierte der 1. Vorsitzende der B\u00fcrgerliste\/FWG Linsengericht, Heinz Breitenbach, dem Jubilar recht herzlich. Als Geschenk \u00fcberreichte er einen Pr\u00e4sentkorb mit ungarischen Spezialit\u00e4ten f\u00fcr das leibliche Wohl. Adam Till geh\u00f6rt der B\u00fcrgerliste\/FWG Linsengericht seit \u00fcber f\u00fcnfzig Jahren an. Schon [&hellip;]<\/p>\n","protected":false},"author":3,"featured_media":1905,"comment_status":"closed","ping_status":"closed","sticky":false,"template":"","format":"standard","meta":{"_et_pb_use_builder":"","_et_pb_old_content":"","_et_gb_content_width":"","footnotes":""},"categories":[40],"tags":[53,54,30,22],"class_list":["post-1904","post","type-post","status-publish","format-standard","has-post-thumbnail","hentry","category-presse-2024","tag-90-geburtstag","tag-adam-till","tag-buergerliste-linsengericht","tag-luetzelhausen"],"_links":{"self":[{"href":"https:\/\/www.buergerliste-linsengericht.de\/index.php\/wp-json\/wp\/v2\/posts\/1904","targetHints":{"allow":["GET"]}}],"collection":[{"href":"https:\/\/www.buergerliste-linsengericht.de\/index.php\/wp-json\/wp\/v2\/posts"}],"about":[{"href":"https:\/\/www.buergerliste-linsengericht.de\/index.php\/wp-json\/wp\/v2\/types\/post"}],"author":[{"embeddable":true,"href":"https:\/\/www.buergerliste-linsengericht.de\/index.php\/wp-json\/wp\/v2\/users\/3"}],"replies":[{"embeddable":true,"href":"https:\/\/www.buergerliste-linsengericht.de\/index.php\/wp-json\/wp\/v2\/comments?post=1904"}],"version-history":[{"count":2,"href":"https:\/\/www.buergerliste-linsengericht.de\/index.php\/wp-json\/wp\/v2\/posts\/1904\/revisions"}],"predecessor-version":[{"id":1907,"href":"https:\/\/www.buergerliste-linsengericht.de\/index.php\/wp-json\/wp\/v2\/posts\/1904\/revisions\/1907"}],"wp:featuredmedia":[{"embeddable":true,"href":"https:\/\/www.buergerliste-linsengericht.de\/index.php\/wp-json\/wp\/v2\/media\/1905"}],"wp:attachment":[{"href":"https:\/\/www.buergerliste-linsengericht.de\/index.php\/wp-json\/wp\/v2\/media?parent=1904"}],"wp:term":[{"taxonomy":"category","embeddable":true,"href":"https:\/\/www.buergerliste-linsengericht.de\/index.php\/wp-json\/wp\/v2\/categories?post=1904"},{"taxonomy":"post_tag","embeddable":true,"href":"https:\/\/www.buergerliste-linsengericht.de\/index.php\/wp-json\/wp\/v2\/tags?post=1904"}],"curies":[{"name":"wp","href":"https:\/\/api.w.org\/{rel}","templated":true}]}}