{"id":1901,"date":"2025-04-18T21:30:12","date_gmt":"2025-04-18T19:30:12","guid":{"rendered":"https:\/\/www.buergerliste-linsengericht.de\/?p=1901"},"modified":"2025-04-18T22:10:36","modified_gmt":"2025-04-18T20:10:36","slug":"17-kommunalpolitischer-aschermittwoch-der-buergerliste","status":"publish","type":"post","link":"https:\/\/www.buergerliste-linsengericht.de\/index.php\/2025\/04\/18\/17-kommunalpolitischer-aschermittwoch-der-buergerliste\/","title":{"rendered":"17. Kommunalpolitischer Aschermittwoch der B\u00fcrgerliste\/FWG Linsengericht mit Heringsessen im Hasenheim in Geislitz"},"content":{"rendered":"\r\n<figure><\/figure>\r\n<figure class=\"wp-block-image size-large\">\r\n<p>Der 17. kommunalpolitische Aschermittwoch der B\u00fcrgerliste\/FWG Linsengericht (BGL\/FWG) im Geislitzer Hasenheim bot den zahlreichen Teilnehmerinnen und Teilnehmern neben einem herzhaften Essen nach der Faschingszeit vor allem eine Reihe von Informationen zu aktuellen kommunalpolitischen Themen und nat\u00fcrlich auch Zeit f\u00fcr politische Diskussionen in geselliger Runde. BGL\/FWG Vorsitzender Heinz Breitenbach begr\u00fc\u00dfte hierzu zun\u00e4chst alle gekommenen Mandatstr\u00e4ger, sowie Mitglieder und Freunde der Linsengerichter B\u00fcrgerliste.<\/p>\r\n<p>F\u00fcr die gut angenommene Bewirtung mit Heringssalat, Pellkartoffeln aus dem Anbau von BGL-Mitglied Karlfred Seifert und schmackhaften Wurst- und Schinkenspezialit\u00e4ten mit Brot waren Angelika Lehr, Marlene Straub, Annette Braun, Klaus Balzer und Dirk Seybold verantwortlich, die die nach entsprechenden BGL\/FWG-Antr\u00e4gen sanierte neue K\u00fcche des Hasenheims nutzten und sich dem Dank und Applaus der etwa 30 Anwesenden sicher waren. Nach dem Essen ging es politisch ans \u201eEingemachte\u201c:<\/p>\r\n<p>Heinz Breitenbach blickte in seiner Rede, die einmal mehr durch eine Bilderpr\u00e4sentation von Pressewart Sebastian Dein begleitet wurde, zun\u00e4chst auf die umfangreichen Haushaltsberatungen 2024 zur\u00fcck, bei der die bei den Beratungen des letztj\u00e4hrigen Haushaltes begonnene Zusammenarbeit mit der SPD fortgesetzt wurde. Auf neue Antr\u00e4ge hatte man aufgrund der finanziellen Situation der Gemeinde weitestgehend verzichtet und lediglich einen Sonnenschutz f\u00fcr die S\u00fcdseite des Geislitzer Hasenheimes als grundlegende Verbesserung f\u00fcr alle Nutzer gefordert, die in 2024 umgesetzt werden soll.<\/p>\r\n<p>Der BGL-Fraktionsvorsitzende stellte dann die Sachst\u00e4nde der im Haushalt 2023 beschlossenen 5 Antr\u00e4ge seiner Fraktion kurz vor, ebenso wie die Planungen f\u00fcr den Rathausneubau, die Projekte Feuerwehrger\u00e4tehaus S\u00fcdwest Gro\u00dfenhausen-L\u00fctzelhausen, das Neubaugebiet \u201eIm Weisgrund\u201c in Geislitz, die Gewerbegebiete \u201eAm Weinberg I + II\u201c in L\u00fctzelhausen, sowie die Umsiedlung der M\u00e4rkte ALDI und Rewe in das Neubaugebiet \u201eVor der Au\u201c in Altenha\u00dflau. Am bisherigen Standort der M\u00e4rkte ALDI und Rewe wird ein Investor ein mehrgeschossiges B\u00fcro- und Wohngeb\u00e4ude errichten. Im \u201eUrbanen Zentrum\u201c werden neben einem Medizinischen Versorgungszentrum (MVZ), dem Azubi Campus des Main-Kinzig-Kreises, eine Apotheke, barrierefreie Wohnungen und R\u00e4ume f\u00fcr Einzelhandelsgesch\u00e4fte entstehen. Zun\u00e4chst wurde mit dem Ausbau der L 2306 mit einem beidseitigen Rad- und Gehweg die Zuwegung zu dem Geb\u00e4udekomplex verbessert. Der Stra\u00dfenausbau wurde mit Finanzmitteln des Landes gef\u00f6rdert.\u00a0<\/p>\r\n<p>Weiteren Raum nahmen in seinem Vortrag zudem die Diskussion und die gemeindlichen Informationsveranstaltungen zu den Stra\u00dfenbeitr\u00e4gen, die Betreuungsvereine der Haselaschule Altenha\u00dflau und der Geisbergschule Eidenges\u00e4\u00df, die Geb\u00fchrenhaushalte Abfall und Abwasser, das Hallenbad Gelnhausen, der Kunstrasenplatz Eidenges\u00e4\u00df, der geplante Solarpark am Hartenberg in der Gemarkung Gro\u00dfenhausen, sowie die Diskussionen hinsichtlich des Bahnhofsumbaus Gelnhausen ein.<\/p>\r\n<p>Auch die zahlreichen Containerunterk\u00fcnfte f\u00fcr Fl\u00fcchtlinge in Altenha\u00dflau, Eidenges\u00e4\u00df, Gro\u00dfenhausen und L\u00fctzelhausen, sowie die auf BGL-Initiative aufgestellten B\u00fccherschr\u00e4nke in Geislitz und Eidenges\u00e4\u00df waren Teil von Breitenbachs Bericht. Auch auf den Informationsabend der B\u00fcrgerliste mit Dr.-Ing. Gunther Wiehl zum neuen Geb\u00e4udeenergiegesetz im letzten Sommer in der Altenha\u00dflauer Zehntscheune blickte er kurz zur\u00fcck.<\/p>\r\n<p>In seiner Eigenschaft als Kreisbeigeordneter berichtete er schlie\u00dflich noch \u00fcber die Main-Kinzig-Kliniken, das Rad- und Gehwegkonzept f\u00fcr den Main-Kinzig-Kreis, den Glasfaserausbau im Linsengericht, die Hochwasserschutzma\u00dfnahmen, sowie die Akademie f\u00fcr Gesundheit und Pflege des Kreises. Abschlie\u00dfend dankte Heinz Breitenbach den Besuchern und Organisatoren des diesj\u00e4hrigen Heringsessens und lud bereits zum Familientag der B\u00fcrgerliste am 3. Oktober nach Altenha\u00dflau ein.<\/p>\r\n<p>Organisationsteam des 17. Kommunalpolitischen Aschermittwochs im Hasenheim<\/p>\r\n<p><img loading=\"lazy\" decoding=\"async\" class=\"alignnone  wp-image-1902\" src=\"https:\/\/www.buergerliste-linsengericht.de\/wp-content\/uploads\/2025\/04\/Organisationsteam-2--300x225.jpeg\" alt=\"\" width=\"587\" height=\"440\" \/><\/p>\r\n<p>Von links: Marlene Straub, Angelika Lehr, Dirk Seybold, Ruben Hundhausen, Klaus Balzer, Heinz Breitenbach, Annette Braun, Sebastian Dein u. Mark Trageser<\/p>\r\n<\/figure>\r\n<p>&nbsp;<\/p>\r\n<p>&nbsp;<\/p>\r\n","protected":false},"excerpt":{"rendered":"<p>Der 17. kommunalpolitische Aschermittwoch der B\u00fcrgerliste\/FWG Linsengericht (BGL\/FWG) im Geislitzer Hasenheim bot den zahlreichen Teilnehmerinnen und Teilnehmern neben einem herzhaften Essen nach der Faschingszeit vor allem eine Reihe von Informationen zu aktuellen kommunalpolitischen Themen und nat\u00fcrlich auch Zeit f\u00fcr politische Diskussionen in geselliger Runde. BGL\/FWG Vorsitzender Heinz Breitenbach begr\u00fc\u00dfte hierzu zun\u00e4chst alle gekommenen Mandatstr\u00e4ger, sowie [&hellip;]<\/p>\n","protected":false},"author":3,"featured_media":1902,"comment_status":"closed","ping_status":"closed","sticky":false,"template":"","format":"standard","meta":{"_et_pb_use_builder":"","_et_pb_old_content":"","_et_gb_content_width":"","footnotes":""},"categories":[40],"tags":[50,51,30,41,52],"class_list":["post-1901","post","type-post","status-publish","format-standard","has-post-thumbnail","hentry","category-presse-2024","tag-aschermittwoch","tag-aschermittwoch-2024","tag-buergerliste-linsengericht","tag-geislitz","tag-kommunalpolitik"],"_links":{"self":[{"href":"https:\/\/www.buergerliste-linsengericht.de\/index.php\/wp-json\/wp\/v2\/posts\/1901","targetHints":{"allow":["GET"]}}],"collection":[{"href":"https:\/\/www.buergerliste-linsengericht.de\/index.php\/wp-json\/wp\/v2\/posts"}],"about":[{"href":"https:\/\/www.buergerliste-linsengericht.de\/index.php\/wp-json\/wp\/v2\/types\/post"}],"author":[{"embeddable":true,"href":"https:\/\/www.buergerliste-linsengericht.de\/index.php\/wp-json\/wp\/v2\/users\/3"}],"replies":[{"embeddable":true,"href":"https:\/\/www.buergerliste-linsengericht.de\/index.php\/wp-json\/wp\/v2\/comments?post=1901"}],"version-history":[{"count":1,"href":"https:\/\/www.buergerliste-linsengericht.de\/index.php\/wp-json\/wp\/v2\/posts\/1901\/revisions"}],"predecessor-version":[{"id":1903,"href":"https:\/\/www.buergerliste-linsengericht.de\/index.php\/wp-json\/wp\/v2\/posts\/1901\/revisions\/1903"}],"wp:featuredmedia":[{"embeddable":true,"href":"https:\/\/www.buergerliste-linsengericht.de\/index.php\/wp-json\/wp\/v2\/media\/1902"}],"wp:attachment":[{"href":"https:\/\/www.buergerliste-linsengericht.de\/index.php\/wp-json\/wp\/v2\/media?parent=1901"}],"wp:term":[{"taxonomy":"category","embeddable":true,"href":"https:\/\/www.buergerliste-linsengericht.de\/index.php\/wp-json\/wp\/v2\/categories?post=1901"},{"taxonomy":"post_tag","embeddable":true,"href":"https:\/\/www.buergerliste-linsengericht.de\/index.php\/wp-json\/wp\/v2\/tags?post=1901"}],"curies":[{"name":"wp","href":"https:\/\/api.w.org\/{rel}","templated":true}]}}