{"id":1866,"date":"2025-04-18T21:19:59","date_gmt":"2025-04-18T19:19:59","guid":{"rendered":"https:\/\/www.buergerliste-linsengericht.de\/?p=1866"},"modified":"2025-04-18T22:09:53","modified_gmt":"2025-04-18T20:09:53","slug":"feuerwehr-sued-west","status":"publish","type":"post","link":"https:\/\/www.buergerliste-linsengericht.de\/index.php\/2025\/04\/18\/feuerwehr-sued-west\/","title":{"rendered":"BGL-FWG Fraktion besucht Baustelle der Feuerwehr S\u00fcd-West"},"content":{"rendered":"\r\n<p>An der Kindertagesst\u00e4tte \u201eDie Wirbelwinde\u201c trafen sich k\u00fcrzlich die Vertreterinnen und Vertreter der Fraktion der B\u00fcrgerliste\/FWG Linsengericht, um die Baustelle des neuen Feuerwehrger\u00e4tehauses S\u00fcd-West zwischen Gro\u00dfenhausen und L\u00fctzelhausen zu besichtigen.<\/p>\r\n<p>Der stellvertretende Vorsitzende des gemeindlichen Ausschusses f\u00fcr Verkehr, Bau und Energieplanung, Ruben Hundhausen erl\u00e4uterte die vor Ort bereits erfolgten umfangreichen Erdarbeiten, H\u00f6henangleichungen und Entw\u00e4sserungseinrichtungen auf der Fl\u00e4che, auf der k\u00fcnftig die Freiwilligen Feuerwehren von L\u00fctzelhausen und Gro\u00dfenhausen ihr nach neuesten Standards geplantes gemeinsames Domizil haben werden.<\/p>\r\n<p>Gemeindevorstandsmitglied Sebastian Dein steuerte einige Informationen zu der vor Ort bereits verbauten gro\u00dfen Zisterne, die nach Fertigstellung auch zu \u00dcbungszwecken genutzt werden wird, sowie die aufgrund der Bodenbeschaffenheit n\u00f6tig gewordenen Drainageleitungen rund um das k\u00fcnftige Geb\u00e4ude bei.<\/p>\r\n<p>Fraktionsvorsitzender Heinz Breitenbach informierte zudem \u00fcber Gespr\u00e4che unter anderem mit den Kreiswerken Main-Kinzig \u00fcber die Errichtung einer Photovoltaikanlage auf dem Dach des k\u00fcnftigen Geb\u00e4udes und kritisierte hier die Rechtslage, die es nicht erlaube, beispielsweise den nahegelegenen Kindergarten mit dem auf dem Dach der Feuerwehr erzeugten gemeindlichen Strom mitzuversorgen:<\/p>\r\n<p>\u201eDie schon etwas \u00e4ltere PV-Anlage auf dem Dach des gemeindeeigenen Kindergartens speist zu 100 % in das Netz ein. Das bedeutet, die Gemeinde Linsengericht verkauft den dort erzeugten Strom komplett, denn damals bei deren Errichtung war das Stichwort Eigenverbrauch noch kein Thema. Das Dach des Feuerwehrgeb\u00e4udes h\u00e4tte nun die Chance geboten mit dem produzierten Solarstrom, sowohl tags\u00fcber die benachbarte Kita aber auch das Feuerwehrger\u00e4tehaus mit Strom zu versorgen. Leider ist das aber rechtlich nicht m\u00f6glich, sodass auf dem Feuerwehrhaus zun\u00e4chst nur eine kleinere Anlage f\u00fcr dessen Bedarf mit n\u00f6tiger Speichertechnologie zum Einsatz kommen wird. Wenn wir die Energiewende als Ziel haben sind die derzeit g\u00fcltigen rechtlichen Regelungen zur Nutzung von in Eigenregie erzeugtem Solarstrom ein mehr als b\u00fcrokratisches Hindernis\u201c, so Breitenbach in der Bewertung der Thematik.<\/p>\r\n<p>Dennoch freuen wir uns \u00fcber den Zusammenschluss der beiden Feuerwehren Gro\u00dfenhausen und L\u00fctzelhausen an diesem Standort, der auch vielf\u00e4ltige \u00dcbungsm\u00f6glichkeiten f\u00fcr alle Linsengerichter Feuerwehren und Jugendfeuerwehren bieten wird, waren sich die B\u00fcrgerliste Vertreter abschlie\u00dfend einig und haben daher dieses gemeindliche Bauvorhaben auch von Beginn an unterst\u00fctzt.<\/p>\r\n<p>Bild von links nach rechts: Die BGL-Gemeindevertreter Dirk Seybold, Heinz Breitenbach, Nicole Dein und Ruben Hundhausen zusammen mit Gemeindevorstandsmitglied Sebastian Dein vor der Baustelle der Feuerwehr S\u00fcd-West zwischen Gro\u00dfenhausen und L\u00fctzelhausen<\/p>\r\n\r\n\r\n\r\n<figure class=\"wp-block-image size-large\"><img loading=\"lazy\" decoding=\"async\" class=\"alignnone wp-image-1899 \" src=\"https:\/\/www.buergerliste-linsengericht.de\/wp-content\/uploads\/2025\/04\/FW-Haus-Suedwest-16.12.2023-225x300.jpg\" alt=\"\" width=\"433\" height=\"577\" \/><\/figure>\r\n","protected":false},"excerpt":{"rendered":"<p>An der Kindertagesst\u00e4tte \u201eDie Wirbelwinde\u201c trafen sich k\u00fcrzlich die Vertreterinnen und Vertreter der Fraktion der B\u00fcrgerliste\/FWG Linsengericht, um die Baustelle des neuen Feuerwehrger\u00e4tehauses S\u00fcd-West zwischen Gro\u00dfenhausen und L\u00fctzelhausen zu besichtigen. Der stellvertretende Vorsitzende des gemeindlichen Ausschusses f\u00fcr Verkehr, Bau und Energieplanung, Ruben Hundhausen erl\u00e4uterte die vor Ort bereits erfolgten umfangreichen Erdarbeiten, H\u00f6henangleichungen und Entw\u00e4sserungseinrichtungen auf [&hellip;]<\/p>\n","protected":false},"author":3,"featured_media":1899,"comment_status":"closed","ping_status":"closed","sticky":false,"template":"","format":"standard","meta":{"_et_pb_use_builder":"","_et_pb_old_content":"","_et_gb_content_width":"","footnotes":""},"categories":[40],"tags":[30,44,46,45,47,48,49],"class_list":["post-1866","post","type-post","status-publish","format-standard","has-post-thumbnail","hentry","category-presse-2024","tag-buergerliste-linsengericht","tag-feuerwehr-grossenhausen","tag-feuerwehr-linsengericht","tag-feuerwehr-luetzelhausen","tag-feuerwehr-sued-west","tag-feuerwehrgeraetehaus-grossenhausen","tag-feuerwehrgeraetehaus-luetzelhausen"],"_links":{"self":[{"href":"https:\/\/www.buergerliste-linsengericht.de\/index.php\/wp-json\/wp\/v2\/posts\/1866","targetHints":{"allow":["GET"]}}],"collection":[{"href":"https:\/\/www.buergerliste-linsengericht.de\/index.php\/wp-json\/wp\/v2\/posts"}],"about":[{"href":"https:\/\/www.buergerliste-linsengericht.de\/index.php\/wp-json\/wp\/v2\/types\/post"}],"author":[{"embeddable":true,"href":"https:\/\/www.buergerliste-linsengericht.de\/index.php\/wp-json\/wp\/v2\/users\/3"}],"replies":[{"embeddable":true,"href":"https:\/\/www.buergerliste-linsengericht.de\/index.php\/wp-json\/wp\/v2\/comments?post=1866"}],"version-history":[{"count":1,"href":"https:\/\/www.buergerliste-linsengericht.de\/index.php\/wp-json\/wp\/v2\/posts\/1866\/revisions"}],"predecessor-version":[{"id":1900,"href":"https:\/\/www.buergerliste-linsengericht.de\/index.php\/wp-json\/wp\/v2\/posts\/1866\/revisions\/1900"}],"wp:featuredmedia":[{"embeddable":true,"href":"https:\/\/www.buergerliste-linsengericht.de\/index.php\/wp-json\/wp\/v2\/media\/1899"}],"wp:attachment":[{"href":"https:\/\/www.buergerliste-linsengericht.de\/index.php\/wp-json\/wp\/v2\/media?parent=1866"}],"wp:term":[{"taxonomy":"category","embeddable":true,"href":"https:\/\/www.buergerliste-linsengericht.de\/index.php\/wp-json\/wp\/v2\/categories?post=1866"},{"taxonomy":"post_tag","embeddable":true,"href":"https:\/\/www.buergerliste-linsengericht.de\/index.php\/wp-json\/wp\/v2\/tags?post=1866"}],"curies":[{"name":"wp","href":"https:\/\/api.w.org\/{rel}","templated":true}]}}