{"id":1850,"date":"2024-02-14T19:12:02","date_gmt":"2024-02-14T18:12:02","guid":{"rendered":"https:\/\/www.buergerliste-linsengericht.de\/?p=1850"},"modified":"2025-04-18T21:22:21","modified_gmt":"2025-04-18T19:22:21","slug":"buecherschrank-in-geisitz-wieder-in-betrieb","status":"publish","type":"post","link":"https:\/\/www.buergerliste-linsengericht.de\/index.php\/2024\/02\/14\/buecherschrank-in-geisitz-wieder-in-betrieb\/","title":{"rendered":"B\u00fccherschrank in&nbsp;Geisitz&nbsp;wieder \u201ein Betrieb\u201c"},"content":{"rendered":"\r\n<p>Der\u00a0an der ehemaligen VR-Bank in\u00a0Geislitz\u00a0aufgestellte B\u00fccherschrank ist wieder \u201ein Betrieb\u201c teilen die Betreuerinnen\u00a0Annette Braun und Simone Bohlender mit. Im November des vergangenen Jahres l\u00f6ste sich die B\u00fccherschrankt\u00fcr\u00a0aufgrund\u00a0starkerWindb\u00f6en\u00a0aus der Halterung. Damit war die Einrichtung, die von den\u00a0GeislitzerB\u00fcrgerinnen und B\u00fcrger gut genutzt wurde, f\u00fcr einige Wochen\u00a0\u201eau\u00dfer Betrieb\u201c.<\/p>\r\n\r\n\r\n\r\n<p>Flei\u00dfige H\u00e4nde haben die T\u00fcr\u00a0inzwischen\u00a0mit neuen Scharnieren und einem Riegel versehen, damit der B\u00fccherschrank auch\u00a0bei auftretenden Windb\u00f6en gen\u00fcgend Stabilit\u00e4t besitzt.\u00a0<\/p>\r\n\r\n\r\n\r\n<p>Damit der B\u00fccherschrank sich f\u00fcr die Nutzer\u00a0dauerhaft\u00a0in einem \u201egepflegten\u201c\u00a0Zustand befindet, bittet das Betreuerteam den Schrank nicht mit\u00a0zu vielen\u00a0neuen B\u00fcchern zu best\u00fccken. Auch sollten Zeitschriften nicht vor den B\u00fcchern abgelegt werden.<\/p>\r\n\r\n\r\n\r\n<p>Neue B\u00fccher sollten bei den Betreuerinnen Annette Braun Zum Feld 2 und Simone Bohlender Zum Feld 5 in\u00a0Geislitz\u00a0abgegeben werden.<\/p>\r\n\r\n\r\n\r\n<p>&#8211;\u00a0Bild-<\/p>\r\n\r\n\r\n\r\n<p>Annette Braun und Dirk Seybold beim Einsortieren der B\u00fccher<\/p>\r\n\r\n\r\n\r\n<figure class=\"wp-block-image size-large\"><img loading=\"lazy\" decoding=\"async\" width=\"1024\" height=\"768\" class=\"wp-image-1849\" src=\"https:\/\/www.buergerliste-linsengericht.de\/wp-content\/uploads\/2024\/02\/img_0002-1-1024x768.jpg\" srcset=\"https:\/\/www.buergerliste-linsengericht.de\/wp-content\/uploads\/2024\/02\/img_0002-1-980x735.jpg 980w, https:\/\/www.buergerliste-linsengericht.de\/wp-content\/uploads\/2024\/02\/img_0002-1-480x360.jpg 480w\" sizes=\"(min-width: 0px) and (max-width: 480px) 480px, (min-width: 481px) and (max-width: 980px) 980px, (min-width: 981px) 1024px, 100vw\" \/><\/figure>\r\n","protected":false},"excerpt":{"rendered":"<p>Der\u00a0an der ehemaligen VR-Bank in\u00a0Geislitz\u00a0aufgestellte B\u00fccherschrank ist wieder \u201ein Betrieb\u201c teilen die Betreuerinnen\u00a0Annette Braun und Simone Bohlender mit. Im November des vergangenen Jahres l\u00f6ste sich die B\u00fccherschrankt\u00fcr\u00a0aufgrund\u00a0starkerWindb\u00f6en\u00a0aus der Halterung. Damit war die Einrichtung, die von den\u00a0GeislitzerB\u00fcrgerinnen und B\u00fcrger gut genutzt wurde, f\u00fcr einige Wochen\u00a0\u201eau\u00dfer Betrieb\u201c. Flei\u00dfige H\u00e4nde haben die T\u00fcr\u00a0inzwischen\u00a0mit neuen Scharnieren und einem Riegel [&hellip;]<\/p>\n","protected":false},"author":2,"featured_media":1849,"comment_status":"closed","ping_status":"closed","sticky":false,"template":"","format":"standard","meta":{"_et_pb_use_builder":"","_et_pb_old_content":"","_et_gb_content_width":"","footnotes":""},"categories":[40],"tags":[32,30,41],"class_list":["post-1850","post","type-post","status-publish","format-standard","has-post-thumbnail","hentry","category-presse-2024","tag-buecherschrank","tag-buergerliste-linsengericht","tag-geislitz"],"_links":{"self":[{"href":"https:\/\/www.buergerliste-linsengericht.de\/index.php\/wp-json\/wp\/v2\/posts\/1850","targetHints":{"allow":["GET"]}}],"collection":[{"href":"https:\/\/www.buergerliste-linsengericht.de\/index.php\/wp-json\/wp\/v2\/posts"}],"about":[{"href":"https:\/\/www.buergerliste-linsengericht.de\/index.php\/wp-json\/wp\/v2\/types\/post"}],"author":[{"embeddable":true,"href":"https:\/\/www.buergerliste-linsengericht.de\/index.php\/wp-json\/wp\/v2\/users\/2"}],"replies":[{"embeddable":true,"href":"https:\/\/www.buergerliste-linsengericht.de\/index.php\/wp-json\/wp\/v2\/comments?post=1850"}],"version-history":[{"count":2,"href":"https:\/\/www.buergerliste-linsengericht.de\/index.php\/wp-json\/wp\/v2\/posts\/1850\/revisions"}],"predecessor-version":[{"id":1854,"href":"https:\/\/www.buergerliste-linsengericht.de\/index.php\/wp-json\/wp\/v2\/posts\/1850\/revisions\/1854"}],"wp:featuredmedia":[{"embeddable":true,"href":"https:\/\/www.buergerliste-linsengericht.de\/index.php\/wp-json\/wp\/v2\/media\/1849"}],"wp:attachment":[{"href":"https:\/\/www.buergerliste-linsengericht.de\/index.php\/wp-json\/wp\/v2\/media?parent=1850"}],"wp:term":[{"taxonomy":"category","embeddable":true,"href":"https:\/\/www.buergerliste-linsengericht.de\/index.php\/wp-json\/wp\/v2\/categories?post=1850"},{"taxonomy":"post_tag","embeddable":true,"href":"https:\/\/www.buergerliste-linsengericht.de\/index.php\/wp-json\/wp\/v2\/tags?post=1850"}],"curies":[{"name":"wp","href":"https:\/\/api.w.org\/{rel}","templated":true}]}}