{"id":1840,"date":"2023-11-02T06:51:56","date_gmt":"2023-11-02T05:51:56","guid":{"rendered":"https:\/\/www.buergerliste-linsengericht.de\/?p=1840"},"modified":"2023-11-02T06:53:58","modified_gmt":"2023-11-02T05:53:58","slug":"heinz-breitenbach-feierte-70-geburtstag","status":"publish","type":"post","link":"https:\/\/www.buergerliste-linsengericht.de\/index.php\/2023\/11\/02\/heinz-breitenbach-feierte-70-geburtstag\/","title":{"rendered":"Heinz Breitenbach feierte 70. Geburtstag"},"content":{"rendered":"<p><span class=\"s4\" style=\"line-height: 21.6px; font-family: Calibri\">Ende Oktober feierte das<\/span><span class=\"s4\" style=\"line-height: 21.6px; font-family: Calibri\"><span class=\"Apple-converted-space\">&nbsp;<\/span><\/span><span class=\"s4\" style=\"line-height: 21.6px; font-family: Calibri\">\u201e<\/span><span class=\"s4\" style=\"line-height: 21.6px; font-family: Calibri\">Gro\u00dfenh\u00e4user<\/span><span class=\"s4\" style=\"line-height: 21.6px; font-family: Calibri\"><span class=\"Apple-converted-space\">&nbsp;<\/span><\/span><span class=\"s4\" style=\"line-height: 21.6px; font-family: Calibri\">Urgestein\u201c Heinz Breitenbach seinen 70. Geburtstag und hatte<\/span><span class=\"s4\" style=\"line-height: 21.6px; font-family: Calibri\"><span class=\"Apple-converted-space\">&nbsp;<\/span><\/span><span class=\"s4\" style=\"line-height: 21.6px; font-family: Calibri\">mit seiner Lebensgef\u00e4hrtin Angelika Lehr<\/span><span class=\"s4\" style=\"line-height: 21.6px; font-family: Calibri\"><span class=\"Apple-converted-space\">&nbsp;<\/span><\/span><span class=\"s4\" style=\"line-height: 21.6px; font-family: Calibri\">zu einem Tag der offenen T\u00fcr geladen. Zu diesem war auch Klaus Balzer,<\/span><span class=\"s4\" style=\"line-height: 21.6px; font-family: Calibri\"><span class=\"Apple-converted-space\">&nbsp;<\/span><\/span><span class=\"s4\" style=\"line-height: 21.6px; font-family: Calibri\">Vorstandsmitglied<\/span><span class=\"s4\" style=\"line-height: 21.6px; font-family: Calibri\"><span class=\"Apple-converted-space\">&nbsp;<\/span><\/span><span class=\"s4\" style=\"line-height: 21.6px; font-family: Calibri\">der B\u00fcrgerliste Linsengericht, gekommen, um im Namen der heimischen Freien W\u00e4hlergemeinschaft<\/span><span class=\"s4\" style=\"line-height: 21.6px; font-family: Calibri\"><span class=\"Apple-converted-space\">&nbsp;<\/span><\/span><span class=\"s4\" style=\"line-height: 21.6px; font-family: Calibri\">ihrem<\/span><span class=\"s4\" style=\"line-height: 21.6px; font-family: Calibri\"><span class=\"Apple-converted-space\">&nbsp;<\/span><\/span><span class=\"s4\" style=\"line-height: 21.6px; font-family: Calibri\">Vorsitzende<\/span><span class=\"s4\" style=\"line-height: 21.6px; font-family: Calibri\">n<\/span><span class=\"s4\" style=\"line-height: 21.6px; font-family: Calibri\">herzlich zu gratulieren und ein Geschenk zu \u00fcberreichen.<\/span><\/p>\n<p class=\"s3\" style=\"margin-top: 0px; margin-bottom: 10px; line-height: 1.38; caret-color: rgb(0, 0, 0); color: rgb(0, 0, 0); font-family: -webkit-standard; font-size: 18px; font-style: normal; font-variant-caps: normal; font-weight: 400; letter-spacing: normal; orphans: auto; text-align: start; text-indent: 0px; text-transform: none; white-space: normal; widows: auto; word-spacing: 0px; -webkit-tap-highlight-color: rgba(26, 26, 26, 0.3); -webkit-text-size-adjust: none; -webkit-text-stroke-width: 0px; text-decoration: none\"><span class=\"s4\" style=\"line-height: 21.6px; font-family: Calibri\">Heinz Breitenbach geh\u00f6rt der B\u00fcrgerliste Linsengericht seit 1980 an, ist seit 1985 ununterbrochen<\/span><span class=\"s4\" style=\"line-height: 21.6px; font-family: Calibri\"><span class=\"Apple-converted-space\">&nbsp;<\/span><\/span><span class=\"s4\" style=\"line-height: 21.6px; font-family: Calibri\">im<\/span><span class=\"s4\" style=\"line-height: 21.6px; font-family: Calibri\"><span class=\"Apple-converted-space\">&nbsp;<\/span><\/span><span class=\"s4\" style=\"line-height: 21.6px; font-family: Calibri\">Vorstand aktiv und seit 2004 deren Vorsitzender.<\/span><span class=\"s4\" style=\"line-height: 21.6px; font-family: Calibri\"><span class=\"Apple-converted-space\">&nbsp;<\/span><\/span><span class=\"s4\" style=\"line-height: 21.6px; font-family: Calibri\">In den gemeindlichen Gremien<\/span><span class=\"s4\" style=\"line-height: 21.6px; font-family: Calibri\"><span class=\"Apple-converted-space\">&nbsp;<\/span><\/span><span class=\"s4\" style=\"line-height: 21.6px; font-family: Calibri\">im Linsengericht<\/span><span class=\"s4\" style=\"line-height: 21.6px; font-family: Calibri\"><span class=\"Apple-converted-space\">&nbsp;<\/span><\/span><span class=\"s4\" style=\"line-height: 21.6px; font-family: Calibri\">war er in vielf\u00e4ltigen Funktionen t\u00e4tig, darunter \u00fcber 15 Jahre als Schriftf\u00fchrer des Ortsbeirate<\/span><span class=\"s4\" style=\"line-height: 21.6px; font-family: Calibri\">s<\/span><span class=\"s4\" style=\"line-height: 21.6px; font-family: Calibri\">Gro\u00dfenhausen, rund 25 Jahre als Beigeordneter<\/span><span class=\"s4\" style=\"line-height: 21.6px; font-family: Calibri\"><span class=\"Apple-converted-space\">&nbsp;<\/span><\/span><span class=\"s4\" style=\"line-height: 21.6px; font-family: Calibri\">und Erster Beigeordneter<\/span><span class=\"s4\" style=\"line-height: 21.6px; font-family: Calibri\"><span class=\"Apple-converted-space\">&nbsp;<\/span><\/span><span class=\"s4\" style=\"line-height: 21.6px; font-family: Calibri\">im<\/span><span class=\"s4\" style=\"line-height: 21.6px; font-family: Calibri\"><span class=\"Apple-converted-space\">&nbsp;<\/span><\/span><span class=\"s4\" style=\"line-height: 21.6px; font-family: Calibri\">Gemeindevorstand und \u00fcber 12 Jahre bis heute als Fraktionsvorsitzender der BGL\/FWG in der Gemeindevertretung<\/span><span class=\"s4\" style=\"line-height: 21.6px; font-family: Calibri\">. D<\/span><span class=\"s4\" style=\"line-height: 21.6px; font-family: Calibri\">ar\u00fcber hinaus<\/span><span class=\"s4\" style=\"line-height: 21.6px; font-family: Calibri\"><span class=\"Apple-converted-space\">&nbsp;<\/span><\/span><span class=\"s4\" style=\"line-height: 21.6px; font-family: Calibri\">und parallel<\/span><span class=\"s4\" style=\"line-height: 21.6px; font-family: Calibri\"><span class=\"Apple-converted-space\">&nbsp;<\/span><\/span><span class=\"s4\" style=\"line-height: 21.6px; font-family: Calibri\">vertrat er die<\/span><span class=\"s4\" style=\"line-height: 21.6px; font-family: Calibri\"><span class=\"Apple-converted-space\">&nbsp;<\/span><\/span><span class=\"s4\" style=\"line-height: 21.6px; font-family: Calibri\">Freien W\u00e4hler<\/span><span class=\"s4\" style=\"line-height: 21.6px; font-family: Calibri\"><span class=\"Apple-converted-space\">&nbsp;<\/span><\/span><span class=\"s4\" style=\"line-height: 21.6px; font-family: Calibri\">auch<\/span><span class=\"s4\" style=\"line-height: 21.6px; font-family: Calibri\"><span class=\"Apple-converted-space\">&nbsp;<\/span><\/span><span class=\"s4\" style=\"line-height: 21.6px; font-family: Calibri\">\u00fcber<\/span><span class=\"s4\" style=\"line-height: 21.6px; font-family: Calibri\"><span class=\"Apple-converted-space\">&nbsp;<\/span><\/span><span class=\"s4\" style=\"line-height: 21.6px; font-family: Calibri\">viele Jahre<\/span><span class=\"s4\" style=\"line-height: 21.6px; font-family: Calibri\"><span class=\"Apple-converted-space\">&nbsp;<\/span><\/span><span class=\"s4\" style=\"line-height: 21.6px; font-family: Calibri\">in verschiedenen kommunalen Zweckverb\u00e4nden, Kommissionen und Gesellschaften.<\/span><\/p>\n<p class=\"s3\" style=\"margin-top: 0px; margin-bottom: 10px; line-height: 1.38; caret-color: rgb(0, 0, 0); color: rgb(0, 0, 0); font-family: -webkit-standard; font-size: 18px; font-style: normal; font-variant-caps: normal; font-weight: 400; letter-spacing: normal; orphans: auto; text-align: start; text-indent: 0px; text-transform: none; white-space: normal; widows: auto; word-spacing: 0px; -webkit-tap-highlight-color: rgba(26, 26, 26, 0.3); -webkit-text-size-adjust: none; -webkit-text-stroke-width: 0px; text-decoration: none\"><span class=\"s4\" style=\"line-height: 21.6px; font-family: Calibri\">Als Vorsitzender der Partnerschaftskommission<\/span><span class=\"s4\" style=\"line-height: 21.6px; font-family: Calibri\"><span class=\"Apple-converted-space\">&nbsp;<\/span><\/span><span class=\"s4\" style=\"line-height: 21.6px; font-family: Calibri\">Als\u00f3n\u00e1na<\/span><span class=\"s4\" style=\"line-height: 21.6px; font-family: Calibri\"><span class=\"Apple-converted-space\">&nbsp;<\/span><\/span><span class=\"s4\" style=\"line-height: 21.6px; font-family: Calibri\">seit 1998 organisierte er beispielsweise<\/span><span class=\"s4\" style=\"line-height: 21.6px; font-family: Calibri\"><span class=\"Apple-converted-space\">&nbsp;<\/span><\/span><span class=\"s4\" style=\"line-height: 21.6px; font-family: Calibri\">auch<\/span><span class=\"s4\" style=\"line-height: 21.6px; font-family: Calibri\"><span class=\"Apple-converted-space\">&nbsp;<\/span><\/span><span class=\"s4\" style=\"line-height: 21.6px; font-family: Calibri\">regelm\u00e4\u00dfig die Partnerschaftsbesuche der ungarischen G\u00e4ste mit entsprechendem Programm im Linsengericht bzw. in der Region und auch die entsprechenden Reisen nach Ungarn federf\u00fchrend mit.<\/span><span class=\"s4\" style=\"line-height: 21.6px; font-family: Calibri\"><span class=\"Apple-converted-space\">&nbsp;<\/span><\/span><span class=\"s4\" style=\"line-height: 21.6px; font-family: Calibri\">Zudem unterst\u00fctzt er<\/span><span class=\"s4\" style=\"line-height: 21.6px; font-family: Calibri\"><span class=\"Apple-converted-space\">&nbsp;<\/span><\/span><span class=\"s4\" style=\"line-height: 21.6px; font-family: Calibri\">im Kulturbereich<\/span><span class=\"s4\" style=\"line-height: 21.6px; font-family: Calibri\"><span class=\"Apple-converted-space\">&nbsp;<\/span><\/span><span class=\"s4\" style=\"line-height: 21.6px; font-family: Calibri\">schon lange den Heimat- und Geschichtsverein Linsengericht, darunter ebenfalls viele Jahre als 1. Vorsitzender.<\/span><\/p>\n<p class=\"s3\" style=\"margin-top: 0px; margin-bottom: 10px; line-height: 1.38; caret-color: rgb(0, 0, 0); color: rgb(0, 0, 0); font-family: -webkit-standard; font-size: 18px; font-style: normal; font-variant-caps: normal; font-weight: 400; letter-spacing: normal; orphans: auto; text-align: start; text-indent: 0px; text-transform: none; white-space: normal; widows: auto; word-spacing: 0px; -webkit-tap-highlight-color: rgba(26, 26, 26, 0.3); -webkit-text-size-adjust: none; -webkit-text-stroke-width: 0px; text-decoration: none\"><span class=\"s4\" style=\"line-height: 21.6px; font-family: Calibri\">Auch auf Kreisebene ist der r\u00fchrige<\/span><span class=\"s4\" style=\"line-height: 21.6px; font-family: Calibri\"><span class=\"Apple-converted-space\">&nbsp;<\/span><\/span><span class=\"s4\" style=\"line-height: 21.6px; font-family: Calibri\">Gro\u00dfenh\u00e4user<\/span><span class=\"s4\" style=\"line-height: 21.6px; font-family: Calibri\"><span class=\"Apple-converted-space\">&nbsp;<\/span><\/span><span class=\"s4\" style=\"line-height: 21.6px; font-family: Calibri\">seit 1996 als Mitglied der Freien W\u00e4hler, darunter von 2005 bis vor Kurzem als Vorsitzender und \u00fcber 20 Jahre als Kreistagsabgeordneter und inzwischen Kreisausschussmitglied sehr aktiv.<\/span><span class=\"s4\" style=\"line-height: 21.6px; font-family: Calibri\"><span class=\"Apple-converted-space\">&nbsp;<\/span><\/span><span class=\"s4\" style=\"line-height: 21.6px; font-family: Calibri\">Beruflich war der passionierte Finanzpolitiker Heinz Breitenbach jahrzehntelang f\u00fcr die<\/span><span class=\"s4\" style=\"line-height: 21.6px; font-family: Calibri\"><span class=\"Apple-converted-space\">&nbsp;<\/span><\/span><span class=\"s4\" style=\"line-height: 21.6px; font-family: Calibri\">Zurich<\/span><span class=\"s4\" style=\"line-height: 21.6px; font-family: Calibri\"><span class=\"Apple-converted-space\">&nbsp;<\/span><\/span><span class=\"s4\" style=\"line-height: 21.6px; font-family: Calibri\">Versicherungsgruppe im Firmenkundenbereich im In- und Ausland t\u00e4tig und genie\u00dft seit einigen Jahren den Ruhestand.<\/span><\/p>\n<p class=\"s3\" style=\"margin-top: 0px; margin-bottom: 10px; line-height: 1.38; caret-color: rgb(0, 0, 0); color: rgb(0, 0, 0); font-family: -webkit-standard; font-size: 18px; font-style: normal; font-variant-caps: normal; font-weight: 400; letter-spacing: normal; orphans: auto; text-align: start; text-indent: 0px; text-transform: none; white-space: normal; widows: auto; word-spacing: 0px; -webkit-tap-highlight-color: rgba(26, 26, 26, 0.3); -webkit-text-size-adjust: none; -webkit-text-stroke-width: 0px; text-decoration: none\"><span class=\"s4\" style=\"line-height: 21.6px; font-family: Calibri\">Der Jubilar<\/span><span class=\"s4\" style=\"line-height: 21.6px; font-family: Calibri\"><span class=\"Apple-converted-space\">&nbsp;<\/span><\/span><span class=\"s4\" style=\"line-height: 21.6px; font-family: Calibri\">hat zudem von 1966 bis 1991 aktiv Fu\u00dfball gespielt und war 20 Jahre<\/span><span class=\"s4\" style=\"line-height: 21.6px; font-family: Calibri\"><span class=\"Apple-converted-space\">&nbsp;<\/span><\/span><span class=\"s4\" style=\"line-height: 21.6px; font-family: Calibri\">auch<\/span><span class=\"s4\" style=\"line-height: 21.6px; font-family: Calibri\"><span class=\"Apple-converted-space\">&nbsp;<\/span><\/span><span class=\"s4\" style=\"line-height: 21.6px; font-family: Calibri\">lang<\/span><span class=\"s4\" style=\"line-height: 21.6px; font-family: Calibri\"><span class=\"Apple-converted-space\">&nbsp;<\/span><\/span><span class=\"s4\" style=\"line-height: 21.6px; font-family: Calibri\">als<\/span><span class=\"s4\" style=\"line-height: 21.6px; font-family: Calibri\"><span class=\"Apple-converted-space\">&nbsp;<\/span><\/span><span class=\"s4\" style=\"line-height: 21.6px; font-family: Calibri\">Jugendleiter beim FSV Gro\u00dfenhausen<\/span><span class=\"s4\" style=\"line-height: 21.6px; font-family: Calibri\"><span class=\"Apple-converted-space\">&nbsp;<\/span><\/span><span class=\"s4\" style=\"line-height: 21.6px; font-family: Calibri\">t\u00e4tig<\/span><span class=\"s4\" style=\"line-height: 21.6px; font-family: Calibri\">. Dabei hatte er zweitweise einen kompletten Unterbau von der G- bis einschlie\u00dflich zur D-Jugend aufgebaut, wobei \u00e4ltere Kinder dann in Spielgemeinschaften mit dem FSV Geislitz zusammengelegt wurden. Er selbst<\/span><span class=\"s4\" style=\"line-height: 21.6px; font-family: Calibri\"><span class=\"Apple-converted-space\">&nbsp;<\/span><\/span><span class=\"s4\" style=\"line-height: 21.6px; font-family: Calibri\">stand<\/span><span class=\"s4\" style=\"line-height: 21.6px; font-family: Calibri\"><span class=\"Apple-converted-space\">&nbsp;<\/span><\/span><span class=\"s4\" style=\"line-height: 21.6px; font-family: Calibri\">bis zu seinem 38. Lebensjahr<\/span><span class=\"s4\" style=\"line-height: 21.6px; font-family: Calibri\"><span class=\"Apple-converted-space\">&nbsp;<\/span><\/span><span class=\"s4\" style=\"line-height: 21.6px; font-family: Calibri\">f\u00fcr seinen Heimatverein<\/span><span class=\"s4\" style=\"line-height: 21.6px; font-family: Calibri\"><span class=\"Apple-converted-space\">&nbsp;<\/span><\/span><span class=\"s4\" style=\"line-height: 21.6px; font-family: Calibri\">auf dem Platz<\/span><span class=\"s4\" style=\"line-height: 21.6px; font-family: Calibri\">, bevor zum \u201eKarriereende\u201c<\/span><span class=\"s4\" style=\"line-height: 21.6px; font-family: Calibri\">sein Bruder Friedhelm ein Paar seiner alten Fu\u00dfballschuhe symbolisch<\/span><span class=\"s4\" style=\"line-height: 21.6px; font-family: Calibri\"><span class=\"Apple-converted-space\">&nbsp;<\/span><\/span><span class=\"s4\" style=\"line-height: 21.6px; font-family: Calibri\">auf<\/span><span class=\"s4\" style=\"line-height: 21.6px; font-family: Calibri\"><span class=\"Apple-converted-space\">&nbsp;<\/span><\/span><span class=\"s4\" style=\"line-height: 21.6px; font-family: Calibri\">einer<\/span><span class=\"s4\" style=\"line-height: 21.6px; font-family: Calibri\"><span class=\"Apple-converted-space\">&nbsp;<\/span><\/span><span class=\"s4\" style=\"line-height: 21.6px; font-family: Calibri\">Bands\u00e4ge<\/span><span class=\"s4\" style=\"line-height: 21.6px; font-family: Calibri\"><span class=\"Apple-converted-space\">&nbsp;<\/span><\/span><span class=\"s4\" style=\"line-height: 21.6px; font-family: Calibri\">zerschnitten<\/span><span class=\"s4\" style=\"line-height: 21.6px; font-family: Calibri\"><span class=\"Apple-converted-space\">&nbsp;<\/span><\/span><span class=\"s4\" style=\"line-height: 21.6px; font-family: Calibri\">hatte<\/span><span class=\"s4\" style=\"line-height: 21.6px; font-family: Calibri\">.<\/span><\/p>\n<p class=\"s3\" style=\"margin-top: 0px; margin-bottom: 10px; line-height: 1.38; caret-color: rgb(0, 0, 0); color: rgb(0, 0, 0); font-family: -webkit-standard; font-size: 18px; font-style: normal; font-variant-caps: normal; font-weight: 400; letter-spacing: normal; orphans: auto; text-align: start; text-indent: 0px; text-transform: none; white-space: normal; widows: auto; word-spacing: 0px; -webkit-tap-highlight-color: rgba(26, 26, 26, 0.3); -webkit-text-size-adjust: none; -webkit-text-stroke-width: 0px; text-decoration: none\"><span class=\"s4\" style=\"line-height: 21.6px; font-family: Calibri\">Auch auf eine langj\u00e4hrige T\u00e4tigkeit als Aktiver der Feuerwehr Gro\u00dfenhausen von 1967 bis 2001<\/span><span class=\"s4\" style=\"line-height: 21.6px; font-family: Calibri\"><span class=\"Apple-converted-space\">&nbsp;<\/span><\/span><span class=\"s4\" style=\"line-height: 21.6px; font-family: Calibri\">im Dienste<\/span><span class=\"s4\" style=\"line-height: 21.6px; font-family: Calibri\"><span class=\"Apple-converted-space\">&nbsp;<\/span><\/span><span class=\"s4\" style=\"line-height: 21.6px; font-family: Calibri\">des Brandschutzes<\/span><span class=\"s4\" style=\"line-height: 21.6px; font-family: Calibri\"><span class=\"Apple-converted-space\">&nbsp;<\/span><\/span><span class=\"s4\" style=\"line-height: 21.6px; font-family: Calibri\">und \u00fcber 40 Jahre als deren Kassierer und<\/span><span class=\"s4\" style=\"line-height: 21.6px; font-family: Calibri\"><span class=\"Apple-converted-space\">&nbsp;<\/span><\/span><span class=\"s4\" style=\"line-height: 21.6px; font-family: Calibri\">s<\/span><span class=\"s4\" style=\"line-height: 21.6px; font-family: Calibri\">tellvertretender Kassierer k<\/span><span class=\"s4\" style=\"line-height: 21.6px; font-family: Calibri\">o<\/span><span class=\"s4\" style=\"line-height: 21.6px; font-family: Calibri\">nn<\/span><span class=\"s4\" style=\"line-height: 21.6px; font-family: Calibri\">te<\/span><span class=\"s4\" style=\"line-height: 21.6px; font-family: Calibri\"><span class=\"Apple-converted-space\">&nbsp;<\/span><\/span><span class=\"s4\" style=\"line-height: 21.6px; font-family: Calibri\">er<\/span><span class=\"s4\" style=\"line-height: 21.6px; font-family: Calibri\"><span class=\"Apple-converted-space\">&nbsp;<\/span><\/span><span class=\"s4\" style=\"line-height: 21.6px; font-family: Calibri\">zu seinem 70. Geburtstag<\/span><span class=\"s4\" style=\"line-height: 21.6px; font-family: Calibri\"><span class=\"Apple-converted-space\">&nbsp;<\/span><\/span><span class=\"s4\" style=\"line-height: 21.6px; font-family: Calibri\">zur\u00fcckblicken.<\/span><\/p>\n<p class=\"s3\" style=\"margin-top: 0px; margin-bottom: 10px; line-height: 1.38; caret-color: rgb(0, 0, 0); color: rgb(0, 0, 0); font-family: -webkit-standard; font-size: 18px; font-style: normal; font-variant-caps: normal; font-weight: 400; letter-spacing: normal; orphans: auto; text-align: start; text-indent: 0px; text-transform: none; white-space: normal; widows: auto; word-spacing: 0px; -webkit-tap-highlight-color: rgba(26, 26, 26, 0.3); -webkit-text-size-adjust: none; -webkit-text-stroke-width: 0px; text-decoration: none\"><span class=\"s4\" style=\"line-height: 21.6px; font-family: Calibri\">Weitere f\u00f6rdernde Vereinsmitgliedschaften hat<\/span><span class=\"s4\" style=\"line-height: 21.6px; font-family: Calibri\"><span class=\"Apple-converted-space\">&nbsp;<\/span><\/span><span class=\"s4\" style=\"line-height: 21.6px; font-family: Calibri\">Heinz<\/span><span class=\"s4\" style=\"line-height: 21.6px; font-family: Calibri\"><span class=\"Apple-converted-space\">&nbsp;<\/span><\/span><span class=\"s4\" style=\"line-height: 21.6px; font-family: Calibri\">Breitenbach im F\u00f6rderverein Martinskirche Altenha\u00dflau, im Kaninchenzuchtverein H423 Am Geisberg, im inzwischen aufgel\u00f6sten Obst- und Gartenbauverein Eidenges\u00e4\u00df, im Gesangverein Liederkranz Gro\u00dfenhausen bzw. heute den<\/span><span class=\"s4\" style=\"line-height: 21.6px; font-family: Calibri\"><span class=\"Apple-converted-space\">&nbsp;<\/span><\/span><span class=\"s4\" style=\"line-height: 21.6px; font-family: Calibri\">GreatHouseVoices<\/span><span class=\"s4\" style=\"line-height: 21.6px; font-family: Calibri\">,<\/span><span class=\"s4\" style=\"line-height: 21.6px; font-family: Calibri\"><span class=\"Apple-converted-space\">&nbsp;<\/span><\/span><span class=\"s4\" style=\"line-height: 21.6px; font-family: Calibri\">sowie beim<\/span><span class=\"s4\" style=\"line-height: 21.6px; font-family: Calibri\"><span class=\"Apple-converted-space\">&nbsp;<\/span><\/span><span class=\"s4\" style=\"line-height: 21.6px; font-family: Calibri\">1.<\/span><span class=\"s4\" style=\"line-height: 21.6px; font-family: Calibri\"><span class=\"Apple-converted-space\">&nbsp;<\/span><\/span><span class=\"s4\" style=\"line-height: 21.6px; font-family: Calibri\">Linsengerichter<\/span><span class=\"s4\" style=\"line-height: 21.6px; font-family: Calibri\">Carnevalsverein &#8222;Die<\/span><span class=\"s4\" style=\"line-height: 21.6px; font-family: Calibri\"><span class=\"Apple-converted-space\">&nbsp;<\/span><\/span><span class=\"s4\" style=\"line-height: 21.6px; font-family: Calibri\">Haseln\u00fcss<\/span><span class=\"s4\" style=\"line-height: 21.6px; font-family: Calibri\">&#8220; und bei der \u201eFidelio Altenha\u00dflau\u201c<\/span><span class=\"s4\" style=\"line-height: 21.6px; font-family: Calibri\"><span class=\"Apple-converted-space\">&nbsp;<\/span><\/span><span class=\"s4\" style=\"line-height: 21.6px; font-family: Calibri\">inne<\/span><span class=\"s4\" style=\"line-height: 21.6px; font-family: Calibri\">.<\/span><\/p>\n<p class=\"s3\" style=\"margin-top: 0px; margin-bottom: 10px; line-height: 1.38; caret-color: rgb(0, 0, 0); color: rgb(0, 0, 0); font-family: -webkit-standard; font-size: 18px; font-style: normal; font-variant-caps: normal; font-weight: 400; letter-spacing: normal; orphans: auto; text-align: start; text-indent: 0px; text-transform: none; white-space: normal; widows: auto; word-spacing: 0px; -webkit-tap-highlight-color: rgba(26, 26, 26, 0.3); -webkit-text-size-adjust: none; -webkit-text-stroke-width: 0px; text-decoration: none\"><span class=\"s4\" style=\"line-height: 21.6px; font-family: Calibri\">Vor<\/span><span class=\"s4\" style=\"line-height: 21.6px; font-family: Calibri\"><span class=\"Apple-converted-space\">&nbsp;<\/span><\/span><span class=\"s4\" style=\"line-height: 21.6px; font-family: Calibri\">r<\/span><span class=\"s4\" style=\"line-height: 21.6px; font-family: Calibri\">und 10 Jahre im November 2013 erhielt<\/span><span class=\"s4\" style=\"line-height: 21.6px; font-family: Calibri\"><span class=\"Apple-converted-space\">&nbsp;<\/span><\/span><span class=\"s4\" style=\"line-height: 21.6px; font-family: Calibri\">das Geburtstagskind<\/span><span class=\"s4\" style=\"line-height: 21.6px; font-family: Calibri\"><span class=\"Apple-converted-space\">&nbsp;<\/span><\/span><span class=\"s4\" style=\"line-height: 21.6px; font-family: Calibri\">den Ehrenbrief des Landes Hessen f\u00fcr<\/span><span class=\"s4\" style=\"line-height: 21.6px; font-family: Calibri\"><span class=\"Apple-converted-space\">&nbsp;<\/span><\/span><span class=\"s4\" style=\"line-height: 21.6px; font-family: Calibri\">diese<\/span><span class=\"s4\" style=\"line-height: 21.6px; font-family: Calibri\"><span class=\"Apple-converted-space\">&nbsp;<\/span><\/span><span class=\"s4\" style=\"line-height: 21.6px; font-family: Calibri\">vielf\u00e4ltigen ehrenamtlichen T\u00e4tigkeiten.<\/span><span class=\"s4\" style=\"line-height: 21.6px; font-family: Calibri\"><span class=\"Apple-converted-space\">&nbsp;<\/span><\/span><span class=\"s4\" style=\"line-height: 21.6px; font-family: Calibri\">\u201eVerdienter geht es nicht\u201c, m\u00f6chte man fast sagen.<\/span><\/p>\n<p class=\"s3\" style=\"margin-top: 0px; margin-bottom: 10px; line-height: 1.38; caret-color: rgb(0, 0, 0); color: rgb(0, 0, 0); font-family: -webkit-standard; font-size: 18px; font-style: normal; font-variant-caps: normal; font-weight: 400; letter-spacing: normal; orphans: auto; text-align: start; text-indent: 0px; text-transform: none; white-space: normal; widows: auto; word-spacing: 0px; -webkit-tap-highlight-color: rgba(26, 26, 26, 0.3); -webkit-text-size-adjust: none; -webkit-text-stroke-width: 0px; text-decoration: none\"><span class=\"s4\" style=\"line-height: 21.6px; font-family: Calibri\">Bild von links nach rechts:<\/span><span class=\"s4\" style=\"line-height: 21.6px; font-family: Calibri\"><span class=\"Apple-converted-space\">&nbsp;<\/span><\/span><span class=\"s4\" style=\"line-height: 21.6px; font-family: Calibri\">Klaus Balzer, Angelika Lehr und der Jubilar Heinz Breitenbach<\/span><\/p>\n<p class=\"s3\" style=\"margin-top: 0px; margin-bottom: 0px; line-height: 1.2; caret-color: rgb(0, 0, 0); color: rgb(0, 0, 0); font-family: -webkit-standard; font-size: 18px; font-style: normal; font-variant-caps: normal; font-weight: 400; letter-spacing: normal; orphans: auto; text-align: start; text-indent: 0px; text-transform: none; white-space: normal; widows: auto; word-spacing: 0px; -webkit-tap-highlight-color: rgba(26, 26, 26, 0.3); -webkit-text-size-adjust: none; -webkit-text-stroke-width: 0px; text-decoration: none\"><span style=\"line-height: 21.6px\"><img loading=\"lazy\" decoding=\"async\" src=\"https:\/\/www.buergerliste-linsengericht.de\/wp-content\/uploads\/2023\/11\/img_0044-3.jpg\" class=\"size-full wp-image-1839\" width=\"1646\" height=\"1492\" srcset=\"https:\/\/www.buergerliste-linsengericht.de\/wp-content\/uploads\/2023\/11\/img_0044-3.jpg 1646w, https:\/\/www.buergerliste-linsengericht.de\/wp-content\/uploads\/2023\/11\/img_0044-3-1280x1160.jpg 1280w, https:\/\/www.buergerliste-linsengericht.de\/wp-content\/uploads\/2023\/11\/img_0044-3-980x888.jpg 980w, https:\/\/www.buergerliste-linsengericht.de\/wp-content\/uploads\/2023\/11\/img_0044-3-480x435.jpg 480w\" sizes=\"(min-width: 0px) and (max-width: 480px) 480px, (min-width: 481px) and (max-width: 980px) 980px, (min-width: 981px) and (max-width: 1280px) 1280px, (min-width: 1281px) 1646px, 100vw\" \/><\/span><\/p>\n","protected":false},"excerpt":{"rendered":"<p>Ende Oktober feierte das&nbsp;\u201eGro\u00dfenh\u00e4user&nbsp;Urgestein\u201c Heinz Breitenbach seinen 70. Geburtstag und hatte&nbsp;mit seiner Lebensgef\u00e4hrtin Angelika Lehr&nbsp;zu einem Tag der offenen T\u00fcr geladen. Zu diesem war auch Klaus Balzer,&nbsp;Vorstandsmitglied&nbsp;der B\u00fcrgerliste Linsengericht, gekommen, um im Namen der heimischen Freien W\u00e4hlergemeinschaft&nbsp;ihrem&nbsp;Vorsitzendenherzlich zu gratulieren und ein Geschenk zu \u00fcberreichen. Heinz Breitenbach geh\u00f6rt der B\u00fcrgerliste Linsengericht seit 1980 an, ist seit [&hellip;]<\/p>\n","protected":false},"author":2,"featured_media":1842,"comment_status":"closed","ping_status":"closed","sticky":false,"template":"","format":"standard","meta":{"_et_pb_use_builder":"","_et_pb_old_content":"","_et_gb_content_width":"","footnotes":""},"categories":[23],"tags":[30,39,37,36],"class_list":["post-1840","post","type-post","status-publish","format-standard","has-post-thumbnail","hentry","category-presse-2023","tag-buergerliste-linsengericht","tag-freie-waehler-main-kinzig","tag-geburtstag","tag-heinz-breitenbach"],"_links":{"self":[{"href":"https:\/\/www.buergerliste-linsengericht.de\/index.php\/wp-json\/wp\/v2\/posts\/1840","targetHints":{"allow":["GET"]}}],"collection":[{"href":"https:\/\/www.buergerliste-linsengericht.de\/index.php\/wp-json\/wp\/v2\/posts"}],"about":[{"href":"https:\/\/www.buergerliste-linsengericht.de\/index.php\/wp-json\/wp\/v2\/types\/post"}],"author":[{"embeddable":true,"href":"https:\/\/www.buergerliste-linsengericht.de\/index.php\/wp-json\/wp\/v2\/users\/2"}],"replies":[{"embeddable":true,"href":"https:\/\/www.buergerliste-linsengericht.de\/index.php\/wp-json\/wp\/v2\/comments?post=1840"}],"version-history":[{"count":1,"href":"https:\/\/www.buergerliste-linsengericht.de\/index.php\/wp-json\/wp\/v2\/posts\/1840\/revisions"}],"predecessor-version":[{"id":1841,"href":"https:\/\/www.buergerliste-linsengericht.de\/index.php\/wp-json\/wp\/v2\/posts\/1840\/revisions\/1841"}],"wp:featuredmedia":[{"embeddable":true,"href":"https:\/\/www.buergerliste-linsengericht.de\/index.php\/wp-json\/wp\/v2\/media\/1842"}],"wp:attachment":[{"href":"https:\/\/www.buergerliste-linsengericht.de\/index.php\/wp-json\/wp\/v2\/media?parent=1840"}],"wp:term":[{"taxonomy":"category","embeddable":true,"href":"https:\/\/www.buergerliste-linsengericht.de\/index.php\/wp-json\/wp\/v2\/categories?post=1840"},{"taxonomy":"post_tag","embeddable":true,"href":"https:\/\/www.buergerliste-linsengericht.de\/index.php\/wp-json\/wp\/v2\/tags?post=1840"}],"curies":[{"name":"wp","href":"https:\/\/api.w.org\/{rel}","templated":true}]}}