{"id":1813,"date":"2023-10-23T12:12:34","date_gmt":"2023-10-23T10:12:34","guid":{"rendered":"https:\/\/www.buergerliste-linsengericht.de\/?p=1813"},"modified":"2023-11-02T06:53:27","modified_gmt":"2023-11-02T05:53:27","slug":"kulturelle-bereicherung-durch-neuen-buecherschrank-in-eidengesaess","status":"publish","type":"post","link":"https:\/\/www.buergerliste-linsengericht.de\/index.php\/2023\/10\/23\/kulturelle-bereicherung-durch-neuen-buecherschrank-in-eidengesaess\/","title":{"rendered":"Kulturelle Bereicherung durch neuen B\u00fccherschrank in Eidenges\u00e4\u00df"},"content":{"rendered":"<p class=\"s3\" style=\"margin-top: 0px; margin-bottom: 0px; line-height: 1.2; caret-color: rgb(0, 0, 0); color: rgb(0, 0, 0); font-family: -webkit-standard; font-size: 18px; font-style: normal; font-variant-caps: normal; font-weight: 400; letter-spacing: normal; orphans: auto; text-align: start; text-indent: 0px; text-transform: none; white-space: normal; widows: auto; word-spacing: 0px; -webkit-tap-highlight-color: rgba(26, 26, 26, 0.3); -webkit-text-size-adjust: none; -webkit-text-stroke-width: 0px; text-decoration: none\"><span style=\"line-height: 21.6px\">In einer erfreulichen Initiative hat Ruben Hundhausen, Gemeindevertreter der Freien W\u00e4hler&nbsp;Gemeinschaft&nbsp;B\u00fcrgerliste Linsengericht, einen alten K\u00fchlschrank zu einem B\u00fccherschrank umgebaut. Das&nbsp;beeindruckende Ergebnis dieses Projekts wurde&nbsp;k\u00fcrzlich&nbsp;am Kirchlichen Gemeindezentrum&nbsp;wei\u00dfe Taube in&nbsp;der Dorfstra\u00dfe 12 in&nbsp;Eidenges\u00e4\u00df aufgestellt&nbsp;und mit zahlreichen&nbsp;von verschiedenen Personen gespendeten&nbsp;B\u00fcchern f\u00fcr alle Altersklassen best\u00fcckt.<\/span><\/p>\n<p class=\"s3\" style=\"margin-top: 0px; margin-bottom: 0px; line-height: 1.2; caret-color: rgb(0, 0, 0); color: rgb(0, 0, 0); font-family: -webkit-standard; font-size: 18px; font-style: normal; font-variant-caps: normal; font-weight: 400; letter-spacing: normal; orphans: auto; text-align: start; text-indent: 0px; text-transform: none; white-space: normal; widows: auto; word-spacing: 0px; -webkit-tap-highlight-color: rgba(26, 26, 26, 0.3); -webkit-text-size-adjust: none; -webkit-text-stroke-width: 0px; text-decoration: none\"><span style=\"line-height: 21.6px\">&nbsp;<\/span><span class=\"s4\" style=\"line-height: 21.6px; font-family: Calibri\">\u201e<\/span><span class=\"s4\" style=\"line-height: 21.6px; font-family: Calibri\">Der neu errichtete B\u00fccherschrank stellt eine praktische M\u00f6glichkeit dar, B\u00fccher<\/span><span class=\"s4\" style=\"line-height: 21.6px; font-family: Calibri\"><span class=\"Apple-converted-space\">&nbsp;<\/span><\/span><span class=\"s4\" style=\"line-height: 21.6px; font-family: Calibri\">kostenlos miteinander<\/span><span class=\"s4\" style=\"line-height: 21.6px; font-family: Calibri\"><span class=\"Apple-converted-space\">&nbsp;<\/span><\/span><span class=\"s4\" style=\"line-height: 21.6px; font-family: Calibri\">auszutauschen<\/span><span class=\"s4\" style=\"line-height: 21.6px; font-family: Calibri\">und bereichert das<\/span><span class=\"s4\" style=\"line-height: 21.6px; font-family: Calibri\"><span class=\"Apple-converted-space\">&nbsp;<\/span><\/span><span class=\"s4\" style=\"line-height: 21.6px; font-family: Calibri\">kulturelle<\/span><span class=\"s4\" style=\"line-height: 21.6px; font-family: Calibri\"><span class=\"Apple-converted-space\">&nbsp;<\/span><\/span><span class=\"s4\" style=\"line-height: 21.6px; font-family: Calibri\">Angebot in<\/span><span class=\"s4\" style=\"line-height: 21.6px; font-family: Calibri\"><span class=\"Apple-converted-space\">&nbsp;<\/span><\/span><span class=\"s4\" style=\"line-height: 21.6px; font-family: Calibri\">Eidenges\u00e4\u00df<\/span><span class=\"s4\" style=\"line-height: 21.6px; font-family: Calibri\">\u201c betonten<\/span><span class=\"s4\" style=\"line-height: 21.6px; font-family: Calibri\"><span class=\"Apple-converted-space\">&nbsp;<\/span><\/span><span class=\"s4\" style=\"line-height: 21.6px; font-family: Calibri\">Nicole Dein<\/span><span class=\"s4\" style=\"line-height: 21.6px; font-family: Calibri\"><span class=\"Apple-converted-space\">&nbsp;<\/span><\/span><span class=\"s4\" style=\"line-height: 21.6px; font-family: Calibri\">und Dirk Seybold<\/span><span class=\"s4\" style=\"line-height: 21.6px; font-family: Calibri\">, ebenfalls Mitglied<\/span><span class=\"s4\" style=\"line-height: 21.6px; font-family: Calibri\">er<\/span><span class=\"s4\" style=\"line-height: 21.6px; font-family: Calibri\"><span class=\"Apple-converted-space\">&nbsp;<\/span><\/span><span class=\"s4\" style=\"line-height: 21.6px; font-family: Calibri\">der<\/span><span class=\"s4\" style=\"line-height: 21.6px; font-family: Calibri\"><span class=\"Apple-converted-space\">&nbsp;<\/span><\/span><span class=\"s4\" style=\"line-height: 21.6px; font-family: Calibri\">BGL-Fraktion in der<\/span><span class=\"s4\" style=\"line-height: 21.6px; font-family: Calibri\"><span class=\"Apple-converted-space\">&nbsp;<\/span><\/span><span class=\"s4\" style=\"line-height: 21.6px; font-family: Calibri\">Linsengerichter<\/span><span class=\"s4\" style=\"line-height: 21.6px; font-family: Calibri\"><span class=\"Apple-converted-space\">&nbsp;<\/span><\/span><span class=\"s4\" style=\"line-height: 21.6px; font-family: Calibri\">Gemeindevertretung<\/span><span class=\"s4\" style=\"line-height: 21.6px; font-family: Calibri\">.<\/span><span class=\"s4\" style=\"line-height: 21.6px; font-family: Calibri\"><span class=\"Apple-converted-space\">&nbsp;<\/span><\/span><span class=\"s4\" style=\"line-height: 21.6px; font-family: Calibri\">Bei der symbolischen \u00dcbergabe des B\u00fccherschranks an das B\u00fccherei-Team<\/span><span class=\"s4\" style=\"line-height: 21.6px; font-family: Calibri\"><span class=\"Apple-converted-space\">&nbsp;<\/span><\/span><span class=\"s4\" style=\"line-height: 21.6px; font-family: Calibri\">der wei\u00dfen Taube, welches sich mit um ihn k\u00fcmmern wird<\/span><span class=\"s4\" style=\"line-height: 21.6px; font-family: Calibri\">, war auch P<\/span><span class=\"s4\" style=\"line-height: 21.6px; font-family: Calibri\">farrerin Manuela vo<\/span><span class=\"s4\" style=\"line-height: 21.6px; font-family: Calibri\">m<\/span><span class=\"s4\" style=\"line-height: 21.6px; font-family: Calibri\"><span class=\"Apple-converted-space\">&nbsp;<\/span><\/span><span class=\"s4\" style=\"line-height: 21.6px; font-family: Calibri\">Brocke<\/span><span class=\"s4\" style=\"line-height: 21.6px; font-family: Calibri\"><span class=\"Apple-converted-space\">&nbsp;<\/span><\/span><span class=\"s4\" style=\"line-height: 21.6px; font-family: Calibri\">anwesend<\/span><span class=\"s4\" style=\"line-height: 21.6px; font-family: Calibri\">, die die Initiative unterst\u00fctzt hatte.<\/span><\/p>\n<p class=\"s3\" style=\"margin-top: 0px; margin-bottom: 0px; line-height: 1.2; caret-color: rgb(0, 0, 0); color: rgb(0, 0, 0); font-family: -webkit-standard; font-size: 18px; font-style: normal; font-variant-caps: normal; font-weight: 400; letter-spacing: normal; orphans: auto; text-align: start; text-indent: 0px; text-transform: none; white-space: normal; widows: auto; word-spacing: 0px; -webkit-tap-highlight-color: rgba(26, 26, 26, 0.3); -webkit-text-size-adjust: none; -webkit-text-stroke-width: 0px; text-decoration: none\"><span style=\"line-height: 21.6px\">&nbsp;<\/span><span class=\"s4\" style=\"line-height: 21.6px; font-family: Calibri\">Sebastian Dein, der die Freien W\u00e4hler im Gemeindevorstand vertritt, berichtete<\/span><span class=\"s4\" style=\"line-height: 21.6px; font-family: Calibri\"><span class=\"Apple-converted-space\">&nbsp;<\/span><\/span><span class=\"s4\" style=\"line-height: 21.6px; font-family: Calibri\">erfreut<\/span><span class=\"s4\" style=\"line-height: 21.6px; font-family: Calibri\">:<\/span><span class=\"s4\" style=\"line-height: 21.6px; font-family: Calibri\"><span class=\"Apple-converted-space\">&nbsp;<\/span><\/span><span class=\"s4\" style=\"line-height: 21.6px; font-family: Calibri\">\u201cJetzt haben wir in allen<\/span><span class=\"s4\" style=\"line-height: 21.6px; font-family: Calibri\"><span class=\"Apple-converted-space\">&nbsp;<\/span><\/span><span class=\"s4\" style=\"line-height: 21.6px; font-family: Calibri\">Linsengerichter<\/span><span class=\"s4\" style=\"line-height: 21.6px; font-family: Calibri\"><span class=\"Apple-converted-space\">&nbsp;<\/span><\/span><span class=\"s4\" style=\"line-height: 21.6px; font-family: Calibri\">Ortsteilen einen B\u00fccherschrank<\/span><span class=\"s4\" style=\"line-height: 21.6px; font-family: Calibri\"><span class=\"Apple-converted-space\">&nbsp;<\/span><\/span><span class=\"s4\" style=\"line-height: 21.6px; font-family: Calibri\">und<\/span><span class=\"s4\" style=\"line-height: 21.6px; font-family: Calibri\"><span class=\"Apple-converted-space\">&nbsp;<\/span><\/span><span class=\"s4\" style=\"line-height: 21.6px; font-family: Calibri\">auch<\/span><span class=\"s4\" style=\"line-height: 21.6px; font-family: Calibri\"><span class=\"Apple-converted-space\">&nbsp;<\/span><\/span><span class=\"s4\" style=\"line-height: 21.6px; font-family: Calibri\">f\u00fcr W<\/span><span class=\"s4\" style=\"line-height: 21.6px; font-family: Calibri\">aldrode<\/span><span class=\"s4\" style=\"line-height: 21.6px; font-family: Calibri\"><span class=\"Apple-converted-space\">&nbsp;<\/span><\/span><span class=\"s4\" style=\"line-height: 21.6px; font-family: Calibri\">hat Ruben Hundhausen schon eine Idee<\/span><span class=\"s4\" style=\"line-height: 21.6px; font-family: Calibri\">.\u201d<\/span><span class=\"s4\" style=\"line-height: 21.6px; font-family: Calibri\"><span class=\"Apple-converted-space\">&nbsp;<\/span><\/span><span class=\"s4\" style=\"line-height: 21.6px; font-family: Calibri\">Auch d<\/span><span class=\"s4\" style=\"line-height: 21.6px; font-family: Calibri\">as B\u00fccherei-Team<\/span><span class=\"s4\" style=\"line-height: 21.6px; font-family: Calibri\"><span class=\"Apple-converted-space\">&nbsp;<\/span><\/span><span class=\"s4\" style=\"line-height: 21.6px; font-family: Calibri\">Eidenges\u00e4\u00df-Geislitz<\/span><span class=\"s4\" style=\"line-height: 21.6px; font-family: Calibri\"><span class=\"Apple-converted-space\">&nbsp;<\/span><\/span><span class=\"s4\" style=\"line-height: 21.6px; font-family: Calibri\">um<\/span><span class=\"s4\" style=\"line-height: 21.6px; font-family: Calibri\"><span class=\"Apple-converted-space\">&nbsp;<\/span><\/span><span class=\"s4\" style=\"line-height: 21.6px; font-family: Calibri\">Hildegard Mock<\/span><span class=\"s4\" style=\"line-height: 21.6px; font-family: Calibri\">\u00e4u\u00dferte sich<\/span><span class=\"s4\" style=\"line-height: 21.6px; font-family: Calibri\"><span class=\"Apple-converted-space\">&nbsp;<\/span><\/span><span class=\"s4\" style=\"line-height: 21.6px; font-family: Calibri\">beim Er\u00f6ffnungstermin<\/span><span class=\"s4\" style=\"line-height: 21.6px; font-family: Calibri\"><span class=\"Apple-converted-space\">&nbsp;<\/span><\/span><span class=\"s4\" style=\"line-height: 21.6px; font-family: Calibri\">positiv \u00fcber die<\/span><span class=\"s4\" style=\"line-height: 21.6px; font-family: Calibri\"><span class=\"Apple-converted-space\">&nbsp;<\/span><\/span><span class=\"s4\" style=\"line-height: 21.6px; font-family: Calibri\">bisher schon gut angelaufene<\/span><span class=\"s4\" style=\"line-height: 21.6px; font-family: Calibri\"><span class=\"Apple-converted-space\">&nbsp;<\/span><\/span><span class=\"s4\" style=\"line-height: 21.6px; font-family: Calibri\">Resonanz der<\/span><span class=\"s4\" style=\"line-height: 21.6px; font-family: Calibri\"><span class=\"Apple-converted-space\">&nbsp;<\/span><\/span><span class=\"s4\" style=\"line-height: 21.6px; font-family: Calibri\">Linsengerichter<\/span><span class=\"s4\" style=\"line-height: 21.6px; font-family: Calibri\"><span class=\"Apple-converted-space\">&nbsp;<\/span><\/span><span class=\"s4\" style=\"line-height: 21.6px; font-family: Calibri\">auf den neuen B\u00fccherschrank.<\/span><\/p>\n<p class=\"s3\" style=\"margin-top: 0px; margin-bottom: 0px; line-height: 1.2; caret-color: rgb(0, 0, 0); color: rgb(0, 0, 0); font-family: -webkit-standard; font-size: 18px; font-style: normal; font-variant-caps: normal; font-weight: 400; letter-spacing: normal; orphans: auto; text-align: start; text-indent: 0px; text-transform: none; white-space: normal; widows: auto; word-spacing: 0px; -webkit-tap-highlight-color: rgba(26, 26, 26, 0.3); -webkit-text-size-adjust: none; -webkit-text-stroke-width: 0px; text-decoration: none\"><span style=\"line-height: 21.6px\">&nbsp;<\/span><span class=\"s4\" style=\"line-height: 21.6px; font-family: Calibri\">Ein besonderer Dank wurde an Jens Pfeifer von der \u00f6rtlichen Schreinerei ausgesprochen, der beim Aufstellen des B\u00fccherschranks tatkr\u00e4ftige Unterst\u00fctzung<\/span><span class=\"s4\" style=\"line-height: 21.6px; font-family: Calibri\"><span class=\"Apple-converted-space\">&nbsp;<\/span><\/span><span class=\"s4\" style=\"line-height: 21.6px; font-family: Calibri\">ge<\/span><span class=\"s4\" style=\"line-height: 21.6px; font-family: Calibri\">leiste<\/span><span class=\"s4\" style=\"line-height: 21.6px; font-family: Calibri\">t hat<\/span><span class=\"s4\" style=\"line-height: 21.6px; font-family: Calibri\">te. Ruben Hundhausen bedankte sich abschlie\u00dfend und betonte die wichtige Rolle von lokalen Akteuren wie Jens Pfeifer bei solchen Initiativen.<\/span><\/p>\n<p class=\"s13\" style=\"margin-top: 0px; margin-bottom: 9px; line-height: 1.2; text-align: justify; caret-color: rgb(0, 0, 0); color: rgb(0, 0, 0); font-family: -webkit-standard; font-size: 18px; font-style: normal; font-variant-caps: normal; font-weight: 400; letter-spacing: normal; orphans: auto; text-indent: 0px; text-transform: none; white-space: normal; widows: auto; word-spacing: 0px; -webkit-tap-highlight-color: rgba(26, 26, 26, 0.3); -webkit-text-size-adjust: none; -webkit-text-stroke-width: 0px; text-decoration: none\"><span class=\"s6\" style=\"line-height: 14.4px; font-size: 12px; font-family: Helvetica; color: rgb(51, 51, 51)\"><img loading=\"lazy\" decoding=\"async\" src=\"https:\/\/www.buergerliste-linsengericht.de\/wp-content\/uploads\/2023\/10\/img_0040.jpg\" class=\"size-full wp-image-1812\" width=\"1024\" height=\"768\" srcset=\"https:\/\/www.buergerliste-linsengericht.de\/wp-content\/uploads\/2023\/10\/img_0040.jpg 1024w, https:\/\/www.buergerliste-linsengericht.de\/wp-content\/uploads\/2023\/10\/img_0040-980x735.jpg 980w, https:\/\/www.buergerliste-linsengericht.de\/wp-content\/uploads\/2023\/10\/img_0040-480x360.jpg 480w\" sizes=\"(min-width: 0px) and (max-width: 480px) 480px, (min-width: 481px) and (max-width: 980px) 980px, (min-width: 981px) 1024px, 100vw\" \/><\/span><\/p>\n<p class=\"s13\" style=\"margin-top: 0px; margin-bottom: 9px; line-height: 1.2; text-align: justify; caret-color: rgb(0, 0, 0); color: rgb(0, 0, 0); font-family: -webkit-standard; font-size: 18px; font-style: normal; font-variant-caps: normal; font-weight: 400; letter-spacing: normal; orphans: auto; text-indent: 0px; text-transform: none; white-space: normal; widows: auto; word-spacing: 0px; -webkit-tap-highlight-color: rgba(26, 26, 26, 0.3); -webkit-text-size-adjust: none; -webkit-text-stroke-width: 0px; text-decoration: none\"><span class=\"s2\" style=\"line-height: 14.4px; font-size: 12px; font-family: Helvetica; color: rgb(51, 51, 51)\"><\/span><\/p>\n","protected":false},"excerpt":{"rendered":"<p>In einer erfreulichen Initiative hat Ruben Hundhausen, Gemeindevertreter der Freien W\u00e4hler&nbsp;Gemeinschaft&nbsp;B\u00fcrgerliste Linsengericht, einen alten K\u00fchlschrank zu einem B\u00fccherschrank umgebaut. Das&nbsp;beeindruckende Ergebnis dieses Projekts wurde&nbsp;k\u00fcrzlich&nbsp;am Kirchlichen Gemeindezentrum&nbsp;wei\u00dfe Taube in&nbsp;der Dorfstra\u00dfe 12 in&nbsp;Eidenges\u00e4\u00df aufgestellt&nbsp;und mit zahlreichen&nbsp;von verschiedenen Personen gespendeten&nbsp;B\u00fcchern f\u00fcr alle Altersklassen best\u00fcckt. &nbsp;\u201eDer neu errichtete B\u00fccherschrank stellt eine praktische M\u00f6glichkeit dar, B\u00fccher&nbsp;kostenlos miteinander&nbsp;auszutauschenund bereichert das&nbsp;kulturelle&nbsp;Angebot in&nbsp;Eidenges\u00e4\u00df\u201c [&hellip;]<\/p>\n","protected":false},"author":2,"featured_media":1812,"comment_status":"closed","ping_status":"closed","sticky":false,"template":"","format":"standard","meta":{"_et_pb_use_builder":"","_et_pb_old_content":"","_et_gb_content_width":"","footnotes":""},"categories":[23],"tags":[32,30,33,34,35],"class_list":["post-1813","post","type-post","status-publish","format-standard","has-post-thumbnail","hentry","category-presse-2023","tag-buecherschrank","tag-buergerliste-linsengericht","tag-eidengesaess","tag-kultur","tag-weisse-taube"],"_links":{"self":[{"href":"https:\/\/www.buergerliste-linsengericht.de\/index.php\/wp-json\/wp\/v2\/posts\/1813","targetHints":{"allow":["GET"]}}],"collection":[{"href":"https:\/\/www.buergerliste-linsengericht.de\/index.php\/wp-json\/wp\/v2\/posts"}],"about":[{"href":"https:\/\/www.buergerliste-linsengericht.de\/index.php\/wp-json\/wp\/v2\/types\/post"}],"author":[{"embeddable":true,"href":"https:\/\/www.buergerliste-linsengericht.de\/index.php\/wp-json\/wp\/v2\/users\/2"}],"replies":[{"embeddable":true,"href":"https:\/\/www.buergerliste-linsengericht.de\/index.php\/wp-json\/wp\/v2\/comments?post=1813"}],"version-history":[{"count":1,"href":"https:\/\/www.buergerliste-linsengericht.de\/index.php\/wp-json\/wp\/v2\/posts\/1813\/revisions"}],"predecessor-version":[{"id":1814,"href":"https:\/\/www.buergerliste-linsengericht.de\/index.php\/wp-json\/wp\/v2\/posts\/1813\/revisions\/1814"}],"wp:featuredmedia":[{"embeddable":true,"href":"https:\/\/www.buergerliste-linsengericht.de\/index.php\/wp-json\/wp\/v2\/media\/1812"}],"wp:attachment":[{"href":"https:\/\/www.buergerliste-linsengericht.de\/index.php\/wp-json\/wp\/v2\/media?parent=1813"}],"wp:term":[{"taxonomy":"category","embeddable":true,"href":"https:\/\/www.buergerliste-linsengericht.de\/index.php\/wp-json\/wp\/v2\/categories?post=1813"},{"taxonomy":"post_tag","embeddable":true,"href":"https:\/\/www.buergerliste-linsengericht.de\/index.php\/wp-json\/wp\/v2\/tags?post=1813"}],"curies":[{"name":"wp","href":"https:\/\/api.w.org\/{rel}","templated":true}]}}