{"id":1806,"date":"2023-10-23T12:00:26","date_gmt":"2023-10-23T10:00:26","guid":{"rendered":"https:\/\/www.buergerliste-linsengericht.de\/?p=1806"},"modified":"2023-10-23T12:05:22","modified_gmt":"2023-10-23T10:05:22","slug":"strassensanierung-wurde-die-gemeinde-linsengericht-vergessen","status":"publish","type":"post","link":"https:\/\/www.buergerliste-linsengericht.de\/index.php\/2023\/10\/23\/strassensanierung-wurde-die-gemeinde-linsengericht-vergessen\/","title":{"rendered":"Stra\u00dfensanierung: Wurde die Gemeinde Linsengericht vergessen?"},"content":{"rendered":"<p class=\"s10\" style=\"margin-top: 0px; margin-bottom: 0px; line-height: 1.2; text-align: justify; caret-color: rgb(0, 0, 0); color: rgb(0, 0, 0); font-family: -webkit-standard; font-size: 18px; font-style: normal; font-variant-caps: normal; font-weight: 400; letter-spacing: normal; orphans: auto; text-indent: 0px; text-transform: none; white-space: normal; widows: auto; word-spacing: 0px; -webkit-tap-highlight-color: rgba(26, 26, 26, 0.3); -webkit-text-size-adjust: none; -webkit-text-stroke-width: 0px; text-decoration: none\"><span class=\"s11\" style=\"line-height: 14.4px; font-size: 12px; font-family: Helvetica; color: rgb(17, 17, 17)\">&#8222;Den&nbsp;Vorwurf der CDU Linsengericht, dass die&nbsp;Petition zur Sanierung der L 2306&nbsp;zu falschen Hoffnungen in der Bev\u00f6lkerung gef\u00fchrt hat, weisen wir mit Nachdruck zur\u00fcck&#8220;, so die Freien W\u00e4hler.<\/span><\/p>\n<p class=\"s13\" style=\"margin-top: 0px; margin-bottom: 9px; line-height: 1.2; text-align: justify; caret-color: rgb(0, 0, 0); color: rgb(0, 0, 0); font-family: -webkit-standard; font-size: 18px; font-style: normal; font-variant-caps: normal; font-weight: 400; letter-spacing: normal; orphans: auto; text-indent: 0px; text-transform: none; white-space: normal; widows: auto; word-spacing: 0px; -webkit-tap-highlight-color: rgba(26, 26, 26, 0.3); -webkit-text-size-adjust: none; -webkit-text-stroke-width: 0px; text-decoration: none\"><span class=\"s6\" style=\"line-height: 14.4px; font-size: 12px; font-family: Helvetica; color: rgb(51, 51, 51)\">Und weiter: &#8222;Mit unserer&nbsp;<\/span><span class=\"s12\" style=\"line-height: 14.4px; font-size: 12px; font-family: Helvetica; text-decoration: underline; color: rgb(204, 0, 0)\"><u><a href=\"https:\/\/vorsprung-online.de\/mkk\/linsengericht\/378-altenhasslau\/233168-linsengericht-stra%C3%9Fenbeh%C3%B6rde-sieht-hier-keinen-sanierungsbedarf.html\">Pressemitteilung<\/a><\/u><\/span><span class=\"s6\" style=\"line-height: 14.4px; font-size: 12px; font-family: Helvetica; color: rgb(51, 51, 51)\">&nbsp;haben wir sehr genau die Fakten des Antwortschreibens von Hessen Mobil benannt und die Konsequenzen daraus erl\u00e4utert. Hessen Mobil kennt seit 2011 das Dilemma einer Landesstra\u00dfe, die sich in keinem verkehrssicheren Zustand befindet. Die im Schreiben der obersten Landesbeh\u00f6rde f\u00fcr Stra\u00dfen- und Verkehrsmanagement gemachten Aussagen, dass die Sanierung des Streckenabschnittes in der Sanierungsoffensive des Landes Hessen (2016- 2022) sowie deren Fortschreibung bis 2025 zur Priorisierung angemeldet war, zeigt dass die Beh\u00f6rde nicht unt\u00e4tig war. Aber nach derzeitiger fachlicher Beurteilung wird kein Verkehrsnotstand gesehen und eine Ber\u00fccksichtigung im j\u00e4hrlichen zuk\u00fcnftigen Landesstra\u00dfenbauprogramm ist nicht geplant. Wer sich auf der Website des Fachministeriums f\u00fcr Wirtschaft, Energie, Verkehr und Wohnen des Landes Hessen informiert, kann folgende Daten zur Sanierungsoffensive Landes im Landesstra\u00dfenbau zur Kenntnis nehmen: Das hessische Erfolgsmodell im Landesstra\u00dfenbau, die &#8218;Sanierungsoffensive 2016-2022&#8216;, umfasste urspr\u00fcnglich 673 Projekte mit einem Gesamtvolumen von 605 Millionen Euro. Bereits im vergangenen Jahr wurde die Sanierungsoffensive bis 2025 fortgeschrieben. Bis 2025 sollen insgesamt 1.138 Sanierungsprojekte mit einem Gesamtvolumen von 930 Millionen Euro realisiert werden. Mit der Sanierungsoffensive verfolgt die Landesregierung einen nachhaltigen und konsequenten Plan, wie das Stra\u00dfennetz St\u00fcck f\u00fcr St\u00fcck noch attraktiver werden kann. Bei allen Ma\u00dfnahmen gilt der Grundsatz: Sanierung vor Neubau. Der Anteil der Erhaltungsma\u00dfnahmen betr\u00e4gt daher mehr als 80 Prozent. Zu den Ma\u00dfnahmen z\u00e4hlen Fahrbahnsanierungen, Br\u00fcckeninstandsetzungen und Br\u00fcckenerneuerungen sowie Um- und Ausbauma\u00dfnahmen. Bis 2025 sollen weitere 640 Kilometer Landesstra\u00dfe saniert werden, davon etwa 600 Kilometer in den l\u00e4ndlichen R\u00e4umen Hessens.&#8220;<\/span><\/p>\n<p class=\"s13\" style=\"margin-top: 0px; margin-bottom: 9px; line-height: 1.2; text-align: justify; caret-color: rgb(0, 0, 0); color: rgb(0, 0, 0); font-family: -webkit-standard; font-size: 18px; font-style: normal; font-variant-caps: normal; font-weight: 400; letter-spacing: normal; orphans: auto; text-indent: 0px; text-transform: none; white-space: normal; widows: auto; word-spacing: 0px; -webkit-tap-highlight-color: rgba(26, 26, 26, 0.3); -webkit-text-size-adjust: none; -webkit-text-stroke-width: 0px; text-decoration: none\"><span class=\"s6\" style=\"line-height: 14.4px; font-size: 12px; font-family: Helvetica; color: rgb(51, 51, 51)\">Abschlie\u00dfend hei\u00dft es in der Pressemitteilung der Freien W\u00e4hler: &#8222;Wenn man diese Zahlen liest, fragt man sich unwillk\u00fcrlich, wurde die Gemeinde Linsengericht bei dem Sanierungsprogramm des Landes Hessen vergessen? Wir werden uns dem Thema weiterhin widmen. Von Seiten der<\/span><span class=\"s6\" style=\"line-height: 14.4px; font-size: 12px; font-family: Helvetica; color: rgb(51, 51, 51)\"><span class=\"Apple-converted-space\">&nbsp;<\/span><\/span><span class=\"s6\" style=\"line-height: 14.4px; font-size: 12px; font-family: Helvetica; color: rgb(51, 51, 51)\">CDU Linsengericht<\/span><span class=\"s6\" style=\"line-height: 14.4px; font-size: 12px; font-family: Helvetica; color: rgb(51, 51, 51)\"><span class=\"Apple-converted-space\">&nbsp;<\/span><\/span><span class=\"s6\" style=\"line-height: 14.4px; font-size: 12px; font-family: Helvetica; color: rgb(51, 51, 51)\">beziehungsweise Main-Kinzig w\u00e4re es hilfreich, wenn der hiesige Landtagsabgeordnete sich vor Ort einmal informiert und beim Verkehrsministerium seinen Einfluss geltend macht.&#8220;<\/span><\/p>\n<p class=\"s13\" style=\"margin-top: 0px; margin-bottom: 9px; line-height: 1.2; text-align: justify; caret-color: rgb(0, 0, 0); color: rgb(0, 0, 0); font-family: -webkit-standard; font-size: 18px; font-style: normal; font-variant-caps: normal; font-weight: 400; letter-spacing: normal; orphans: auto; text-indent: 0px; text-transform: none; white-space: normal; widows: auto; word-spacing: 0px; -webkit-tap-highlight-color: rgba(26, 26, 26, 0.3); -webkit-text-size-adjust: none; -webkit-text-stroke-width: 0px; text-decoration: none\"><span class=\"s2\" style=\"line-height: 14.4px; font-size: 12px; font-family: Helvetica; color: rgb(51, 51, 51)\"><img loading=\"lazy\" decoding=\"async\" src=\"https:\/\/www.buergerliste-linsengericht.de\/wp-content\/uploads\/2023\/10\/img_0039.jpg\" class=\"size-full wp-image-1809\" width=\"1816\" height=\"1441\" srcset=\"https:\/\/www.buergerliste-linsengericht.de\/wp-content\/uploads\/2023\/10\/img_0039.jpg 1816w, https:\/\/www.buergerliste-linsengericht.de\/wp-content\/uploads\/2023\/10\/img_0039-1280x1016.jpg 1280w, https:\/\/www.buergerliste-linsengericht.de\/wp-content\/uploads\/2023\/10\/img_0039-980x778.jpg 980w, https:\/\/www.buergerliste-linsengericht.de\/wp-content\/uploads\/2023\/10\/img_0039-480x381.jpg 480w\" sizes=\"(min-width: 0px) and (max-width: 480px) 480px, (min-width: 481px) and (max-width: 980px) 980px, (min-width: 981px) and (max-width: 1280px) 1280px, (min-width: 1281px) 1816px, 100vw\" \/><\/span><\/p>\n<p class=\"s15\" style=\"margin-top: 0px; margin-bottom: 9px; line-height: 1.2; text-align: justify; caret-color: rgb(0, 0, 0); color: rgb(0, 0, 0); font-family: -webkit-standard; font-size: 18px; font-style: normal; font-variant-caps: normal; font-weight: 400; letter-spacing: normal; orphans: auto; text-indent: 0px; text-transform: none; white-space: normal; widows: auto; word-spacing: 0px; -webkit-tap-highlight-color: rgba(26, 26, 26, 0.3); -webkit-text-size-adjust: none; -webkit-text-stroke-width: 0px; text-decoration: none\"><span class=\"s2\" style=\"line-height: 14.4px; font-size: 12px; font-family: Helvetica; color: rgb(51, 51, 51)\">Flickenteppich nach Arbeitseinsatz der Strassenmeisterei W\u00e4chtersbach <\/span><\/p>\n","protected":false},"excerpt":{"rendered":"<p>&#8222;Den&nbsp;Vorwurf der CDU Linsengericht, dass die&nbsp;Petition zur Sanierung der L 2306&nbsp;zu falschen Hoffnungen in der Bev\u00f6lkerung gef\u00fchrt hat, weisen wir mit Nachdruck zur\u00fcck&#8220;, so die Freien W\u00e4hler. Und weiter: &#8222;Mit unserer&nbsp;Pressemitteilung&nbsp;haben wir sehr genau die Fakten des Antwortschreibens von Hessen Mobil benannt und die Konsequenzen daraus erl\u00e4utert. Hessen Mobil kennt seit 2011 das Dilemma einer [&hellip;]<\/p>\n","protected":false},"author":2,"featured_media":1811,"comment_status":"closed","ping_status":"closed","sticky":false,"template":"","format":"standard","meta":{"_et_pb_use_builder":"","_et_pb_old_content":"","_et_gb_content_width":"","footnotes":""},"categories":[23],"tags":[30,31,29,26,27,25,28],"class_list":["post-1806","post","type-post","status-publish","format-standard","has-post-thumbnail","hentry","category-presse-2023","tag-buergerliste-linsengericht","tag-cdu","tag-flickenteppich","tag-gelnhaeuser-strasse","tag-hessen-mobil","tag-petition","tag-strassenmeisterei"],"_links":{"self":[{"href":"https:\/\/www.buergerliste-linsengericht.de\/index.php\/wp-json\/wp\/v2\/posts\/1806","targetHints":{"allow":["GET"]}}],"collection":[{"href":"https:\/\/www.buergerliste-linsengericht.de\/index.php\/wp-json\/wp\/v2\/posts"}],"about":[{"href":"https:\/\/www.buergerliste-linsengericht.de\/index.php\/wp-json\/wp\/v2\/types\/post"}],"author":[{"embeddable":true,"href":"https:\/\/www.buergerliste-linsengericht.de\/index.php\/wp-json\/wp\/v2\/users\/2"}],"replies":[{"embeddable":true,"href":"https:\/\/www.buergerliste-linsengericht.de\/index.php\/wp-json\/wp\/v2\/comments?post=1806"}],"version-history":[{"count":2,"href":"https:\/\/www.buergerliste-linsengericht.de\/index.php\/wp-json\/wp\/v2\/posts\/1806\/revisions"}],"predecessor-version":[{"id":1810,"href":"https:\/\/www.buergerliste-linsengericht.de\/index.php\/wp-json\/wp\/v2\/posts\/1806\/revisions\/1810"}],"wp:featuredmedia":[{"embeddable":true,"href":"https:\/\/www.buergerliste-linsengericht.de\/index.php\/wp-json\/wp\/v2\/media\/1811"}],"wp:attachment":[{"href":"https:\/\/www.buergerliste-linsengericht.de\/index.php\/wp-json\/wp\/v2\/media?parent=1806"}],"wp:term":[{"taxonomy":"category","embeddable":true,"href":"https:\/\/www.buergerliste-linsengericht.de\/index.php\/wp-json\/wp\/v2\/categories?post=1806"},{"taxonomy":"post_tag","embeddable":true,"href":"https:\/\/www.buergerliste-linsengericht.de\/index.php\/wp-json\/wp\/v2\/tags?post=1806"}],"curies":[{"name":"wp","href":"https:\/\/api.w.org\/{rel}","templated":true}]}}