{"id":1804,"date":"2023-10-23T11:53:38","date_gmt":"2023-10-23T09:53:38","guid":{"rendered":"https:\/\/www.buergerliste-linsengericht.de\/?p=1804"},"modified":"2023-11-02T06:55:04","modified_gmt":"2023-11-02T05:55:04","slug":"linsengericht-strassenbehoerde-sieht-hier-keinen-sanierungsbedarf","status":"publish","type":"post","link":"https:\/\/www.buergerliste-linsengericht.de\/index.php\/2023\/10\/23\/linsengericht-strassenbehoerde-sieht-hier-keinen-sanierungsbedarf\/","title":{"rendered":"Linsengericht: Stra\u00dfenbeh\u00f6rde sieht hier keinen Sanierungsbedarf"},"content":{"rendered":"<p class=\"s12\" style=\"margin-top: 0px; margin-bottom: 0px; line-height: 1.2; text-align: justify; caret-color: rgb(0, 0, 0); color: rgb(0, 0, 0); font-family: -webkit-standard; font-size: 18px; font-style: normal; font-variant-caps: normal; font-weight: 400; letter-spacing: normal; orphans: auto; text-indent: 0px; text-transform: none; white-space: normal; widows: auto; word-spacing: 0px; -webkit-tap-highlight-color: rgba(26, 26, 26, 0.3); -webkit-text-size-adjust: none; -webkit-text-stroke-width: 0px; text-decoration: none\"><span class=\"s13\" style=\"line-height: 14.4px; font-size: 12px; font-family: Helvetica; color: rgb(17, 17, 17)\">Die Sanierung der L 2306 &#8211; Gelnh\u00e4user Stra\u00dfe &#8211; in Altenha\u00dflau wurde von Hessen Mobil abgelehnt. Das<\/span><span class=\"s13\" style=\"line-height: 14.4px; font-size: 12px; font-family: Helvetica; color: rgb(17, 17, 17)\"><span class=\"Apple-converted-space\">&nbsp;<\/span><\/span><span class=\"s13\" style=\"line-height: 14.4px; font-size: 12px; font-family: Helvetica; color: rgb(17, 17, 17)\">t<\/span><span class=\"s13\" style=\"line-height: 14.4px; font-size: 12px; font-family: Helvetica; color: rgb(17, 17, 17)\">eilte die B\u00fcrgerliste-FWG in einer Pressemitteilung mit. \u201eDie Antwort von Hessen-Mobil Stra\u00dfen- und Verkehrsmanagement in Wiesbaden ist f\u00fcr alle Nutzer dieses Streckenabschnittes in Altenha\u00dflau mehr als unverst\u00e4ndlich und wirft Fragen auf insbesondere im Hinblick auf das weitere Vorgehen von Hessen Mobil\u201c, so BGL-FWG Gemeindevertreter Ruben Hundhausen, der bei der&nbsp;<\/span><span class=\"s14\" style=\"line-height: 14.4px; font-size: 12px; font-family: Helvetica; text-decoration: underline; color: rgb(204, 0, 0)\"><u><a href=\"https:\/\/vorsprung-online.de\/mkk\/linsengericht\/377-linsengericht\/231916-%C3%BCberf%C3%A4llige-stra%C3%9Fensanierung-linsengericht-erh%C3%B6ht-druck-auf-hessen-mobil.html\">\u00dcbergabe der Petitionsunterschriften in Wiesbaden<\/a><\/u><\/span><span class=\"s13\" style=\"line-height: 14.4px; font-size: 12px; font-family: Helvetica; color: rgb(17, 17, 17)\">&nbsp;dabei war.<\/span><\/p>\n<p class=\"s15\" style=\"margin-top: 0px; margin-bottom: 9px; line-height: 1.2; text-align: justify; caret-color: rgb(0, 0, 0); color: rgb(0, 0, 0); font-family: -webkit-standard; font-size: 18px; font-style: normal; font-variant-caps: normal; font-weight: 400; letter-spacing: normal; orphans: auto; text-indent: 0px; text-transform: none; white-space: normal; widows: auto; word-spacing: 0px; -webkit-tap-highlight-color: rgba(26, 26, 26, 0.3); -webkit-text-size-adjust: none; -webkit-text-stroke-width: 0px; text-decoration: none\"><span class=\"s2\" style=\"line-height: 14.4px; font-size: 12px; font-family: Helvetica; color: rgb(51, 51, 51)\">\u201eDie Entscheidung, dass kein Verkehrsnotstand in diesem Bereich vorliegt und Sanierungsma\u00dfnahmen in den n\u00e4chsten Jahren nicht geplant sind, entt\u00e4uscht nicht nur die 426 Teilnehmer der Petition, die vor einigen Tagen an den Pr\u00e4sidenten Heiko Durth \u00fcbergeben wurde, sondern auch alle Verkehrsteilnehmer in Linsengericht und Umgebung\u201c, so BGL-FWG Gemeindevorstandsmitglied Sebastian Dein aus Altenha\u00dflau.<\/span><\/p>\n<p class=\"s15\" style=\"margin-top: 0px; margin-bottom: 9px; line-height: 1.2; text-align: justify; caret-color: rgb(0, 0, 0); color: rgb(0, 0, 0); font-family: -webkit-standard; font-size: 18px; font-style: normal; font-variant-caps: normal; font-weight: 400; letter-spacing: normal; orphans: auto; text-indent: 0px; text-transform: none; white-space: normal; widows: auto; word-spacing: 0px; -webkit-tap-highlight-color: rgba(26, 26, 26, 0.3); -webkit-text-size-adjust: none; -webkit-text-stroke-width: 0px; text-decoration: none\"><span class=\"s2\" style=\"line-height: 14.4px; font-size: 12px; font-family: Helvetica; color: rgb(51, 51, 51)\">\u201eDie Argumentation, dass nach erneuter Pr\u00fcfung der aktuelle Stra\u00dfenzustand nicht dazu f\u00fchrt, dass dieser Streckenabschnitt im j\u00e4hrlichen Landesstra\u00dfenbauprogramm ber\u00fccksichtigt wird, ist nicht verst\u00e4ndlich und l\u00e4sst an der Qualit\u00e4t des Pr\u00fcfungsverfahrens zweifeln\u201c, so die Freien W\u00e4hler aus Linsengericht. \u201eDer Hinweis, dass die Stra\u00dfenmeisterei W\u00e4chtersbach im Rahmen des Betriebs- und Unterhaltungsdienstes auch weiterhin alle erforderlichen Ma\u00dfnahmen ergreifen wird, um die Ortsdurchfahrt verkehrssicher zu halten, klingt an dieser Stelle zynisch\u201c, so BGL-FWG Ortsbeiratsmitglied Albert Orgas aus Altenha\u00dflau.<\/span><\/p>\n<p class=\"s15\" style=\"margin-top: 0px; margin-bottom: 9px; line-height: 1.2; text-align: justify; caret-color: rgb(0, 0, 0); color: rgb(0, 0, 0); font-family: -webkit-standard; font-size: 18px; font-style: normal; font-variant-caps: normal; font-weight: 400; letter-spacing: normal; orphans: auto; text-indent: 0px; text-transform: none; white-space: normal; widows: auto; word-spacing: 0px; -webkit-tap-highlight-color: rgba(26, 26, 26, 0.3); -webkit-text-size-adjust: none; -webkit-text-stroke-width: 0px; text-decoration: none\"><span class=\"s2\" style=\"line-height: 14.4px; font-size: 12px; font-family: Helvetica; color: rgb(51, 51, 51)\">Der Hoffnungsschimmer, dass auch in zuk\u00fcnftigen Dringlichkeitsbewertungen der hessischen Landesstra\u00dfen die Gelnh\u00e4user Stra\u00dfe ber\u00fccksichtigt wird, stellt die Linsengerichter B\u00fcrgerinnen und B\u00fcrger weiterhin auf eine Geduldsprobe. \u201eSeit 2011 weisen wir auf den miserablen Zustand der Gelnh\u00e4user Stra\u00dfe hin und bitten die Verantwortlichen t\u00e4tig zu werden\u201c, erg\u00e4nzt der Fraktionsvorsitzende der B\u00fcrgerliste Heinz Breitenbach. \u201eAus heutiger Sicht scheint die Sache zu einem Dauerbrenner zu werden, wobei eine L\u00f6sung in weite Ferne ger\u00fcckt ist, lautet das Fazit unserer Bem\u00fchungen&#8220;, so Breitenbach abschlie\u00dfend.<\/span><\/p>\n<p class=\"s15\" style=\"margin-top: 0px; margin-bottom: 9px; line-height: 1.2; text-align: justify; caret-color: rgb(0, 0, 0); color: rgb(0, 0, 0); font-family: -webkit-standard; font-size: 18px; font-style: normal; font-variant-caps: normal; font-weight: 400; letter-spacing: normal; orphans: auto; text-indent: 0px; text-transform: none; white-space: normal; widows: auto; word-spacing: 0px; -webkit-tap-highlight-color: rgba(26, 26, 26, 0.3); -webkit-text-size-adjust: none; -webkit-text-stroke-width: 0px; text-decoration: none\"><span class=\"s2\" style=\"line-height: 14.4px; font-size: 12px; font-family: Helvetica; color: rgb(51, 51, 51)\"><img loading=\"lazy\" decoding=\"async\" src=\"https:\/\/www.buergerliste-linsengericht.de\/wp-content\/uploads\/2023\/10\/img_0038-3.jpg\" class=\"size-full wp-image-1803\" width=\"1307\" height=\"858\" srcset=\"https:\/\/www.buergerliste-linsengericht.de\/wp-content\/uploads\/2023\/10\/img_0038-3.jpg 1307w, https:\/\/www.buergerliste-linsengericht.de\/wp-content\/uploads\/2023\/10\/img_0038-3-1280x840.jpg 1280w, https:\/\/www.buergerliste-linsengericht.de\/wp-content\/uploads\/2023\/10\/img_0038-3-980x643.jpg 980w, https:\/\/www.buergerliste-linsengericht.de\/wp-content\/uploads\/2023\/10\/img_0038-3-480x315.jpg 480w\" sizes=\"(min-width: 0px) and (max-width: 480px) 480px, (min-width: 481px) and (max-width: 980px) 980px, (min-width: 981px) and (max-width: 1280px) 1280px, (min-width: 1281px) 1307px, 100vw\" \/><\/span><\/p>\n<p class=\"s15\" style=\"margin-top: 0px; margin-bottom: 9px; line-height: 1.2; text-align: justify; caret-color: rgb(0, 0, 0); color: rgb(0, 0, 0); font-family: -webkit-standard; font-size: 18px; font-style: normal; font-variant-caps: normal; font-weight: 400; letter-spacing: normal; orphans: auto; text-indent: 0px; text-transform: none; white-space: normal; widows: auto; word-spacing: 0px; -webkit-tap-highlight-color: rgba(26, 26, 26, 0.3); -webkit-text-size-adjust: none; -webkit-text-stroke-width: 0px; text-decoration: none\"><span class=\"s2\" style=\"line-height: 14.4px; font-size: 12px; font-family: Helvetica; color: rgb(51, 51, 51)\">Flickenteppich nach Arbeitseinsatz der Strassenmeisterei W\u00e4chtersbach <\/span><\/p>\n","protected":false},"excerpt":{"rendered":"<p>Die Sanierung der L 2306 &#8211; Gelnh\u00e4user Stra\u00dfe &#8211; in Altenha\u00dflau wurde von Hessen Mobil abgelehnt. Das&nbsp;teilte die B\u00fcrgerliste-FWG in einer Pressemitteilung mit. \u201eDie Antwort von Hessen-Mobil Stra\u00dfen- und Verkehrsmanagement in Wiesbaden ist f\u00fcr alle Nutzer dieses Streckenabschnittes in Altenha\u00dflau mehr als unverst\u00e4ndlich und wirft Fragen auf insbesondere im Hinblick auf das weitere Vorgehen von [&hellip;]<\/p>\n","protected":false},"author":2,"featured_media":1798,"comment_status":"closed","ping_status":"closed","sticky":false,"template":"","format":"standard","meta":{"_et_pb_use_builder":"","_et_pb_old_content":"","_et_gb_content_width":"","footnotes":""},"categories":[23],"tags":[29,26,27,24,28],"class_list":["post-1804","post","type-post","status-publish","format-standard","has-post-thumbnail","hentry","category-presse-2023","tag-flickenteppich","tag-gelnhaeuser-strasse","tag-hessen-mobil","tag-linsengericht","tag-strassenmeisterei"],"_links":{"self":[{"href":"https:\/\/www.buergerliste-linsengericht.de\/index.php\/wp-json\/wp\/v2\/posts\/1804","targetHints":{"allow":["GET"]}}],"collection":[{"href":"https:\/\/www.buergerliste-linsengericht.de\/index.php\/wp-json\/wp\/v2\/posts"}],"about":[{"href":"https:\/\/www.buergerliste-linsengericht.de\/index.php\/wp-json\/wp\/v2\/types\/post"}],"author":[{"embeddable":true,"href":"https:\/\/www.buergerliste-linsengericht.de\/index.php\/wp-json\/wp\/v2\/users\/2"}],"replies":[{"embeddable":true,"href":"https:\/\/www.buergerliste-linsengericht.de\/index.php\/wp-json\/wp\/v2\/comments?post=1804"}],"version-history":[{"count":1,"href":"https:\/\/www.buergerliste-linsengericht.de\/index.php\/wp-json\/wp\/v2\/posts\/1804\/revisions"}],"predecessor-version":[{"id":1805,"href":"https:\/\/www.buergerliste-linsengericht.de\/index.php\/wp-json\/wp\/v2\/posts\/1804\/revisions\/1805"}],"wp:featuredmedia":[{"embeddable":true,"href":"https:\/\/www.buergerliste-linsengericht.de\/index.php\/wp-json\/wp\/v2\/media\/1798"}],"wp:attachment":[{"href":"https:\/\/www.buergerliste-linsengericht.de\/index.php\/wp-json\/wp\/v2\/media?parent=1804"}],"wp:term":[{"taxonomy":"category","embeddable":true,"href":"https:\/\/www.buergerliste-linsengericht.de\/index.php\/wp-json\/wp\/v2\/categories?post=1804"},{"taxonomy":"post_tag","embeddable":true,"href":"https:\/\/www.buergerliste-linsengericht.de\/index.php\/wp-json\/wp\/v2\/tags?post=1804"}],"curies":[{"name":"wp","href":"https:\/\/api.w.org\/{rel}","templated":true}]}}