{"id":1796,"date":"2023-10-23T11:32:17","date_gmt":"2023-10-23T09:32:17","guid":{"rendered":"https:\/\/www.buergerliste-linsengericht.de\/?p=1796"},"modified":"2023-11-02T06:39:31","modified_gmt":"2023-11-02T05:39:31","slug":"linsengerichter-delegation-uebergibt-petition-zur-sanierung-der-gelnhaeuser-strasse-in-wiesbaden","status":"publish","type":"post","link":"https:\/\/www.buergerliste-linsengericht.de\/index.php\/2023\/10\/23\/linsengerichter-delegation-uebergibt-petition-zur-sanierung-der-gelnhaeuser-strasse-in-wiesbaden\/","title":{"rendered":"Linsengerichter Delegation \u00fcbergibt Petition zur Sanierung der Gelnh\u00e4user Stra\u00dfe in Wiesbaden"},"content":{"rendered":"\n<p>Sechs Mitglieder der Gemeindegremien mit B\u00fcrgermeister Albert Ungermann an der Spitze stattetenk\u00fcrzlich dem Pr\u00e4sidenten von Hessen Mobil, Heiko Durth, in dessen Zentrale in Wiesbaden einen Besuch ab, um die 426 Unterst\u00fctzerunterschriften zur Sanierung der Gelnh\u00e4user Stra\u00dfe in Altenha\u00dflau zu \u00fcberreichen.<\/p>\n\n\n\n<p>Zuvor hatten&nbsp;sich&nbsp;die heimischen Freien W\u00e4hler&nbsp;von der B\u00fcrgerliste&nbsp;Linsengericht&nbsp;auf Initiative&nbsp;ihres&nbsp;Gemeindevertreters&nbsp;Ruben&nbsp;Hundhausen&nbsp;seit&nbsp;M\u00e4rz diesen Jahres mit der&nbsp;Petition an&nbsp;die \u00d6ffentlichkeit gewandt,&nbsp;um&nbsp;der Thematik in&nbsp;der&nbsp;Hessischen&nbsp;Landeshauptstadt&nbsp;mehr&nbsp;Nachdruck zu verleihen.<\/p>\n\n\n\n<p>Wie&nbsp;Ortsbeiratsmitglied&nbsp;Albert Orgas&nbsp;und Gemeindevorstandsmitglied Sebastian Dein aus Altenha\u00dflau berichteten, hatte sich die BGL&nbsp;bereits seit dem Jahr 2011&nbsp;regelm\u00e4\u00dfig&nbsp;mit der Thematik befasst und&nbsp;mehrmals&nbsp;auf die&nbsp;j\u00e4hrlich schlimmer werdenden Sch\u00e4den aufmerksam gemacht, die zumeist&nbsp;\u2013&nbsp;wie&nbsp;auch&nbsp;aktuell wieder in diesem Sommer&nbsp;\u2013&nbsp;nur&nbsp;rudiment\u00e4r&nbsp;durch die Stra\u00dfenmeisterei behoben wurden,&nbsp;es&nbsp;aber eigentlich einer&nbsp;grundhaften Sanierung der Stra\u00dfe bedarf.<\/p>\n\n\n\n<p>Heiko Durth&nbsp;erl\u00e4uterte der&nbsp;Linsengerichter&nbsp;Delegation, die durch&nbsp;Gemeindevorstandsmitglied Astrid Rost und SPD-Ortsvereinsvorsitzende Karin Eichhorn&nbsp;komplettiert wurde, dass seine Beh\u00f6rde&nbsp;unter anderem&nbsp;\u00fcber 7.000 Kilometer&nbsp;Landesstra\u00dfennetz in Hessen&nbsp;unterh\u00e4lt, zu dem auch die Gelnh\u00e4user Stra\u00dfe&nbsp;in Altenha\u00dflau z\u00e4hlt.&nbsp;Hessen Mobil&nbsp;untersteht&nbsp;hierbei&nbsp;organisatorisch&nbsp;dem&nbsp;<a href=\"https:\/\/de.wikipedia.org\/wiki\/Hessisches_Ministerium_f%C3%BCr_Wirtschaft,_Energie,_Verkehr_und_Wohnen \\o \">Hessischen Ministerium f\u00fcr Wirtschaft, Energie, Verkehr und Wohnen<\/a>.<\/p>\n\n\n\n<p>Gro\u00dfe Hoffnungen&nbsp;auf eine baldige Sanierung&nbsp;konnte Durth&nbsp;am Rande des Termins&nbsp;freilich&nbsp;noch&nbsp;nicht machen, dennoch zeigten sich die Linsengerichter Kommunalpolitikerinnen&nbsp;und -politiker zuversichtlich,&nbsp;einen n\u00e4chsten&nbsp;wichtigen Schritt&nbsp;in diesem Projekt&nbsp;getan zu haben,&nbsp;welches&nbsp;in den n\u00e4chsten Wochen und Monaten vor der&nbsp;Landtagswahl&nbsp;auch den&nbsp;heimischen Landtagskandidaten&nbsp;noch einmal n\u00e4hergebracht und verdeutlicht&nbsp;werden soll.<\/p>\n\n\n\n<p>&nbsp;<\/p>\n\n\n\n<p>Bild von links: Sebastian Dein, Albert Ungermann, Astrid Rost, Ruben Hundhausen, Heiko Durth,Albert Orgas und Karin Eichhorn<\/p>\n\n\n\n<figure class=\"wp-block-image size-large\"><img loading=\"lazy\" decoding=\"async\" width=\"1989\" height=\"1492\" src=\"https:\/\/www.buergerliste-linsengericht.de\/wp-content\/uploads\/2023\/10\/img_0037-1.jpg\" alt=\"\" class=\"wp-image-1795\" srcset=\"https:\/\/www.buergerliste-linsengericht.de\/wp-content\/uploads\/2023\/10\/img_0037-1.jpg 1989w, https:\/\/www.buergerliste-linsengericht.de\/wp-content\/uploads\/2023\/10\/img_0037-1-1280x960.jpg 1280w, https:\/\/www.buergerliste-linsengericht.de\/wp-content\/uploads\/2023\/10\/img_0037-1-980x735.jpg 980w, https:\/\/www.buergerliste-linsengericht.de\/wp-content\/uploads\/2023\/10\/img_0037-1-480x360.jpg 480w\" sizes=\"(min-width: 0px) and (max-width: 480px) 480px, (min-width: 481px) and (max-width: 980px) 980px, (min-width: 981px) and (max-width: 1280px) 1280px, (min-width: 1281px) 1989px, 100vw\" \/><\/figure>\n","protected":false},"excerpt":{"rendered":"<p>Sechs Mitglieder der Gemeindegremien mit B\u00fcrgermeister Albert Ungermann an der Spitze stattetenk\u00fcrzlich dem Pr\u00e4sidenten von Hessen Mobil, Heiko Durth, in dessen Zentrale in Wiesbaden einen Besuch ab, um die 426 Unterst\u00fctzerunterschriften zur Sanierung der Gelnh\u00e4user Stra\u00dfe in Altenha\u00dflau zu \u00fcberreichen. Zuvor hatten&nbsp;sich&nbsp;die heimischen Freien W\u00e4hler&nbsp;von der B\u00fcrgerliste&nbsp;Linsengericht&nbsp;auf Initiative&nbsp;ihres&nbsp;Gemeindevertreters&nbsp;Ruben&nbsp;Hundhausen&nbsp;seit&nbsp;M\u00e4rz diesen Jahres mit der&nbsp;Petition an&nbsp;die \u00d6ffentlichkeit gewandt,&nbsp;um&nbsp;der [&hellip;]<\/p>\n","protected":false},"author":2,"featured_media":1795,"comment_status":"closed","ping_status":"closed","sticky":false,"template":"","format":"standard","meta":{"_et_pb_use_builder":"","_et_pb_old_content":"","_et_gb_content_width":"","footnotes":""},"categories":[23],"tags":[26,27,24,25],"class_list":["post-1796","post","type-post","status-publish","format-standard","has-post-thumbnail","hentry","category-presse-2023","tag-gelnhaeuser-strasse","tag-hessen-mobil","tag-linsengericht","tag-petition"],"_links":{"self":[{"href":"https:\/\/www.buergerliste-linsengericht.de\/index.php\/wp-json\/wp\/v2\/posts\/1796","targetHints":{"allow":["GET"]}}],"collection":[{"href":"https:\/\/www.buergerliste-linsengericht.de\/index.php\/wp-json\/wp\/v2\/posts"}],"about":[{"href":"https:\/\/www.buergerliste-linsengericht.de\/index.php\/wp-json\/wp\/v2\/types\/post"}],"author":[{"embeddable":true,"href":"https:\/\/www.buergerliste-linsengericht.de\/index.php\/wp-json\/wp\/v2\/users\/2"}],"replies":[{"embeddable":true,"href":"https:\/\/www.buergerliste-linsengericht.de\/index.php\/wp-json\/wp\/v2\/comments?post=1796"}],"version-history":[{"count":1,"href":"https:\/\/www.buergerliste-linsengericht.de\/index.php\/wp-json\/wp\/v2\/posts\/1796\/revisions"}],"predecessor-version":[{"id":1797,"href":"https:\/\/www.buergerliste-linsengericht.de\/index.php\/wp-json\/wp\/v2\/posts\/1796\/revisions\/1797"}],"wp:featuredmedia":[{"embeddable":true,"href":"https:\/\/www.buergerliste-linsengericht.de\/index.php\/wp-json\/wp\/v2\/media\/1795"}],"wp:attachment":[{"href":"https:\/\/www.buergerliste-linsengericht.de\/index.php\/wp-json\/wp\/v2\/media?parent=1796"}],"wp:term":[{"taxonomy":"category","embeddable":true,"href":"https:\/\/www.buergerliste-linsengericht.de\/index.php\/wp-json\/wp\/v2\/categories?post=1796"},{"taxonomy":"post_tag","embeddable":true,"href":"https:\/\/www.buergerliste-linsengericht.de\/index.php\/wp-json\/wp\/v2\/tags?post=1796"}],"curies":[{"name":"wp","href":"https:\/\/api.w.org\/{rel}","templated":true}]}}