{"id":1782,"date":"2023-09-08T06:41:40","date_gmt":"2023-09-08T04:41:40","guid":{"rendered":"https:\/\/www.buergerliste-linsengericht.de\/?p=1782"},"modified":"2023-10-29T13:36:24","modified_gmt":"2023-10-29T12:36:24","slug":"teekueche-im-hasenheim-eingebaut-geislitzer-vereine-und-buerger-koennen-sich-freuen","status":"publish","type":"post","link":"https:\/\/www.buergerliste-linsengericht.de\/index.php\/2023\/09\/08\/teekueche-im-hasenheim-eingebaut-geislitzer-vereine-und-buerger-koennen-sich-freuen\/","title":{"rendered":"Teek\u00fcche im Hasenheim eingebaut &#8211; Geislitzer Vereine und B\u00fcrger k\u00f6nnen sich freuen"},"content":{"rendered":"<p>[et_pb_section admin_label=&#8220;section&#8220;]<br \/>\n[et_pb_row admin_label=&#8220;row&#8220;]<br \/>\n[et_pb_column type=&#8220;4_4&#8243;][et_pb_text admin_label=&#8220;Text&#8220;]<\/p>\n<p class=\"s3\"><span class=\"s2\"><strong>Teek\u00fcche im Hasenheim eingebaut<\/strong><\/span><span class=\"s2\"><strong> &#8211; <\/strong><\/span><span class=\"s2\"><strong>Geislitzer Vereine und B\u00fcrger k\u00f6nnen sich freuen<\/strong><\/span><\/p>\n<p class=\"s4\"><span class=\"s5\">Einige<\/span><span class=\"s5\"> Mitglieder der B\u00fcrgerliste\/FWG Linsengericht <\/span><span class=\"s5\">statteten<\/span><span class=\"s5\"> k\u00fcrzlich<\/span><span class=\"s5\"> dem <\/span><span class=\"s5\">Vereinsheim des Kaninchenzuchtvereins einen Besuch <\/span><span class=\"s5\">ab<\/span><span class=\"s5\">, d<\/span><span class=\"s5\">enn <\/span><span class=\"s5\">in <\/span><span class=\"s5\">Geislitz<\/span><span class=\"s5\"> wurde in den letzten Wochen <\/span><span class=\"s5\">flei\u00dfig gewerkelt<\/span><span class=\"s5\">: <\/span><span class=\"s5\">Kur<\/span><span class=\"s5\">t<\/span><span class=\"s5\"> Brand<\/span><span class=\"s5\">es<\/span><span class=\"s5\">, <\/span><span class=\"s5\">Norbert Viehmann, <\/span><span class=\"s5\">W<\/span><span class=\"s5\">e<\/span><span class=\"s5\">rner <\/span><span class=\"s5\">Wo<\/span><span class=\"s5\">lff, <\/span><span class=\"s5\">Udo H\u00f6flich und weitere <\/span><span class=\"s5\">Mitglieder des Ve<\/span><span class=\"s5\">reines haben gemeinsam mit <\/span><span class=\"s5\">Mitarbeitern der <\/span><span class=\"s5\">ERWE<\/span><span class=\"s5\"> GmbH Gro\u00dfk\u00fcchentechnik<\/span><span class=\"s5\"> die neue K<\/span><span class=\"s5\">\u00fcchenausstattung aufgebaut und <\/span><span class=\"s5\">in Be<\/span><span class=\"s5\">trieb genommen.<\/span><\/p>\n<p class=\"s4\"><span class=\"s5\">Zuvor hatte<\/span><span class=\"s5\">n die heimischen F<\/span><span class=\"s5\">rei<\/span><span class=\"s5\">en W\u00e4hler <\/span><span class=\"s5\">sich seit Anfan<\/span><span class=\"s5\">g <\/span><span class=\"s5\">2020 <\/span><span class=\"s5\">im Ortsbeirat Geislitz und in der Gemeindevertretung <\/span><span class=\"s5\">daf\u00fcr eingesetzt, Gelder f\u00fcr dies<\/span><span class=\"s5\">es Projekt im gemeind<\/span><span class=\"s5\">lichen Haushalt bereitzustellen, was nun <\/span><span class=\"s5\">im Haushalt<\/span><span class=\"s5\">splan<\/span><span class=\"s5\"> 2023 <\/span><span class=\"s5\">ge<\/span><span class=\"s5\">lungen <\/span><span class=\"s5\">ist.<\/span> <span class=\"s5\">Gerne packte daher auch Annette Braun als <\/span><span class=\"s5\">Geis<\/span><span class=\"s5\">l<\/span><span class=\"s5\">itzer <\/span><span class=\"s5\">Ortsbeiratsmitglied bei den A<\/span><span class=\"s5\">r<\/span><span class=\"s5\">beiten <\/span><span class=\"s5\">mit an. <\/span><span class=\"s5\">Ganz ohne H\u00fcrden verlief d<\/span><span class=\"s5\">ie Sanierung des K\u00fc<\/span><span class=\"s5\">chentrakt<\/span><span class=\"s5\">e<\/span><span class=\"s5\">s <\/span><span class=\"s5\">je<\/span><span class=\"s5\">doch nic<\/span><span class=\"s5\">ht:<\/span><\/p>\n<p class=\"s4\"><span class=\"s5\">\u201e<\/span><span class=\"s5\">Ein gro\u00dfer Dan<\/span><span class=\"s5\">k geht <\/span><span class=\"s5\">diesbez\u00fcgli<\/span><span class=\"s5\">ch <\/span><span class=\"s5\">an Frau Dirlam, Frau R<\/span><span class=\"s5\">oth<\/span><span class=\"s5\"> und Herrn Krieg vom <\/span><span class=\"s5\">Linsengerichter <\/span><span class=\"s5\">Bauamt, sowie die Mitarbeiter des Bauhofes<\/span><span class=\"s5\">, die <\/span><span class=\"s5\">an der Ma\u00dfnahme beteiligt waren <\/span><span class=\"s5\">und <\/span><span class=\"s5\">kurzfristig und k<\/span><span class=\"s5\">ompetent mithalfen, <\/span><span class=\"s5\">als es galt, <\/span><span class=\"s5\">einig<\/span><span class=\"s5\">e hinter dem al<\/span><span class=\"s5\">ten Mobiliar aufgetauchte S<\/span><span class=\"s5\">ch\u00e4den an einer Innen<\/span><span class=\"s5\">wand des <\/span><span class=\"s5\">Geisli<\/span><span class=\"s5\">t<\/span><span class=\"s5\">zer Pavillons zu sanieren<\/span><span class=\"s5\">\u201c<\/span><span class=\"s5\">, so Udo H<\/span><span class=\"s5\">\u00f6flich<\/span><span class=\"s5\">.<\/span><\/p>\n<p class=\"s4\"><span class=\"s5\">Er berichtet<\/span><span class=\"s5\">e<\/span><span class=\"s5\"> bei dem Besuch<\/span><span class=\"s5\"> zudem<\/span><span class=\"s5\">, dass noch einige weitere Arbeitseins<\/span><span class=\"s5\">\u00e4tze de<\/span><span class=\"s5\">r Ver<\/span><span class=\"s5\">einsmitglieder geplant seien, um die letzten Arbeiten abzuschlie<\/span><span class=\"s5\">\u00dfen<\/span><span class=\"s5\"> und innerhalb des Geb\u00e4udes noch eine Aufr\u00e4umaktion durchzuf\u00fchren, bevor es <\/span><span class=\"s5\">endg\u00fcltig <\/span><span class=\"s5\">in neuem Glanz erstrah<\/span><span class=\"s5\">lt<\/span><span class=\"s5\">.<\/span><\/p>\n<p class=\"s4\"><span class=\"s5\">Neben einem neuen Herd, robusten Edelstahl<\/span><span class=\"s5\">schr\u00e4nke<\/span><span class=\"s5\">n<\/span><span class=\"s5\">, neuen Kaffee<\/span><span class=\"s5\">maschinen<\/span><span class=\"s5\"> und neuen K<\/span><span class=\"s5\">\u00fchlschr\u00e4nken kommt a<\/span><span class=\"s5\">b sofort auch eine moderne <\/span><span class=\"s5\">Gastrono<\/span><span class=\"s5\">m<\/span><span class=\"s5\">ies<\/span><span class=\"s5\">p\u00fclmaschine zum Einsatz, die es erlaubt, gr\u00f6\u00dfere Mengen Geschirr in sehr kurzer Zeit zu reinige<\/span><span class=\"s5\">n<\/span><span class=\"s5\">,<\/span><span class=\"s5\"> was <\/span><span class=\"s5\">w<\/span><span class=\"s5\">\u00e4hrend und nach <\/span><span class=\"s5\">den verschiedensten <\/span><span class=\"s5\">Veranstaltungen<\/span><span class=\"s5\"> v<\/span><span class=\"s5\">on Privatle<\/span><span class=\"s5\">uten und Vereinen <\/span><span class=\"s5\">im Geb\u00e4ude <\/span><span class=\"s5\">schnelle<\/span><span class=\"s5\"> und eff<\/span><span class=\"s5\">iziente Arbeitsa<\/span><span class=\"s5\">bl\u00e4ufe <\/span><span class=\"s5\">der ehrenamtliche<\/span><span class=\"s5\">n Helfer <\/span><span class=\"s5\">erm\u00f6glicht.<\/span><\/p>\n<p class=\"s4\"><span class=\"s5\">BGL-Gemeindevorstandsmitglied Sebastian Dein und <\/span><span class=\"s5\">die<\/span><span class=\"s5\"> beiden <\/span><span class=\"s5\">Fraktionskollegen und <\/span><span class=\"s5\">Gemeindevert<\/span><span class=\"s5\">reter<\/span> <span class=\"s5\">Di<\/span><span class=\"s5\">rk Seybold und Nicole Dein zeigten sich<\/span> <span class=\"s5\">vor Ort <\/span><span class=\"s5\">davon \u00fcberzeugt, dass nach der Toi<\/span><span class=\"s5\">lettensanierung<\/span><span class=\"s5\"> vor einigen Jahren<\/span><span class=\"s5\"> und der Einricht<\/span><span class=\"s5\">ung eines WLAN-Netzes <\/span><span class=\"s5\">vor einigen Monaten <\/span><span class=\"s5\">da<\/span><span class=\"s5\">s Hasenheim durch die neue Teek\u00fcche <\/span><span class=\"s5\">eine weitere Aufwertung erfahren<\/span><span class=\"s5\"> hat, die das Geb\u00e4ude noch attraktiver <\/span><span class=\"s5\">f\u00fcr <\/span><span class=\"s5\">seine <\/span><span class=\"s5\">vielf\u00e4ltige<\/span><span class=\"s5\">n<\/span><span class=\"s5\"> Nutzungen <\/span><span class=\"s5\">macht.<\/span><\/p>\n<p class=\"s4\"><span class=\"s5\">Bild von <\/span><span class=\"s5\">links:<\/span><span class=\"s5\"> Sebastian D<\/span><span class=\"s5\">ein, D<\/span><span class=\"s5\">i<\/span><span class=\"s5\">rk<\/span> <span class=\"s5\">Seybold, Udo<\/span><span class=\"s5\"> H\u00f6flich und Ni<\/span><span class=\"s5\">cole Dein<\/span><\/p>\n<p>[\/et_pb_text][\/et_pb_column]<br \/>\n[\/et_pb_row]<br \/>\n[\/et_pb_section]<\/p>\n","protected":false},"excerpt":{"rendered":"<p>Teek\u00fcche im Hasenheim eingebaut &#8211; Geislitzer Vereine und B\u00fcrger k\u00f6nnen sich freuen Einige Mitglieder der B\u00fcrgerliste\/FWG Linsengericht statteten k\u00fcrzlich dem Vereinsheim des Kaninchenzuchtvereins einen Besuch ab, denn in Geislitz wurde in den letzten Wochen flei\u00dfig gewerkelt: Kurt Brandes, Norbert Viehmann, Werner Wolff, Udo H\u00f6flich und weitere Mitglieder des Vereines haben gemeinsam mit Mitarbeitern der ERWE [&hellip;]<\/p>\n","protected":false},"author":2,"featured_media":1783,"comment_status":"closed","ping_status":"closed","sticky":false,"template":"","format":"standard","meta":{"_et_pb_use_builder":"on","_et_pb_old_content":"<p class=\"s3\"><strong><span class=\"s2\">Teek\u00fcche im Hasenheim eingebaut<\/span><span class=\"s2\"> - <\/span><span class=\"s2\">Geislitzer Vereine und B\u00fcrger k\u00f6nnen sich freuen<\/span><\/strong><\/p>\r\n<p class=\"s4\"><span class=\"s5\">Einige<\/span><span class=\"s5\"> Mitglieder der B\u00fcrgerliste\/FWG Linsengericht <\/span><span class=\"s5\">statteten<\/span><span class=\"s5\"> k\u00fcrzlich<\/span><span class=\"s5\"> dem <\/span><span class=\"s5\">Vereinsheim des Kaninchenzuchtvereins einen Besuch <\/span><span class=\"s5\">ab<\/span><span class=\"s5\">, d<\/span><span class=\"s5\">enn <\/span><span class=\"s5\">in <\/span><span class=\"s5\">Geislitz<\/span><span class=\"s5\"> wurde in den letzten Wochen <\/span><span class=\"s5\">flei\u00dfig gewerkelt<\/span><span class=\"s5\">: <\/span><span class=\"s5\">Kur<\/span><span class=\"s5\">t<\/span><span class=\"s5\"> Brand<\/span><span class=\"s5\">es<\/span><span class=\"s5\">, <\/span><span class=\"s5\">Norbert Viehmann, <\/span><span class=\"s5\">W<\/span><span class=\"s5\">e<\/span><span class=\"s5\">rner <\/span><span class=\"s5\">Wo<\/span><span class=\"s5\">lff, <\/span><span class=\"s5\">Udo H\u00f6flich und weitere <\/span><span class=\"s5\">Mitglieder des Ve<\/span><span class=\"s5\">reines haben gemeinsam mit <\/span><span class=\"s5\">Mitarbeitern der <\/span><span class=\"s5\">ERWE<\/span><span class=\"s5\"> GmbH Gro\u00dfk\u00fcchentechnik<\/span><span class=\"s5\"> die neue K<\/span><span class=\"s5\">\u00fcchenausstattung aufgebaut und <\/span><span class=\"s5\">in Be<\/span><span class=\"s5\">trieb genommen.<\/span><\/p>\r\n<p class=\"s4\"><span class=\"s5\">Zuvor hatte<\/span><span class=\"s5\">n die heimischen F<\/span><span class=\"s5\">rei<\/span><span class=\"s5\">en W\u00e4hler <\/span><span class=\"s5\">sich seit Anfan<\/span><span class=\"s5\">g <\/span><span class=\"s5\">2020 <\/span><span class=\"s5\">im Ortsbeirat Geislitz und in der Gemeindevertretung <\/span><span class=\"s5\">daf\u00fcr eingesetzt, Gelder f\u00fcr dies<\/span><span class=\"s5\">es Projekt im gemeind<\/span><span class=\"s5\">lichen Haushalt bereitzustellen, was nun <\/span><span class=\"s5\">im Haushalt<\/span><span class=\"s5\">splan<\/span><span class=\"s5\"> 2023 <\/span><span class=\"s5\">ge<\/span><span class=\"s5\">lungen <\/span><span class=\"s5\">ist.<\/span> <span class=\"s5\">Gerne packte daher auch Annette Braun als <\/span><span class=\"s5\">Geis<\/span><span class=\"s5\">l<\/span><span class=\"s5\">itzer <\/span><span class=\"s5\">Ortsbeiratsmitglied bei den A<\/span><span class=\"s5\">r<\/span><span class=\"s5\">beiten <\/span><span class=\"s5\">mit an. <\/span><span class=\"s5\">Ganz ohne H\u00fcrden verlief d<\/span><span class=\"s5\">ie Sanierung des K\u00fc<\/span><span class=\"s5\">chentrakt<\/span><span class=\"s5\">e<\/span><span class=\"s5\">s <\/span><span class=\"s5\">je<\/span><span class=\"s5\">doch nic<\/span><span class=\"s5\">ht:<\/span><\/p>\r\n<p class=\"s4\"><span class=\"s5\">\u201e<\/span><span class=\"s5\">Ein gro\u00dfer Dan<\/span><span class=\"s5\">k geht <\/span><span class=\"s5\">diesbez\u00fcgli<\/span><span class=\"s5\">ch <\/span><span class=\"s5\">an Frau Dirlam, Frau R<\/span><span class=\"s5\">oth<\/span><span class=\"s5\"> und Herrn Krieg vom <\/span><span class=\"s5\">Linsengerichter <\/span><span class=\"s5\">Bauamt, sowie die Mitarbeiter des Bauhofes<\/span><span class=\"s5\">, die <\/span><span class=\"s5\">an der Ma\u00dfnahme beteiligt waren <\/span><span class=\"s5\">und <\/span><span class=\"s5\">kurzfristig und k<\/span><span class=\"s5\">ompetent mithalfen, <\/span><span class=\"s5\">als es galt, <\/span><span class=\"s5\">einig<\/span><span class=\"s5\">e hinter dem al<\/span><span class=\"s5\">ten Mobiliar aufgetauchte S<\/span><span class=\"s5\">ch\u00e4den an einer Innen<\/span><span class=\"s5\">wand des <\/span><span class=\"s5\">Geisli<\/span><span class=\"s5\">t<\/span><span class=\"s5\">zer Pavillons zu sanieren<\/span><span class=\"s5\">\u201c<\/span><span class=\"s5\">, so Udo H<\/span><span class=\"s5\">\u00f6flich<\/span><span class=\"s5\">.<\/span><\/p>\r\n<p class=\"s4\"><span class=\"s5\">Er berichtet<\/span><span class=\"s5\">e<\/span><span class=\"s5\"> bei dem Besuch<\/span><span class=\"s5\"> zudem<\/span><span class=\"s5\">, dass noch einige weitere Arbeitseins<\/span><span class=\"s5\">\u00e4tze de<\/span><span class=\"s5\">r Ver<\/span><span class=\"s5\">einsmitglieder geplant seien, um die letzten Arbeiten abzuschlie<\/span><span class=\"s5\">\u00dfen<\/span><span class=\"s5\"> und innerhalb des Geb\u00e4udes noch eine Aufr\u00e4umaktion durchzuf\u00fchren, bevor es <\/span><span class=\"s5\">endg\u00fcltig <\/span><span class=\"s5\">in neuem Glanz erstrah<\/span><span class=\"s5\">lt<\/span><span class=\"s5\">.<\/span><\/p>\r\n<p class=\"s4\"><span class=\"s5\">Neben einem neuen Herd, robusten Edelstahl<\/span><span class=\"s5\">schr\u00e4nke<\/span><span class=\"s5\">n<\/span><span class=\"s5\">, neuen Kaffee<\/span><span class=\"s5\">maschinen<\/span><span class=\"s5\"> und neuen K<\/span><span class=\"s5\">\u00fchlschr\u00e4nken kommt a<\/span><span class=\"s5\">b sofort auch eine moderne <\/span><span class=\"s5\">Gastrono<\/span><span class=\"s5\">m<\/span><span class=\"s5\">ies<\/span><span class=\"s5\">p\u00fclmaschine zum Einsatz, die es erlaubt, gr\u00f6\u00dfere Mengen Geschirr in sehr kurzer Zeit zu reinige<\/span><span class=\"s5\">n<\/span><span class=\"s5\">,<\/span><span class=\"s5\"> was <\/span><span class=\"s5\">w<\/span><span class=\"s5\">\u00e4hrend und nach <\/span><span class=\"s5\">den verschiedensten <\/span><span class=\"s5\">Veranstaltungen<\/span><span class=\"s5\"> v<\/span><span class=\"s5\">on Privatle<\/span><span class=\"s5\">uten und Vereinen <\/span><span class=\"s5\">im Geb\u00e4ude <\/span><span class=\"s5\">schnelle<\/span><span class=\"s5\"> und eff<\/span><span class=\"s5\">iziente Arbeitsa<\/span><span class=\"s5\">bl\u00e4ufe <\/span><span class=\"s5\">der ehrenamtliche<\/span><span class=\"s5\">n Helfer <\/span><span class=\"s5\">erm\u00f6glicht.<\/span><\/p>\r\n<p class=\"s4\"><span class=\"s5\">BGL-Gemeindevorstandsmitglied Sebastian Dein und <\/span><span class=\"s5\">die<\/span><span class=\"s5\"> beiden <\/span><span class=\"s5\">Fraktionskollegen und <\/span><span class=\"s5\">Gemeindevert<\/span><span class=\"s5\">reter<\/span> <span class=\"s5\">Di<\/span><span class=\"s5\">rk Seybold und Nicole Dein zeigten sich<\/span> <span class=\"s5\">vor Ort <\/span><span class=\"s5\">davon \u00fcberzeugt, dass nach der Toi<\/span><span class=\"s5\">lettensanierung<\/span><span class=\"s5\"> vor einigen Jahren<\/span><span class=\"s5\"> und der Einricht<\/span><span class=\"s5\">ung eines WLAN-Netzes <\/span><span class=\"s5\">vor einigen Monaten <\/span><span class=\"s5\">da<\/span><span class=\"s5\">s Hasenheim durch die neue Teek\u00fcche <\/span><span class=\"s5\">eine weitere Aufwertung erfahren<\/span><span class=\"s5\"> hat, die das Geb\u00e4ude noch attraktiver <\/span><span class=\"s5\">f\u00fcr <\/span><span class=\"s5\">seine <\/span><span class=\"s5\">vielf\u00e4ltige<\/span><span class=\"s5\">n<\/span><span class=\"s5\"> Nutzungen <\/span><span class=\"s5\">macht.<\/span><\/p>\r\n<p class=\"s4\"><span class=\"s5\">Bild von <\/span><span class=\"s5\">links:<\/span><span class=\"s5\"> Sebastian D<\/span><span class=\"s5\">ein, D<\/span><span class=\"s5\">i<\/span><span class=\"s5\">rk<\/span> <span class=\"s5\">Seybold, Udo<\/span><span class=\"s5\"> H\u00f6flich und Ni<\/span><span class=\"s5\">cole Dein<\/span><\/p>","_et_gb_content_width":"","footnotes":""},"categories":[23],"tags":[],"class_list":["post-1782","post","type-post","status-publish","format-standard","has-post-thumbnail","hentry","category-presse-2023"],"_links":{"self":[{"href":"https:\/\/www.buergerliste-linsengericht.de\/index.php\/wp-json\/wp\/v2\/posts\/1782","targetHints":{"allow":["GET"]}}],"collection":[{"href":"https:\/\/www.buergerliste-linsengericht.de\/index.php\/wp-json\/wp\/v2\/posts"}],"about":[{"href":"https:\/\/www.buergerliste-linsengericht.de\/index.php\/wp-json\/wp\/v2\/types\/post"}],"author":[{"embeddable":true,"href":"https:\/\/www.buergerliste-linsengericht.de\/index.php\/wp-json\/wp\/v2\/users\/2"}],"replies":[{"embeddable":true,"href":"https:\/\/www.buergerliste-linsengericht.de\/index.php\/wp-json\/wp\/v2\/comments?post=1782"}],"version-history":[{"count":5,"href":"https:\/\/www.buergerliste-linsengericht.de\/index.php\/wp-json\/wp\/v2\/posts\/1782\/revisions"}],"predecessor-version":[{"id":1828,"href":"https:\/\/www.buergerliste-linsengericht.de\/index.php\/wp-json\/wp\/v2\/posts\/1782\/revisions\/1828"}],"wp:featuredmedia":[{"embeddable":true,"href":"https:\/\/www.buergerliste-linsengericht.de\/index.php\/wp-json\/wp\/v2\/media\/1783"}],"wp:attachment":[{"href":"https:\/\/www.buergerliste-linsengericht.de\/index.php\/wp-json\/wp\/v2\/media?parent=1782"}],"wp:term":[{"taxonomy":"category","embeddable":true,"href":"https:\/\/www.buergerliste-linsengericht.de\/index.php\/wp-json\/wp\/v2\/categories?post=1782"},{"taxonomy":"post_tag","embeddable":true,"href":"https:\/\/www.buergerliste-linsengericht.de\/index.php\/wp-json\/wp\/v2\/tags?post=1782"}],"curies":[{"name":"wp","href":"https:\/\/api.w.org\/{rel}","templated":true}]}}