{"id":1752,"date":"2022-09-29T19:55:48","date_gmt":"2022-09-29T17:55:48","guid":{"rendered":"https:\/\/www.buergerliste-linsengericht.de\/?p=1752"},"modified":"2025-04-18T18:50:48","modified_gmt":"2025-04-18T16:50:48","slug":"kunstweg-helfer-fuer-wiederaufbau-gesucht","status":"publish","type":"post","link":"https:\/\/www.buergerliste-linsengericht.de\/index.php\/2022\/09\/29\/kunstweg-helfer-fuer-wiederaufbau-gesucht\/","title":{"rendered":"Kunstweg. Helfer f\u00fcr Wiederaufbau gesucht"},"content":{"rendered":"\r\n<p>Ruben Hundhausen bitte im Eidenges\u00e4\u00dfer Ortsbeirat um Unterst\u00fctzung<\/p>\r\n\r\n<div class=\"l7ghb35v kjdc1dyq kmwttqpk gh25dzvf jikcssrz n3t5jt4f\">\r\n<div dir=\"auto\">Linsengericht-Eidenges\u00e4\u00df (jol). \u201eWir brauchen Hilfe, um den Kunstweg f\u00fcr die Zukunft zu erhalten\u201c, wandte sich Ruben Hundhausen (BGL) am Donnerstagabend an den Eidenges\u00e4\u00dfer Ortsbeirat. Aktuell wurden alle Werke abger\u00e4umt, um den Weg f\u00fcr das F\u00e4llen von B\u00e4umen frei zu machen. Der Wiederaufbau werde sich schwierig gestalten.<\/div>\r\n<\/div>\r\n<div class=\"l7ghb35v kjdc1dyq kmwttqpk gh25dzvf jikcssrz n3t5jt4f\">\r\n<div dir=\"auto\">Vor mehr als elf Jahren initiierte der ehemalige Pfarrer Volkmar Hundhausen den Kunstweg oberhalb des Dorfes. Seitdem sorgen die im Wald eingebetteten Kunstwerke f\u00fcr sehr viel Freude und locken immer neue Besucher nach Linsengericht. \u201eMein Vater hat auch einige F\u00fchrungen gemacht\u201c, berichtete Ruben Hundhausen. Vor vier Jahren musste der Weg wegen Arbeiten im Wald schon einmal abgebaut werden. \u201eDen Wiederaufbau haben wir gerade so mit Familie und Freunden hinbekommen.\u201c Nun gestalte sich dies allerdings schwieriger. Volkmar Hundhausen ist mittlerweile \u00fcber 80. \u201eAlleine mit der Familie bekommen wir es nicht mehr hin\u201c, wandte sich Ruben Hundhausen an den Eidenges\u00e4\u00dfer Ortsbeirat. Die Besucher wurden sofort hellh\u00f6rig. Erste Hilfsangebote wurden unterbreitet, schlie\u00dflich ist der Kunstweg auch f\u00fcr Spazierg\u00e4nger aus Eidenges\u00e4\u00df, vor allem f\u00fcr Kinder, ein sch\u00f6ner Anlaufpunkt. B\u00fcrgermeister Albert Ungermann (SPD) bot an, mit dem neuen Revierf\u00f6rster Kontakt aufzunehmen. Auch die Gemeinde wolle helfen, dass der Wald am Kunstweg in den kommenden etwa zehn Jahren nicht mehr f\u00fcr F\u00e4ll arbeiten mit Harvestern vorgesehen werden soll. Das w\u00fcrde f\u00fcr planbare Kontinuit\u00e4t sorgen. \u201eWir wissen noch nicht, wann die Arbeiten abgeschlossen werden und wir wieder aufbauen k\u00f6nnen\u201c, sagte Ruben Hundhausen. Wer gerne helfen wolle, k\u00f6nne sich bei ihm unter der E-Mail rulimeihu@gmail.com als hilfsbereit melden. So k\u00f6nnte eine entsprechende Aufbauaktion an einem Samstag geplant werden. Die Helfer w\u00fcrden dann informiert.<\/div>\r\n<\/div>\r\n<div class=\"l7ghb35v kjdc1dyq kmwttqpk gh25dzvf jikcssrz n3t5jt4f\">\r\n<div dir=\"auto\">\u00a0<\/div>\r\n<div dir=\"auto\">Dieser Artikel ist aus der Geldh\u00e4user Neue Zeitung<\/div>\r\n<\/div>\r\n<p>&nbsp;<\/p>\r\n<div dir=\"auto\">\u00a0<\/div>","protected":false},"excerpt":{"rendered":"<p>Ruben Hundhausen bitte im Eidenges\u00e4\u00dfer Ortsbeirat um Unterst\u00fctzung Linsengericht-Eidenges\u00e4\u00df (jol). \u201eWir brauchen Hilfe, um den Kunstweg f\u00fcr die Zukunft zu erhalten\u201c, wandte sich Ruben Hundhausen (BGL) am Donnerstagabend an den Eidenges\u00e4\u00dfer Ortsbeirat. Aktuell wurden alle Werke abger\u00e4umt, um den Weg f\u00fcr das F\u00e4llen von B\u00e4umen frei zu machen. Der Wiederaufbau werde sich schwierig gestalten. Vor [&hellip;]<\/p>\n","protected":false},"author":2,"featured_media":1753,"comment_status":"closed","ping_status":"closed","sticky":false,"template":"","format":"standard","meta":{"_et_pb_use_builder":"off","_et_pb_old_content":"\"Alle sind wichtig!\u201c \u2013 so prangt es in gro\u00dfen Buchstaben seit einigen Tagen von den in diesen Zeiten fast zwangsl\u00e4ufig als Fotomontage gestalteten Bannern der B\u00fcrgerliste \/ Freie W\u00e4hlergemeinschaft an einigen Stellen im Linsengericht.\r\n\r\n\u201eGemeint sind damit alle B\u00fcrgerinnen und B\u00fcrger aus allen f\u00fcnf Ortsteilen, ob j\u00fcngeren oder betagteren Alters, ob \u201eUreinwohner\u201c oder zugezogen und ob mit oder ohne Migrationshintergrund\u201c, so BGL\/FWG-Vorsitzender Heinz Breitenbach, der nachschiebt: \u201eDenn es spricht uns aus der tiefsten Seele: Wir wollen Linsengericht bewegen und dabei alle mitnehmen.\u201c\r\n\r\nDie Kandidatenliste und formell n\u00f6tigen Unterlagen wurden nach dem Beschluss in der Jahreshauptversammlung der B\u00fcrgerliste Ende November durch Schriftf\u00fchrer Prof. Dr. Matthias Rohde, den Vorsitzenden Heinz Breitenbach und Pressewart Sebastian Dein zusammengestellt, danach die Unterschriften aller Kandidatinnen und Kandidaten eingeholt und das Gesamtwerk fristgerecht bei der Wahlleitung der Gemeinde Linsengericht eingereicht und von dort nach entsprechender Pr\u00fcfung genehmigt.\r\n\r\nParallel dazu begannen im B\u00fcrgerlisten-Vorstand die weiteren Wahlvorbereitungen, nachdem man bereits im Herbst eine Brosch\u00fcre mit dem Titel \u201eWir informieren!\u201c zu aktuellen Themen der derzeit noch laufenden Legislaturperiode gestaltet und an alle Haushalte verteilt hatte.\r\n\r\n\u201eDa der Wahlkampf in diesem Jahr aufgrund der Corona-Thematik anders ablaufen wird und keine Veranstaltungen m\u00f6glich sind, werden die digitalen Medien wie unsere mit Kurzvideos und vielen weiteren Informationen gespickte Facebookseite st\u00e4rker in den Vordergrund treten\u201c, so Beisitzer Ruben Hundhausen, der bei den heimischen Freien W\u00e4hlern f\u00fcr diese Pr\u00e4senz verantwortlich ist.\r\n\r\n\u201eDoch auch die oben erw\u00e4hnten Banner mit den ersten 15 Kandidatinnen und Kandidaten f\u00fcr die Gemeindevertretung sind, wie demn\u00e4chst auch Plakate mit unseren aus den 5 Ortsteilen kommenden 5 Spitzenkandidaten, zum Einsatz gekommen. Unsere Grunds\u00e4tze und Ziele f\u00fcr unsere Heimatgemeinde werden in einer achtseitigen Brosch\u00fcre, die aktuell im Druck ist und demn\u00e4chst verteilt wird, zusammengefasst und mit Bildern gestaltet. Auch die Kandidatinnen und Kandidaten f\u00fcr die Gemeindevertretung, die Ortsbeir\u00e4te und den Kreistag finden sich darin noch einmal \u00fcbersichtlich angeordnet\u201c, erg\u00e4nzt Pressewart und Webmaster Sebastian Dein.\r\n\r\n\u201eWir sind seit Jahrzehnten mit viel Herzblut ganzj\u00e4hrig f\u00fcr Linsengericht unterwegs und das nicht nur vor einer anstehenden Wahl. Das l\u00e4sst sich auf der ehrenamtlich gepflegten Homepage <a href=\"http:\/\/www.buergerliste-linsengericht.de\">www.buergerliste-linsengericht.de<\/a> und Facebookseite der BGL\/FWG mit am besten ablesen - beispielsweise im Pressebereich - wo man sich in Ruhe \u00fcber unser Engagement, unsere Aktivit\u00e4ten sowie \u00fcber unsere Antr\u00e4ge in der Gemeindevertretung informieren kann. Nun geht es um die Stimme der B\u00fcrgerinnen und B\u00fcrger f\u00fcr den Ortsbeirat Ihres Heimatortes, die Linsengerichter Gemeindevertretung und den Kreistag des Main-Kinzig-Kreises. Alle sollten also von Ihrem Wahlrecht am 14. M\u00e4rz Gebrauch machen und es entweder vorher ganz bequem per Briefwahl einsetzen (der Link findet sich auf der Startseite unserer Homepage) oder wie gewohnt am Wahltag im \u00f6rtlichen Wahllokal mit einem entsprechenden Hygienekonzept der Gemeinde\u201c, so Heinz Breitenbach abschlie\u00dfend.\r\n\r\n<img class=\"alignnone wp-image-1456 size-full\" src=\"https:\/\/www.buergerliste-linsengericht.de\/wp-content\/uploads\/2021\/01\/Banner_Bild-1.bmp\" alt=\"\" width=\"1518\" height=\"843\">\r\n\r\nvon links: Fritz Weimar und Heinz Breitenbach","_et_gb_content_width":"","footnotes":""},"categories":[20],"tags":[22,21],"class_list":["post-1752","post","type-post","status-publish","format-standard","has-post-thumbnail","hentry","category-presse-2022","tag-luetzelhausen","tag-weinberg-2"],"_links":{"self":[{"href":"https:\/\/www.buergerliste-linsengericht.de\/index.php\/wp-json\/wp\/v2\/posts\/1752","targetHints":{"allow":["GET"]}}],"collection":[{"href":"https:\/\/www.buergerliste-linsengericht.de\/index.php\/wp-json\/wp\/v2\/posts"}],"about":[{"href":"https:\/\/www.buergerliste-linsengericht.de\/index.php\/wp-json\/wp\/v2\/types\/post"}],"author":[{"embeddable":true,"href":"https:\/\/www.buergerliste-linsengericht.de\/index.php\/wp-json\/wp\/v2\/users\/2"}],"replies":[{"embeddable":true,"href":"https:\/\/www.buergerliste-linsengericht.de\/index.php\/wp-json\/wp\/v2\/comments?post=1752"}],"version-history":[{"count":2,"href":"https:\/\/www.buergerliste-linsengericht.de\/index.php\/wp-json\/wp\/v2\/posts\/1752\/revisions"}],"predecessor-version":[{"id":1896,"href":"https:\/\/www.buergerliste-linsengericht.de\/index.php\/wp-json\/wp\/v2\/posts\/1752\/revisions\/1896"}],"wp:featuredmedia":[{"embeddable":true,"href":"https:\/\/www.buergerliste-linsengericht.de\/index.php\/wp-json\/wp\/v2\/media\/1753"}],"wp:attachment":[{"href":"https:\/\/www.buergerliste-linsengericht.de\/index.php\/wp-json\/wp\/v2\/media?parent=1752"}],"wp:term":[{"taxonomy":"category","embeddable":true,"href":"https:\/\/www.buergerliste-linsengericht.de\/index.php\/wp-json\/wp\/v2\/categories?post=1752"},{"taxonomy":"post_tag","embeddable":true,"href":"https:\/\/www.buergerliste-linsengericht.de\/index.php\/wp-json\/wp\/v2\/tags?post=1752"}],"curies":[{"name":"wp","href":"https:\/\/api.w.org\/{rel}","templated":true}]}}