{"id":1690,"date":"2022-06-06T20:30:29","date_gmt":"2022-06-06T18:30:29","guid":{"rendered":"https:\/\/www.buergerliste-linsengericht.de\/?p=1690"},"modified":"2025-04-18T18:49:49","modified_gmt":"2025-04-18T16:49:49","slug":"der-entwurf-der-satzaenderung-zur-benutzung-der-kindertagesstaetten-der-gemeinde-linsengericht-wird-neu-gefasst","status":"publish","type":"post","link":"https:\/\/www.buergerliste-linsengericht.de\/index.php\/2022\/06\/06\/der-entwurf-der-satzaenderung-zur-benutzung-der-kindertagesstaetten-der-gemeinde-linsengericht-wird-neu-gefasst\/","title":{"rendered":"Der Entwurf der Satz\u00e4nderung zur Benutzung der Kindertagesst\u00e4tten der Gemeinde Linsengericht wird neu gefasst"},"content":{"rendered":"<p>Die Neufassung der Satzung zur Benutzung der Kindertagesst\u00e4tten der Gemeinde Linsengericht war der Tagesordnungspunkt der Sitzung des Ausschusses f\u00fcr Soziales, Kultur, Jugend, Sport und Senioren am Donnerstag vergangener Woche, der f\u00fcr ein starkes Interesse der betroffenen Eltern sorgte.<\/p>\n<p>Das Thema der \u00d6ffnungszeiten w\u00e4hrend der gesetzlich festgelegten Sommerferien in Hessen besch\u00e4ftigt die Gremien der Gemeinde Linsengericht und die Elternbeir\u00e4te der Kindertagesst\u00e4tten schon einige Jahre. Der nun vom Gemeindevorstand vorgelegte Entwurf, der ab den Sommerferien 2023 gelten soll, sieht eine Schlie\u00dfung der kommunalen Kindertageseinrichtungen einheitlich von Beginn der 4. Ferienwoche bis einschlie\u00dflich Ende der 6. Ferienwoche vor.<\/p>\n<p>Diese Neuregelung wird von den Elternbeir\u00e4ten der Kindertagesst\u00e4tten in Linsengericht als die schlechteste L\u00f6sung angesehen. Von Seiten der Eltern wird eine Sommerferienregelung gew\u00fcnscht, die eine m\u00f6glichst hohe Flexibilit\u00e4t beinhaltet.<\/p>\n<p>Um eine fraktions\u00fcbergreifende den W\u00fcnschen der Eltern nahekommende Entscheidung zu treffen, trafen sich Fraktionsvertreter von SPD, BGL\/FWG, CDU und B\u00fcndnis90\/Die Gr\u00fcnen der Linsengerichter Gemeindevertretung vor der Ausschusssitzung zu einem Meinungsaustausch. Die Zielsetzung eine f\u00fcr alle Beteiligten tragf\u00e4hige L\u00f6sung zu finden wurde am Ende der Diskussion erreicht.<\/p>\n<p>Die Schlie\u00dfzeiten analog an die der beiden F\u00f6rdervereine der Grundschulen Hasela-Schule und Geisbergschule anzupassen wurde von allen Fraktionssprechern zum Ausdruck gebracht. Eine entsprechende neue Satzungsvorlage soll in der n\u00e4chsten Sitzung des Ausschusses Soziales, Kultur, Jugend, Sport und Senioren am 22. Juni 2022 der Gemeindevertretung Linsengericht empfohlen werden.<\/p>\n<p>Die B\u00fcrgerliste\/FWG Linsengericht freut sich, dass der von den Elternbeir\u00e4ten in Linsengericht angeregte Meinungsaustausch, zu einem nun erfolgreichen Abschluss des Themas Schlie\u00dfzeiten in den Sommerferien gef\u00fchrt hat, so der Fraktionsvorsitzende Heinz Breitenbach und seine Stellvertreterin Nicole Dein bzw. sein Stellvertreter Ruben Hundhausen, die an der Diskussion teilgenommen haben.<\/p>\n<p><img loading=\"lazy\" decoding=\"async\" class=\"alignnone wp-image-1691 size-medium\" src=\"https:\/\/www.buergerliste-linsengericht.de\/wp-content\/uploads\/2022\/06\/LOGO-Buergerliste-FW-Linsengericht--300x300.jpeg\" alt=\"\" width=\"300\" height=\"300\" \/><\/p>\n<p>Bild zeigt das Logo der B\u00fcrgerliste \/ Freie W\u00e4hlergemeinschaft Linsengericht<\/p>\n","protected":false},"excerpt":{"rendered":"<p>Die Neufassung der Satzung zur Benutzung der Kindertagesst\u00e4tten der Gemeinde Linsengericht war der Tagesordnungspunkt der Sitzung des Ausschusses f\u00fcr Soziales, Kultur, Jugend, Sport und Senioren am Donnerstag vergangener Woche, der f\u00fcr ein starkes Interesse der betroffenen Eltern sorgte. Das Thema der \u00d6ffnungszeiten w\u00e4hrend der gesetzlich festgelegten Sommerferien in Hessen besch\u00e4ftigt die Gremien der Gemeinde Linsengericht [&hellip;]<\/p>\n","protected":false},"author":3,"featured_media":1691,"comment_status":"closed","ping_status":"closed","sticky":false,"template":"","format":"standard","meta":{"_et_pb_use_builder":"off","_et_pb_old_content":"\"Alle sind wichtig!\u201c \u2013 so prangt es in gro\u00dfen Buchstaben seit einigen Tagen von den in diesen Zeiten fast zwangsl\u00e4ufig als Fotomontage gestalteten Bannern der B\u00fcrgerliste \/ Freie W\u00e4hlergemeinschaft an einigen Stellen im Linsengericht.\r\n\r\n\u201eGemeint sind damit alle B\u00fcrgerinnen und B\u00fcrger aus allen f\u00fcnf Ortsteilen, ob j\u00fcngeren oder betagteren Alters, ob \u201eUreinwohner\u201c oder zugezogen und ob mit oder ohne Migrationshintergrund\u201c, so BGL\/FWG-Vorsitzender Heinz Breitenbach, der nachschiebt: \u201eDenn es spricht uns aus der tiefsten Seele: Wir wollen Linsengericht bewegen und dabei alle mitnehmen.\u201c\r\n\r\nDie Kandidatenliste und formell n\u00f6tigen Unterlagen wurden nach dem Beschluss in der Jahreshauptversammlung der B\u00fcrgerliste Ende November durch Schriftf\u00fchrer Prof. Dr. Matthias Rohde, den Vorsitzenden Heinz Breitenbach und Pressewart Sebastian Dein zusammengestellt, danach die Unterschriften aller Kandidatinnen und Kandidaten eingeholt und das Gesamtwerk fristgerecht bei der Wahlleitung der Gemeinde Linsengericht eingereicht und von dort nach entsprechender Pr\u00fcfung genehmigt.\r\n\r\nParallel dazu begannen im B\u00fcrgerlisten-Vorstand die weiteren Wahlvorbereitungen, nachdem man bereits im Herbst eine Brosch\u00fcre mit dem Titel \u201eWir informieren!\u201c zu aktuellen Themen der derzeit noch laufenden Legislaturperiode gestaltet und an alle Haushalte verteilt hatte.\r\n\r\n\u201eDa der Wahlkampf in diesem Jahr aufgrund der Corona-Thematik anders ablaufen wird und keine Veranstaltungen m\u00f6glich sind, werden die digitalen Medien wie unsere mit Kurzvideos und vielen weiteren Informationen gespickte Facebookseite st\u00e4rker in den Vordergrund treten\u201c, so Beisitzer Ruben Hundhausen, der bei den heimischen Freien W\u00e4hlern f\u00fcr diese Pr\u00e4senz verantwortlich ist.\r\n\r\n\u201eDoch auch die oben erw\u00e4hnten Banner mit den ersten 15 Kandidatinnen und Kandidaten f\u00fcr die Gemeindevertretung sind, wie demn\u00e4chst auch Plakate mit unseren aus den 5 Ortsteilen kommenden 5 Spitzenkandidaten, zum Einsatz gekommen. Unsere Grunds\u00e4tze und Ziele f\u00fcr unsere Heimatgemeinde werden in einer achtseitigen Brosch\u00fcre, die aktuell im Druck ist und demn\u00e4chst verteilt wird, zusammengefasst und mit Bildern gestaltet. Auch die Kandidatinnen und Kandidaten f\u00fcr die Gemeindevertretung, die Ortsbeir\u00e4te und den Kreistag finden sich darin noch einmal \u00fcbersichtlich angeordnet\u201c, erg\u00e4nzt Pressewart und Webmaster Sebastian Dein.\r\n\r\n\u201eWir sind seit Jahrzehnten mit viel Herzblut ganzj\u00e4hrig f\u00fcr Linsengericht unterwegs und das nicht nur vor einer anstehenden Wahl. Das l\u00e4sst sich auf der ehrenamtlich gepflegten Homepage <a href=\"http:\/\/www.buergerliste-linsengericht.de\">www.buergerliste-linsengericht.de<\/a> und Facebookseite der BGL\/FWG mit am besten ablesen - beispielsweise im Pressebereich - wo man sich in Ruhe \u00fcber unser Engagement, unsere Aktivit\u00e4ten sowie \u00fcber unsere Antr\u00e4ge in der Gemeindevertretung informieren kann. Nun geht es um die Stimme der B\u00fcrgerinnen und B\u00fcrger f\u00fcr den Ortsbeirat Ihres Heimatortes, die Linsengerichter Gemeindevertretung und den Kreistag des Main-Kinzig-Kreises. Alle sollten also von Ihrem Wahlrecht am 14. M\u00e4rz Gebrauch machen und es entweder vorher ganz bequem per Briefwahl einsetzen (der Link findet sich auf der Startseite unserer Homepage) oder wie gewohnt am Wahltag im \u00f6rtlichen Wahllokal mit einem entsprechenden Hygienekonzept der Gemeinde\u201c, so Heinz Breitenbach abschlie\u00dfend.\r\n\r\n<img class=\"alignnone wp-image-1456 size-full\" src=\"https:\/\/www.buergerliste-linsengericht.de\/wp-content\/uploads\/2021\/01\/Banner_Bild-1.bmp\" alt=\"\" width=\"1518\" height=\"843\">\r\n\r\nvon links: Fritz Weimar und Heinz Breitenbach","_et_gb_content_width":"","footnotes":""},"categories":[20],"tags":[],"class_list":["post-1690","post","type-post","status-publish","format-standard","has-post-thumbnail","hentry","category-presse-2022"],"_links":{"self":[{"href":"https:\/\/www.buergerliste-linsengericht.de\/index.php\/wp-json\/wp\/v2\/posts\/1690","targetHints":{"allow":["GET"]}}],"collection":[{"href":"https:\/\/www.buergerliste-linsengericht.de\/index.php\/wp-json\/wp\/v2\/posts"}],"about":[{"href":"https:\/\/www.buergerliste-linsengericht.de\/index.php\/wp-json\/wp\/v2\/types\/post"}],"author":[{"embeddable":true,"href":"https:\/\/www.buergerliste-linsengericht.de\/index.php\/wp-json\/wp\/v2\/users\/3"}],"replies":[{"embeddable":true,"href":"https:\/\/www.buergerliste-linsengericht.de\/index.php\/wp-json\/wp\/v2\/comments?post=1690"}],"version-history":[{"count":1,"href":"https:\/\/www.buergerliste-linsengericht.de\/index.php\/wp-json\/wp\/v2\/posts\/1690\/revisions"}],"predecessor-version":[{"id":1692,"href":"https:\/\/www.buergerliste-linsengericht.de\/index.php\/wp-json\/wp\/v2\/posts\/1690\/revisions\/1692"}],"wp:featuredmedia":[{"embeddable":true,"href":"https:\/\/www.buergerliste-linsengericht.de\/index.php\/wp-json\/wp\/v2\/media\/1691"}],"wp:attachment":[{"href":"https:\/\/www.buergerliste-linsengericht.de\/index.php\/wp-json\/wp\/v2\/media?parent=1690"}],"wp:term":[{"taxonomy":"category","embeddable":true,"href":"https:\/\/www.buergerliste-linsengericht.de\/index.php\/wp-json\/wp\/v2\/categories?post=1690"},{"taxonomy":"post_tag","embeddable":true,"href":"https:\/\/www.buergerliste-linsengericht.de\/index.php\/wp-json\/wp\/v2\/tags?post=1690"}],"curies":[{"name":"wp","href":"https:\/\/api.w.org\/{rel}","templated":true}]}}