{"id":1679,"date":"2022-04-27T20:38:39","date_gmt":"2022-04-27T18:38:39","guid":{"rendered":"https:\/\/www.buergerliste-linsengericht.de\/?p=1679"},"modified":"2025-04-18T18:48:56","modified_gmt":"2025-04-18T16:48:56","slug":"buergerliste-freie-waehlergemeinschaft-fiebert-glasfaserausbau-entgegen","status":"publish","type":"post","link":"https:\/\/www.buergerliste-linsengericht.de\/index.php\/2022\/04\/27\/buergerliste-freie-waehlergemeinschaft-fiebert-glasfaserausbau-entgegen\/","title":{"rendered":"B\u00fcrgerliste\/Freie W\u00e4hlergemeinschaft fiebert Glasfaserausbau entgegen"},"content":{"rendered":"<p>Die B\u00fcrgerliste\/Freie W\u00e4hlergemeinschaft freut sich \u00fcber den baldigen Glasfaserausbau in L\u00fctzelhausen.<\/p>\n<p>\u201eWir freuen uns, dass es jetzt bald losgeht und hoffen, dass alle Hauseigent\u00fcmer sich einen Anschluss legen lassen\u201c, so die beiden L\u00fctzelh\u00e4user Gemeindevertreter der B\u00fcrgerliste, Ruben Hundhausen und Klaus Balzer.<\/p>\n<p>&#8222;Der kostenlose Glasfaseranschluss kann seit einigen Tagen auf der Seite der Breitband Main-Kinzig GmbH beantragt werden. Wer erst nach Abschluss der Verlegung des Glasfaserkabels in seiner Stra\u00dfe den Anschluss beantragt, muss nach Auskunft der Breitband Main-Kinzig GmbH dann mit Anschlusskosten zwischen drei- und f\u00fcnftausend Euro rechnen. Profitieren von diesem Angebot werden alle L\u00fctzelh\u00e4user Mitb\u00fcrgerinnen und Mitb\u00fcrger\u201c, so der Fraktionsvorsitzende der B\u00fcrgerliste\/FWG Linsengericht, Heinz Breitenbach. Ausgebaut werde \u00fcberall dort, wo bislang noch kein gigabitf\u00e4higer Anschluss m\u00f6glich gewesen sei, also wo aktuell weder Glasfaser noch Kabelanschluss liegen.<\/p>\n<p>Breitenbach: &#8222;Ein bundesweit einzigartiges Projekt in unserem Landkreis Main-Kinzig. Da der Main-Kinzig-Kreis und die Breitband Main-Kinzig ausbauen, werden die Menschen in L\u00fctzelhausen mehrere Vorteile nutzen k\u00f6nnen: Dank der F\u00f6rdergelder von Land und Bund ist der Ausbau kostenlos. Das gibt es bei den privaten Anbietern nicht. 2. Au\u00dferdem m\u00fcssen die L\u00fctzelh\u00e4userinnen und L\u00fctzelh\u00e4user auch keinen Internetvertrag abschlie\u00dfen, um das Glasfaserkabel gelegt zu bekommen. Die Gemeinde Linsengericht profitiert ebenfalls, wenn Breitband Main-Kinzig ausbaut, denn das Netz geh\u00f6rt dann keinem Privatanbieter, sondern dem Landkreis. Und deshalb k\u00f6nnen die B\u00fcrgerinnen und B\u00fcrger sp\u00e4ter auch frei entscheiden, welchen Internetanbieter sie nutzen wollen.&#8220;<\/p>\n<p><a href=\"https:\/\/www.buergerliste-linsengericht.de\/wp-content\/uploads\/2022\/04\/Bild.bmp\"><img loading=\"lazy\" decoding=\"async\" class=\"alignnone size-full wp-image-1680\" src=\"https:\/\/www.buergerliste-linsengericht.de\/wp-content\/uploads\/2022\/04\/Bild.bmp\" alt=\"\" width=\"483\" height=\"281\" \/><\/a><\/p>\n<p>Bild von links: Ruben Hundhausen, Heinz Breitenbach und Klaus Balzer.<\/p>\n","protected":false},"excerpt":{"rendered":"<p>Die B\u00fcrgerliste\/Freie W\u00e4hlergemeinschaft freut sich \u00fcber den baldigen Glasfaserausbau in L\u00fctzelhausen. \u201eWir freuen uns, dass es jetzt bald losgeht und hoffen, dass alle Hauseigent\u00fcmer sich einen Anschluss legen lassen\u201c, so die beiden L\u00fctzelh\u00e4user Gemeindevertreter der B\u00fcrgerliste, Ruben Hundhausen und Klaus Balzer. &#8222;Der kostenlose Glasfaseranschluss kann seit einigen Tagen auf der Seite der Breitband Main-Kinzig GmbH [&hellip;]<\/p>\n","protected":false},"author":3,"featured_media":1680,"comment_status":"closed","ping_status":"closed","sticky":false,"template":"","format":"standard","meta":{"_et_pb_use_builder":"off","_et_pb_old_content":"\"Alle sind wichtig!\u201c \u2013 so prangt es in gro\u00dfen Buchstaben seit einigen Tagen von den in diesen Zeiten fast zwangsl\u00e4ufig als Fotomontage gestalteten Bannern der B\u00fcrgerliste \/ Freie W\u00e4hlergemeinschaft an einigen Stellen im Linsengericht.\r\n\r\n\u201eGemeint sind damit alle B\u00fcrgerinnen und B\u00fcrger aus allen f\u00fcnf Ortsteilen, ob j\u00fcngeren oder betagteren Alters, ob \u201eUreinwohner\u201c oder zugezogen und ob mit oder ohne Migrationshintergrund\u201c, so BGL\/FWG-Vorsitzender Heinz Breitenbach, der nachschiebt: \u201eDenn es spricht uns aus der tiefsten Seele: Wir wollen Linsengericht bewegen und dabei alle mitnehmen.\u201c\r\n\r\nDie Kandidatenliste und formell n\u00f6tigen Unterlagen wurden nach dem Beschluss in der Jahreshauptversammlung der B\u00fcrgerliste Ende November durch Schriftf\u00fchrer Prof. Dr. Matthias Rohde, den Vorsitzenden Heinz Breitenbach und Pressewart Sebastian Dein zusammengestellt, danach die Unterschriften aller Kandidatinnen und Kandidaten eingeholt und das Gesamtwerk fristgerecht bei der Wahlleitung der Gemeinde Linsengericht eingereicht und von dort nach entsprechender Pr\u00fcfung genehmigt.\r\n\r\nParallel dazu begannen im B\u00fcrgerlisten-Vorstand die weiteren Wahlvorbereitungen, nachdem man bereits im Herbst eine Brosch\u00fcre mit dem Titel \u201eWir informieren!\u201c zu aktuellen Themen der derzeit noch laufenden Legislaturperiode gestaltet und an alle Haushalte verteilt hatte.\r\n\r\n\u201eDa der Wahlkampf in diesem Jahr aufgrund der Corona-Thematik anders ablaufen wird und keine Veranstaltungen m\u00f6glich sind, werden die digitalen Medien wie unsere mit Kurzvideos und vielen weiteren Informationen gespickte Facebookseite st\u00e4rker in den Vordergrund treten\u201c, so Beisitzer Ruben Hundhausen, der bei den heimischen Freien W\u00e4hlern f\u00fcr diese Pr\u00e4senz verantwortlich ist.\r\n\r\n\u201eDoch auch die oben erw\u00e4hnten Banner mit den ersten 15 Kandidatinnen und Kandidaten f\u00fcr die Gemeindevertretung sind, wie demn\u00e4chst auch Plakate mit unseren aus den 5 Ortsteilen kommenden 5 Spitzenkandidaten, zum Einsatz gekommen. Unsere Grunds\u00e4tze und Ziele f\u00fcr unsere Heimatgemeinde werden in einer achtseitigen Brosch\u00fcre, die aktuell im Druck ist und demn\u00e4chst verteilt wird, zusammengefasst und mit Bildern gestaltet. Auch die Kandidatinnen und Kandidaten f\u00fcr die Gemeindevertretung, die Ortsbeir\u00e4te und den Kreistag finden sich darin noch einmal \u00fcbersichtlich angeordnet\u201c, erg\u00e4nzt Pressewart und Webmaster Sebastian Dein.\r\n\r\n\u201eWir sind seit Jahrzehnten mit viel Herzblut ganzj\u00e4hrig f\u00fcr Linsengericht unterwegs und das nicht nur vor einer anstehenden Wahl. Das l\u00e4sst sich auf der ehrenamtlich gepflegten Homepage <a href=\"http:\/\/www.buergerliste-linsengericht.de\">www.buergerliste-linsengericht.de<\/a> und Facebookseite der BGL\/FWG mit am besten ablesen - beispielsweise im Pressebereich - wo man sich in Ruhe \u00fcber unser Engagement, unsere Aktivit\u00e4ten sowie \u00fcber unsere Antr\u00e4ge in der Gemeindevertretung informieren kann. Nun geht es um die Stimme der B\u00fcrgerinnen und B\u00fcrger f\u00fcr den Ortsbeirat Ihres Heimatortes, die Linsengerichter Gemeindevertretung und den Kreistag des Main-Kinzig-Kreises. Alle sollten also von Ihrem Wahlrecht am 14. M\u00e4rz Gebrauch machen und es entweder vorher ganz bequem per Briefwahl einsetzen (der Link findet sich auf der Startseite unserer Homepage) oder wie gewohnt am Wahltag im \u00f6rtlichen Wahllokal mit einem entsprechenden Hygienekonzept der Gemeinde\u201c, so Heinz Breitenbach abschlie\u00dfend.\r\n\r\n<img class=\"alignnone wp-image-1456 size-full\" src=\"https:\/\/www.buergerliste-linsengericht.de\/wp-content\/uploads\/2021\/01\/Banner_Bild-1.bmp\" alt=\"\" width=\"1518\" height=\"843\">\r\n\r\nvon links: Fritz Weimar und Heinz Breitenbach","_et_gb_content_width":"","footnotes":""},"categories":[20],"tags":[],"class_list":["post-1679","post","type-post","status-publish","format-standard","has-post-thumbnail","hentry","category-presse-2022"],"_links":{"self":[{"href":"https:\/\/www.buergerliste-linsengericht.de\/index.php\/wp-json\/wp\/v2\/posts\/1679","targetHints":{"allow":["GET"]}}],"collection":[{"href":"https:\/\/www.buergerliste-linsengericht.de\/index.php\/wp-json\/wp\/v2\/posts"}],"about":[{"href":"https:\/\/www.buergerliste-linsengericht.de\/index.php\/wp-json\/wp\/v2\/types\/post"}],"author":[{"embeddable":true,"href":"https:\/\/www.buergerliste-linsengericht.de\/index.php\/wp-json\/wp\/v2\/users\/3"}],"replies":[{"embeddable":true,"href":"https:\/\/www.buergerliste-linsengericht.de\/index.php\/wp-json\/wp\/v2\/comments?post=1679"}],"version-history":[{"count":1,"href":"https:\/\/www.buergerliste-linsengericht.de\/index.php\/wp-json\/wp\/v2\/posts\/1679\/revisions"}],"predecessor-version":[{"id":1681,"href":"https:\/\/www.buergerliste-linsengericht.de\/index.php\/wp-json\/wp\/v2\/posts\/1679\/revisions\/1681"}],"wp:featuredmedia":[{"embeddable":true,"href":"https:\/\/www.buergerliste-linsengericht.de\/index.php\/wp-json\/wp\/v2\/media\/1680"}],"wp:attachment":[{"href":"https:\/\/www.buergerliste-linsengericht.de\/index.php\/wp-json\/wp\/v2\/media?parent=1679"}],"wp:term":[{"taxonomy":"category","embeddable":true,"href":"https:\/\/www.buergerliste-linsengericht.de\/index.php\/wp-json\/wp\/v2\/categories?post=1679"},{"taxonomy":"post_tag","embeddable":true,"href":"https:\/\/www.buergerliste-linsengericht.de\/index.php\/wp-json\/wp\/v2\/tags?post=1679"}],"curies":[{"name":"wp","href":"https:\/\/api.w.org\/{rel}","templated":true}]}}