{"id":1659,"date":"2022-02-08T10:38:08","date_gmt":"2022-02-08T09:38:08","guid":{"rendered":"https:\/\/www.buergerliste-linsengericht.de\/?p=1659"},"modified":"2025-04-18T18:47:35","modified_gmt":"2025-04-18T16:47:35","slug":"buergerliste-linsengerichtzufahrt-zum-hufeisen-sanieren-und-anlage-einer-eichenkultur-im-gerichtswald","status":"publish","type":"post","link":"https:\/\/www.buergerliste-linsengericht.de\/index.php\/2022\/02\/08\/buergerliste-linsengerichtzufahrt-zum-hufeisen-sanieren-und-anlage-einer-eichenkultur-im-gerichtswald\/","title":{"rendered":"B\u00fcrgerliste Linsengericht:<br>Zufahrt zum Hufeisen sanieren und Anlage einer Eichenkultur im Gerichtswald"},"content":{"rendered":"<p>Bereits im Juli 2016 hatte der Ortsbeirat Gro\u00dfenhausen auf Antrag der BGL \/ FWG Vertreter<br \/>\nim Gremium einstimmig und \u00fcber alle Fraktionsgrenzen hinweg beschlossen, den<br \/>\nZufahrtsweg von der Landesstra\u00dfe 2306 \/ Pfefferberg zum Parkplatz Hufeisen grundhaft zu<br \/>\nerneuern, da er sich in einem sehr schlechten baulichen Zustand befindet.<br \/>\n\u201eLeider wurde dies von den Mehrheitsfraktionen SPD und Gr\u00fcnen sowohl im Doppelhaushalt<br \/>\n2017 \/ 2018, im Doppelhaushalt 2019 \/ 2020 und auch im Haushalt 2021 abgelehnt. Da die<br \/>\nBausubstanz in den letzten f\u00fcnf Jahren trotz kleinerer Ausbesserungsma\u00dfnahmen nicht<br \/>\nbesser geworden ist, m\u00f6chten wir mit unserem erneuten Antrag an die Gemeindevertretung<br \/>\nLinsengericht zum Haushalt 2022 die L\u00f6sung dieses Problems endlich realisieren\u201c, so<br \/>\nB\u00fcrgerlisten-Fraktionsvorsitzender Heinz Breitenbach.<br \/>\n\u201eDa das etwa ein Kilometer lange Wegest\u00fcck zum Parkplatz Hufeisen im Naturpark Spessart<br \/>\nf\u00fchrt, der als Anlaufstation von vielen Radfahrern, Wanderern und Spazierg\u00e4ngern aus der<br \/>\nRegion genutzt wird, gilt es hier insbesondere auch aus Verkehrssicherheitsgr\u00fcnden t\u00e4tig zu<br \/>\nwerden\u201c, erg\u00e4nzt Mark Trageser Mitglied im Ausschuss Umwelt, Agrar, Forst und Tourismus<br \/>\nder Gemeinde Linsengericht.<br \/>\nDie BGL\/FWG Fraktion \u00fcberzeugte sich bei einem Ortstermin der Freien W\u00e4hler<br \/>\nLinsengericht von der Sanierungsbed\u00fcrftigkeit des Waldweges. Nach dem Willen der<br \/>\nB\u00fcrgerliste Linsengericht sollen nun in der Gemeindevertretersitzung am 23. Februar die<br \/>\nentsprechenden Finanzmittel im Haushalt f\u00fcr eine Sanierung 2022 zur Verf\u00fcgung gestellt<br \/>\nwerden.<br \/>\n\u201eMit einem weiteren Antrag wollen wir einen Beitrag zur St\u00e4rkung der Struktur des<br \/>\nBaumbestandes im Gerichtswald durch die Anlage einer Eichenkultur leisten\u201c, so Dirk<br \/>\nSeybold, der ebenfalls Mitglied im Fachausschuss Umwelt, Agrar, Forst und Tourismus ist.<br \/>\nEine nachhaltige Waldbewirtschaftung ist notwendig um die Qualit\u00e4t des Waldes zu erhalten.<br \/>\nNeben der Nachhaltigkeit stehen Stabilit\u00e4t, Anpassungsf\u00e4higkeit, \u00f6kologische und<br \/>\nwirtschaftliche Aspekte im Vordergrund der naturgem\u00e4\u00dfen Waldwirtschaft in unserem Land.<br \/>\nDen Wald als nat\u00fcrliches \u00d6kosystem besonders zu pflegen und bewahren ist eine Aufgabe,<br \/>\ndie sich nicht nur dem Land Hessen als Eigent\u00fcmer des Staatswaldes stellt, auch die<br \/>\nKommunalwald- und Privatwaldbesitzer sind diesem Anspruch verpflichtet.<br \/>\n\u201eDer naturgem\u00e4\u00dfe Waldbau bedeutet nicht nur F\u00f6rderung der nat\u00fcrlichen Verj\u00fcngung,<br \/>\nsondern auch Begr\u00fcndung und F\u00f6rderung von Mischw\u00e4ldern und den Anbau<br \/>\nstandortgerechter Baumarten. Wir wollen mit unserem Vorschlag dazu beitragen, dass der<br \/>\nAnteil der Eichen in unserem Gerichtswald stabil bleibt bzw. ansteigt, damit der Charakter<br \/>\ndes Spessartwaldes erhalten bleibt\u201c, so Gemeindevertreterin Nicole Dein. Die<br \/>\nNaturverj\u00fcngung im Buchenbestand gelingt im Vergleich zu den Eichenbest\u00e4nden eher,<br \/>\ndeshalb ist eine Neuanpflanzung einer Eichenkultur von Zeit zu Zeit notwendig.<\/p>\n<p><img loading=\"lazy\" decoding=\"async\" class=\"aligncenter wp-image-1653 size-medium\" src=\"https:\/\/www.buergerliste-linsengericht.de\/wp-content\/uploads\/2022\/02\/BGL-FWG-Fraktion-am-Hufeisenweg-04.02.2022-1--300x225.jpg\" alt=\"\" width=\"300\" height=\"225\" \/><\/p>\n<p>Bild von links: Mark Trageser, Ruben Hundhausen, Klaus Balzer, Heinz Breitenbach, Dirk Seybold, Nicole und Sebastian Dein<\/p>\n","protected":false},"excerpt":{"rendered":"<p>Bereits im Juli 2016 hatte der Ortsbeirat Gro\u00dfenhausen auf Antrag der BGL \/ FWG Vertreter im Gremium einstimmig und \u00fcber alle Fraktionsgrenzen hinweg beschlossen, den Zufahrtsweg von der Landesstra\u00dfe 2306 \/ Pfefferberg zum Parkplatz Hufeisen grundhaft zu erneuern, da er sich in einem sehr schlechten baulichen Zustand befindet. \u201eLeider wurde dies von den Mehrheitsfraktionen SPD [&hellip;]<\/p>\n","protected":false},"author":2,"featured_media":1653,"comment_status":"closed","ping_status":"closed","sticky":false,"template":"","format":"standard","meta":{"_et_pb_use_builder":"off","_et_pb_old_content":"\"Alle sind wichtig!\u201c \u2013 so prangt es in gro\u00dfen Buchstaben seit einigen Tagen von den in diesen Zeiten fast zwangsl\u00e4ufig als Fotomontage gestalteten Bannern der B\u00fcrgerliste \/ Freie W\u00e4hlergemeinschaft an einigen Stellen im Linsengericht.\r\n\r\n\u201eGemeint sind damit alle B\u00fcrgerinnen und B\u00fcrger aus allen f\u00fcnf Ortsteilen, ob j\u00fcngeren oder betagteren Alters, ob \u201eUreinwohner\u201c oder zugezogen und ob mit oder ohne Migrationshintergrund\u201c, so BGL\/FWG-Vorsitzender Heinz Breitenbach, der nachschiebt: \u201eDenn es spricht uns aus der tiefsten Seele: Wir wollen Linsengericht bewegen und dabei alle mitnehmen.\u201c\r\n\r\nDie Kandidatenliste und formell n\u00f6tigen Unterlagen wurden nach dem Beschluss in der Jahreshauptversammlung der B\u00fcrgerliste Ende November durch Schriftf\u00fchrer Prof. Dr. Matthias Rohde, den Vorsitzenden Heinz Breitenbach und Pressewart Sebastian Dein zusammengestellt, danach die Unterschriften aller Kandidatinnen und Kandidaten eingeholt und das Gesamtwerk fristgerecht bei der Wahlleitung der Gemeinde Linsengericht eingereicht und von dort nach entsprechender Pr\u00fcfung genehmigt.\r\n\r\nParallel dazu begannen im B\u00fcrgerlisten-Vorstand die weiteren Wahlvorbereitungen, nachdem man bereits im Herbst eine Brosch\u00fcre mit dem Titel \u201eWir informieren!\u201c zu aktuellen Themen der derzeit noch laufenden Legislaturperiode gestaltet und an alle Haushalte verteilt hatte.\r\n\r\n\u201eDa der Wahlkampf in diesem Jahr aufgrund der Corona-Thematik anders ablaufen wird und keine Veranstaltungen m\u00f6glich sind, werden die digitalen Medien wie unsere mit Kurzvideos und vielen weiteren Informationen gespickte Facebookseite st\u00e4rker in den Vordergrund treten\u201c, so Beisitzer Ruben Hundhausen, der bei den heimischen Freien W\u00e4hlern f\u00fcr diese Pr\u00e4senz verantwortlich ist.\r\n\r\n\u201eDoch auch die oben erw\u00e4hnten Banner mit den ersten 15 Kandidatinnen und Kandidaten f\u00fcr die Gemeindevertretung sind, wie demn\u00e4chst auch Plakate mit unseren aus den 5 Ortsteilen kommenden 5 Spitzenkandidaten, zum Einsatz gekommen. Unsere Grunds\u00e4tze und Ziele f\u00fcr unsere Heimatgemeinde werden in einer achtseitigen Brosch\u00fcre, die aktuell im Druck ist und demn\u00e4chst verteilt wird, zusammengefasst und mit Bildern gestaltet. Auch die Kandidatinnen und Kandidaten f\u00fcr die Gemeindevertretung, die Ortsbeir\u00e4te und den Kreistag finden sich darin noch einmal \u00fcbersichtlich angeordnet\u201c, erg\u00e4nzt Pressewart und Webmaster Sebastian Dein.\r\n\r\n\u201eWir sind seit Jahrzehnten mit viel Herzblut ganzj\u00e4hrig f\u00fcr Linsengericht unterwegs und das nicht nur vor einer anstehenden Wahl. Das l\u00e4sst sich auf der ehrenamtlich gepflegten Homepage <a href=\"http:\/\/www.buergerliste-linsengericht.de\">www.buergerliste-linsengericht.de<\/a> und Facebookseite der BGL\/FWG mit am besten ablesen - beispielsweise im Pressebereich - wo man sich in Ruhe \u00fcber unser Engagement, unsere Aktivit\u00e4ten sowie \u00fcber unsere Antr\u00e4ge in der Gemeindevertretung informieren kann. Nun geht es um die Stimme der B\u00fcrgerinnen und B\u00fcrger f\u00fcr den Ortsbeirat Ihres Heimatortes, die Linsengerichter Gemeindevertretung und den Kreistag des Main-Kinzig-Kreises. Alle sollten also von Ihrem Wahlrecht am 14. M\u00e4rz Gebrauch machen und es entweder vorher ganz bequem per Briefwahl einsetzen (der Link findet sich auf der Startseite unserer Homepage) oder wie gewohnt am Wahltag im \u00f6rtlichen Wahllokal mit einem entsprechenden Hygienekonzept der Gemeinde\u201c, so Heinz Breitenbach abschlie\u00dfend.\r\n\r\n<img class=\"alignnone wp-image-1456 size-full\" src=\"https:\/\/www.buergerliste-linsengericht.de\/wp-content\/uploads\/2021\/01\/Banner_Bild-1.bmp\" alt=\"\" width=\"1518\" height=\"843\">\r\n\r\nvon links: Fritz Weimar und Heinz Breitenbach","_et_gb_content_width":"","footnotes":""},"categories":[20],"tags":[],"class_list":["post-1659","post","type-post","status-publish","format-standard","has-post-thumbnail","hentry","category-presse-2022"],"_links":{"self":[{"href":"https:\/\/www.buergerliste-linsengericht.de\/index.php\/wp-json\/wp\/v2\/posts\/1659","targetHints":{"allow":["GET"]}}],"collection":[{"href":"https:\/\/www.buergerliste-linsengericht.de\/index.php\/wp-json\/wp\/v2\/posts"}],"about":[{"href":"https:\/\/www.buergerliste-linsengericht.de\/index.php\/wp-json\/wp\/v2\/types\/post"}],"author":[{"embeddable":true,"href":"https:\/\/www.buergerliste-linsengericht.de\/index.php\/wp-json\/wp\/v2\/users\/2"}],"replies":[{"embeddable":true,"href":"https:\/\/www.buergerliste-linsengericht.de\/index.php\/wp-json\/wp\/v2\/comments?post=1659"}],"version-history":[{"count":4,"href":"https:\/\/www.buergerliste-linsengericht.de\/index.php\/wp-json\/wp\/v2\/posts\/1659\/revisions"}],"predecessor-version":[{"id":1893,"href":"https:\/\/www.buergerliste-linsengericht.de\/index.php\/wp-json\/wp\/v2\/posts\/1659\/revisions\/1893"}],"wp:featuredmedia":[{"embeddable":true,"href":"https:\/\/www.buergerliste-linsengericht.de\/index.php\/wp-json\/wp\/v2\/media\/1653"}],"wp:attachment":[{"href":"https:\/\/www.buergerliste-linsengericht.de\/index.php\/wp-json\/wp\/v2\/media?parent=1659"}],"wp:term":[{"taxonomy":"category","embeddable":true,"href":"https:\/\/www.buergerliste-linsengericht.de\/index.php\/wp-json\/wp\/v2\/categories?post=1659"},{"taxonomy":"post_tag","embeddable":true,"href":"https:\/\/www.buergerliste-linsengericht.de\/index.php\/wp-json\/wp\/v2\/tags?post=1659"}],"curies":[{"name":"wp","href":"https:\/\/api.w.org\/{rel}","templated":true}]}}