{"id":1494,"date":"2021-03-29T23:08:51","date_gmt":"2021-03-29T21:08:51","guid":{"rendered":"https:\/\/www.buergerliste-linsengericht.de\/?p=1494"},"modified":"2021-03-29T23:16:19","modified_gmt":"2021-03-29T21:16:19","slug":"neue-fraktion-der-buergerliste-fwg-linsengericht-konstituiert-sich","status":"publish","type":"post","link":"https:\/\/www.buergerliste-linsengericht.de\/index.php\/2021\/03\/29\/neue-fraktion-der-buergerliste-fwg-linsengericht-konstituiert-sich\/","title":{"rendered":"Neue Fraktion der B\u00fcrgerliste\/FWG Linsengericht konstituiert sich"},"content":{"rendered":"\n\n[et_pb_section fb_built=&#8220;1&#8243; admin_label=&#8220;section&#8220; _builder_version=&#8220;3.22&#8243;][et_pb_row admin_label=&#8220;row&#8220; _builder_version=&#8220;4.9.2&#8243; background_size=&#8220;initial&#8220; background_position=&#8220;top_left&#8220; background_repeat=&#8220;repeat&#8220; hover_enabled=&#8220;0&#8243; sticky_enabled=&#8220;0&#8243;][et_pb_column type=&#8220;4_4&#8243; _builder_version=&#8220;3.25&#8243; custom_padding=&#8220;|||&#8220; custom_padding__hover=&#8220;|||&#8220;][et_pb_text admin_label=&#8220;Text&#8220; _builder_version=&#8220;3.27.4&#8243; background_size=&#8220;initial&#8220; background_position=&#8220;top_left&#8220; background_repeat=&#8220;repeat&#8220;]<p>Zu einer internen Aussprache \u00fcber die zur\u00fcckliegende Kommunalwahl trafen sich die nach Ausz\u00e4hlung aller Listenkreuze, sowie kumulierten und panaschierten Stimmen in die neue Linsengerichter Gemeindevertretung gew\u00e4hlten Mitglieder der B\u00fcrgerliste Linsengericht und deren derzeitige Gemeindevorstandsmitglieder k\u00fcrzlich in den R\u00e4umen des Heimat- und Geschichtsvereins in der Altenha\u00dflauer Zehntscheune.<\/p>\n<p>Im Rahmen einer ausf\u00fchrlichen Wahlanalyse der heimischen Freien W\u00e4hler wurde auf die eigenen Wahlkampfma\u00dfnahmen auf Ortsbeirats-, Gemeindevertretungs- und Kreisebene zur\u00fcckgeblickt, wobei das Wahlergebnis unterschiedlich ausgefallen ist. Auf der Gemeindeebene mussten Stimmenverluste hingenommen werden. Dagegen konnten auf Kreisebene beachtliche Zuw\u00e4chse verzeichnet werden.<\/p>\n<p>B\u00fcrgerlisten\/FWG-Vorsitzender Heinz Breitenbach bedankte sich bei allen Kolleginnen und Kollegen, die bei der Vorbereitung der Kommunalwahl 2021 unter pandemiebedingt schwierigen Umst\u00e4nden mitgewirkt haben.<\/p>\n<p>Im Anschluss konstituierte sich die neue sechs Personen starke BGL\/FWG-Fraktion in der Linsengerichter Gemeindevertretung und w\u00e4hlte die Fraktionsspitze. Den Fraktionsvorsitz wird weiterhin Heinz Breitenbach \u00fcbernehmen. Unterst\u00fctzt wird er von den beiden stellvertretenden Fraktionsvorsitzenden Nicole Dein und Ruben Hundhausen.<\/p>\n<p>\u201eAlle drei Wahlen erfolgten in offener Abstimmung einstimmig und wir sind zuversichtlich, mit einem gut gemischten Team aus neuen Kr\u00e4ften und erfahrenen Mandatstr\u00e4gern in die neue Wahlperiode zu starten\u201c, so Heinz Breitenbach. Die konstituierende Gemeindevertretersitzung wird am 22. April stattfinden.<\/p>\n<p>Nach Ostern werde zudem der Vorstand der B\u00fcrgerliste tagen, um \u00fcber das Wahlergebnis zu sprechen und eine eventuelle Mitgliederversammlung im Sommer vorzubereiten, erl\u00e4uterte Breitenbach anschlie\u00dfend.<\/p>[\/et_pb_text][\/et_pb_column][\/et_pb_row][\/et_pb_section][et_pb_section fb_built=&#8220;1&#8243; _builder_version=&#8220;4.9.2&#8243; _module_preset=&#8220;default&#8220;][et_pb_row _builder_version=&#8220;4.9.2&#8243; _module_preset=&#8220;default&#8220;][et_pb_column _builder_version=&#8220;4.9.2&#8243; _module_preset=&#8220;default&#8220; type=&#8220;4_4&#8243;][et_pb_image src=&#8220;https:\/\/www.buergerliste-linsengericht.de\/wp-content\/uploads\/2021\/03\/Konstituierung-neue-Fraktion-scaled.jpg&#8220; _builder_version=&#8220;4.9.2&#8243; _module_preset=&#8220;default&#8220; title_text=&#8220;Konstituierung neue Fraktion&#8220; hover_enabled=&#8220;0&#8243; sticky_enabled=&#8220;0&#8243;][\/et_pb_image][\/et_pb_column][\/et_pb_row][\/et_pb_section][et_pb_section fb_built=&#8220;1&#8243; _builder_version=&#8220;4.9.2&#8243; _module_preset=&#8220;default&#8220;][et_pb_row _builder_version=&#8220;4.9.2&#8243; _module_preset=&#8220;default&#8220;][et_pb_column _builder_version=&#8220;4.9.2&#8243; _module_preset=&#8220;default&#8220; type=&#8220;4_4&#8243;][et_pb_text _builder_version=&#8220;4.9.2&#8243; _module_preset=&#8220;default&#8220; hover_enabled=&#8220;0&#8243; sticky_enabled=&#8220;0&#8243;]<p>Bild von links nach rechts: Klaus Balzer, Heinz Breitenbach, Karlfred Seifert, Nicole Dein, Ruben Hundhausen, Mark Trageser<\/p>[\/et_pb_text][\/et_pb_column][\/et_pb_row][\/et_pb_section]\n\n","protected":false},"excerpt":{"rendered":"<p>Zu einer internen Aussprache \u00fcber die zur\u00fcckliegende Kommunalwahl trafen sich die nach Ausz\u00e4hlung aller Listenkreuze, sowie kumulierten und panaschierten Stimmen in die neue Linsengerichter Gemeindevertretung gew\u00e4hlten Mitglieder der B\u00fcrgerliste Linsengericht und deren derzeitige Gemeindevorstandsmitglieder k\u00fcrzlich in den R\u00e4umen des Heimat- und Geschichtsvereins in der Altenha\u00dflauer Zehntscheune. Im Rahmen einer ausf\u00fchrlichen Wahlanalyse der heimischen Freien W\u00e4hler [&hellip;]<\/p>\n","protected":false},"author":3,"featured_media":1501,"comment_status":"closed","ping_status":"closed","sticky":false,"template":"","format":"standard","meta":{"_et_pb_use_builder":"on","_et_pb_old_content":"\"Alle sind wichtig!\u201c \u2013 so prangt es in gro\u00dfen Buchstaben seit einigen Tagen von den in diesen Zeiten fast zwangsl\u00e4ufig als Fotomontage gestalteten Bannern der B\u00fcrgerliste \/ Freie W\u00e4hlergemeinschaft an einigen Stellen im Linsengericht.\n\n\u201eGemeint sind damit alle B\u00fcrgerinnen und B\u00fcrger aus allen f\u00fcnf Ortsteilen, ob j\u00fcngeren oder betagteren Alters, ob \u201eUreinwohner\u201c oder zugezogen und ob mit oder ohne Migrationshintergrund\u201c, so BGL\/FWG-Vorsitzender Heinz Breitenbach, der nachschiebt: \u201eDenn es spricht uns aus der tiefsten Seele: Wir wollen Linsengericht bewegen und dabei alle mitnehmen.\u201c\n\nDie Kandidatenliste und formell n\u00f6tigen Unterlagen wurden nach dem Beschluss in der Jahreshauptversammlung der B\u00fcrgerliste Ende November durch Schriftf\u00fchrer Prof. Dr. Matthias Rohde, den Vorsitzenden Heinz Breitenbach und Pressewart Sebastian Dein zusammengestellt, danach die Unterschriften aller Kandidatinnen und Kandidaten eingeholt und das Gesamtwerk fristgerecht bei der Wahlleitung der Gemeinde Linsengericht eingereicht und von dort nach entsprechender Pr\u00fcfung genehmigt.\n\nParallel dazu begannen im B\u00fcrgerlisten-Vorstand die weiteren Wahlvorbereitungen, nachdem man bereits im Herbst eine Brosch\u00fcre mit dem Titel \u201eWir informieren!\u201c zu aktuellen Themen der derzeit noch laufenden Legislaturperiode gestaltet und an alle Haushalte verteilt hatte.\n\n\u201eDa der Wahlkampf in diesem Jahr aufgrund der Corona-Thematik anders ablaufen wird und keine Veranstaltungen m\u00f6glich sind, werden die digitalen Medien wie unsere mit Kurzvideos und vielen weiteren Informationen gespickte Facebookseite st\u00e4rker in den Vordergrund treten\u201c, so Beisitzer Ruben Hundhausen, der bei den heimischen Freien W\u00e4hlern f\u00fcr diese Pr\u00e4senz verantwortlich ist.\n\n\u201eDoch auch die oben erw\u00e4hnten Banner mit den ersten 15 Kandidatinnen und Kandidaten f\u00fcr die Gemeindevertretung sind, wie demn\u00e4chst auch Plakate mit unseren aus den 5 Ortsteilen kommenden 5 Spitzenkandidaten, zum Einsatz gekommen. Unsere Grunds\u00e4tze und Ziele f\u00fcr unsere Heimatgemeinde werden in einer achtseitigen Brosch\u00fcre, die aktuell im Druck ist und demn\u00e4chst verteilt wird, zusammengefasst und mit Bildern gestaltet. Auch die Kandidatinnen und Kandidaten f\u00fcr die Gemeindevertretung, die Ortsbeir\u00e4te und den Kreistag finden sich darin noch einmal \u00fcbersichtlich angeordnet\u201c, erg\u00e4nzt Pressewart und Webmaster Sebastian Dein.\n\n\u201eWir sind seit Jahrzehnten mit viel Herzblut ganzj\u00e4hrig f\u00fcr Linsengericht unterwegs und das nicht nur vor einer anstehenden Wahl. Das l\u00e4sst sich auf der ehrenamtlich gepflegten Homepage <a href=\"http:\/\/www.buergerliste-linsengericht.de\">www.buergerliste-linsengericht.de<\/a> und Facebookseite der BGL\/FWG mit am besten ablesen - beispielsweise im Pressebereich - wo man sich in Ruhe \u00fcber unser Engagement, unsere Aktivit\u00e4ten sowie \u00fcber unsere Antr\u00e4ge in der Gemeindevertretung informieren kann. Nun geht es um die Stimme der B\u00fcrgerinnen und B\u00fcrger f\u00fcr den Ortsbeirat Ihres Heimatortes, die Linsengerichter Gemeindevertretung und den Kreistag des Main-Kinzig-Kreises. Alle sollten also von Ihrem Wahlrecht am 14. M\u00e4rz Gebrauch machen und es entweder vorher ganz bequem per Briefwahl einsetzen (der Link findet sich auf der Startseite unserer Homepage) oder wie gewohnt am Wahltag im \u00f6rtlichen Wahllokal mit einem entsprechenden Hygienekonzept der Gemeinde\u201c, so Heinz Breitenbach abschlie\u00dfend.\n\n<img class=\"alignnone wp-image-1456 size-full\" src=\"https:\/\/www.buergerliste-linsengericht.de\/wp-content\/uploads\/2021\/01\/Banner_Bild-1.bmp\" alt=\"\" width=\"1518\" height=\"843\" \/>\n\nvon links: Fritz Weimar und Heinz Breitenbach","_et_gb_content_width":"","footnotes":""},"categories":[16],"tags":[],"class_list":["post-1494","post","type-post","status-publish","format-standard","has-post-thumbnail","hentry","category-presse-2021"],"_links":{"self":[{"href":"https:\/\/www.buergerliste-linsengericht.de\/index.php\/wp-json\/wp\/v2\/posts\/1494","targetHints":{"allow":["GET"]}}],"collection":[{"href":"https:\/\/www.buergerliste-linsengericht.de\/index.php\/wp-json\/wp\/v2\/posts"}],"about":[{"href":"https:\/\/www.buergerliste-linsengericht.de\/index.php\/wp-json\/wp\/v2\/types\/post"}],"author":[{"embeddable":true,"href":"https:\/\/www.buergerliste-linsengericht.de\/index.php\/wp-json\/wp\/v2\/users\/3"}],"replies":[{"embeddable":true,"href":"https:\/\/www.buergerliste-linsengericht.de\/index.php\/wp-json\/wp\/v2\/comments?post=1494"}],"version-history":[{"count":5,"href":"https:\/\/www.buergerliste-linsengericht.de\/index.php\/wp-json\/wp\/v2\/posts\/1494\/revisions"}],"predecessor-version":[{"id":1503,"href":"https:\/\/www.buergerliste-linsengericht.de\/index.php\/wp-json\/wp\/v2\/posts\/1494\/revisions\/1503"}],"wp:featuredmedia":[{"embeddable":true,"href":"https:\/\/www.buergerliste-linsengericht.de\/index.php\/wp-json\/wp\/v2\/media\/1501"}],"wp:attachment":[{"href":"https:\/\/www.buergerliste-linsengericht.de\/index.php\/wp-json\/wp\/v2\/media?parent=1494"}],"wp:term":[{"taxonomy":"category","embeddable":true,"href":"https:\/\/www.buergerliste-linsengericht.de\/index.php\/wp-json\/wp\/v2\/categories?post=1494"},{"taxonomy":"post_tag","embeddable":true,"href":"https:\/\/www.buergerliste-linsengericht.de\/index.php\/wp-json\/wp\/v2\/tags?post=1494"}],"curies":[{"name":"wp","href":"https:\/\/api.w.org\/{rel}","templated":true}]}}